{"id":435715,"date":"2025-10-03T08:22:09","date_gmt":"2025-10-03T08:22:09","guid":{"rendered":"https:\/\/www.europesays.com\/fr\/435715\/"},"modified":"2025-10-03T08:22:09","modified_gmt":"2025-10-03T08:22:09","slug":"cts-plusieurs-lignes-risquent-detre-perturbees-ce-vendredi-en-centre-ville-de-strasbourg-voici-pourquoi","status":"publish","type":"post","link":"https:\/\/www.europesays.com\/fr\/435715\/","title":{"rendered":"CTS. Plusieurs lignes risquent d&rsquo;\u00eatre perturb\u00e9es ce vendredi en centre-ville de Strasbourg : voici pourquoi"},"content":{"rendered":"<p>            Par<br \/>\n        <strong><br \/>\n            <a href=\"https:\/\/actu.fr\/auteur\/ivan-capecchi\" title=\"Consulter tous les articles de Ivan CAPECCHI\" target=\"_blank\" rel=\"noopener\">Ivan CAPECCHI<\/a><br \/>\n        <\/strong><\/p>\n<p>        Publi\u00e9 le<\/p>\n<p>            3 oct. 2025 \u00e0 9h22        <\/p>\n<p>Sur son site, la <a href=\"https:\/\/actu.fr\/tag\/compagnie-des-transports-strasbourgeois-cts\" target=\"_blank\" rel=\"noopener\">CTS<\/a> alerte sur un certain nombre de <strong>perturbations<\/strong> possibles, ce vendredi 3\u00a0octobre 2025, en <strong>centre-ville de Strasbourg<\/strong>. Voici le d\u00e9tail.<\/p>\n<p>Jour f\u00e9ri\u00e9 en Allemagne\u2009: de possibles perturbations sur les bus<\/p>\n<p class=\" wall-content\">D\u2019apr\u00e8s la compagnie, les <strong>lignes de bus G, H, C1, C3, C6, C7, C8, C9, 2, 10, 15, 30, 71, 72, 73, 75, 76<\/strong> pourraient \u00eatre perturb\u00e9es ce vendredi \u00e0 Strasbourg.<\/p>\n<p class=\" wall-content\">En cause\u2009? Le 3\u00a0octobre est un <strong>jour f\u00e9ri\u00e9<\/strong> en <a href=\"https:\/\/actu.fr\/tag\/allemagne\" target=\"_blank\" rel=\"noopener\">Allemagne<\/a>.<\/p>\n<p class=\" wall-content\">\u00ab\u2009De ce fait, <strong>une forte congestion du trafic<\/strong> est \u00e0 pr\u00e9voir au centre-ville de Strasbourg et peut entra\u00eener une perturbation de la circulation des lignes de bus\u2009\u00bb, explique la CTS.<\/p>\n<p class=\" wall-content\">Personnalisez votre actualit\u00e9 en ajoutant vos villes et m\u00e9dias en favori avec <a href=\"https:\/\/moncompte.actu.fr\" title=\"D\u00e9couvez Mon Actu\" rel=\"nofollow noopener\" data-trk=\"{&quot;cta&quot;:{&quot;action&quot;:&quot;https:\\\/\\\/moncompte.actu.fr&quot;,&quot;category&quot;:&quot;mon compte&quot;,&quot;from&quot;:&quot;article footer&quot;,&quot;name&quot;:&quot;Mon actu&quot;,&quot;type&quot;:&quot;cta&quot;}}\" target=\"_blank\">Mon Actu<\/a>.<\/p>\n","protected":false},"excerpt":{"rendered":"Par Ivan CAPECCHI Publi\u00e9 le 3 oct. 2025 \u00e0 9h22 Sur son site, la CTS alerte sur un&hellip;\n","protected":false},"author":2,"featured_media":435716,"comment_status":"","ping_status":"","sticky":false,"template":"","format":"standard","meta":{"footnotes":""},"categories":[2820],"tags":[1111,11,3542,7344,1777,674,1011,27,775,12,25,104,640,2803],"class_list":{"0":"post-435715","1":"post","2":"type-post","3":"status-publish","4":"format-standard","5":"has-post-thumbnail","7":"category-strasbourg","8":"tag-actu","9":"tag-actualites","10":"tag-circulation","11":"tag-compagnie-des-transports-strasbourgeois-cts","12":"tag-eu","13":"tag-europe","14":"tag-fr","15":"tag-france","16":"tag-grand-est","17":"tag-news","18":"tag-republique-francaise","19":"tag-societe","20":"tag-strasbourg","21":"tag-transport"},"share_on_mastodon":{"url":"https:\/\/pubeurope.com\/@fr\/115309271245935267","error":""},"_links":{"self":[{"href":"https:\/\/www.europesays.com\/fr\/wp-json\/wp\/v2\/posts\/435715","targetHints":{"allow":["GET"]}}],"collection":[{"href":"https:\/\/www.europesays.com\/fr\/wp-json\/wp\/v2\/posts"}],"about":[{"href":"https:\/\/www.europesays.com\/fr\/wp-json\/wp\/v2\/types\/post"}],"author":[{"embeddable":true,"href":"https:\/\/www.europesays.com\/fr\/wp-json\/wp\/v2\/users\/2"}],"replies":[{"embeddable":true,"href":"https:\/\/www.europesays.com\/fr\/wp-json\/wp\/v2\/comments?post=435715"}],"version-history":[{"count":0,"href":"https:\/\/www.europesays.com\/fr\/wp-json\/wp\/v2\/posts\/435715\/revisions"}],"wp:featuredmedia":[{"embeddable":true,"href":"https:\/\/www.europesays.com\/fr\/wp-json\/wp\/v2\/media\/435716"}],"wp:attachment":[{"href":"https:\/\/www.europesays.com\/fr\/wp-json\/wp\/v2\/media?parent=435715"}],"wp:term":[{"taxonomy":"category","embeddable":true,"href":"https:\/\/www.europesays.com\/fr\/wp-json\/wp\/v2\/categories?post=435715"},{"taxonomy":"post_tag","embeddable":true,"href":"https:\/\/www.europesays.com\/fr\/wp-json\/wp\/v2\/tags?post=435715"}],"curies":[{"name":"wp","href":"https:\/\/api.w.org\/{rel}","templated":true}]}}