{"id":435724,"date":"2025-10-03T08:27:27","date_gmt":"2025-10-03T08:27:27","guid":{"rendered":"https:\/\/www.europesays.com\/fr\/435724\/"},"modified":"2025-10-03T08:27:27","modified_gmt":"2025-10-03T08:27:27","slug":"previsions-du-vendredi-3-octobre-2025-11","status":"publish","type":"post","link":"https:\/\/www.europesays.com\/fr\/435724\/","title":{"rendered":"pr\u00e9visions du vendredi 3 octobre 2025"},"content":{"rendered":"<p class=\"mb-4 text-lg md:leading-8 break-words\"><strong>M\u00e9t\u00e9o &#8211; Les nuages seront peu \u00e0 peu visibles au fil de la journ\u00e9e. Du mauvais temps est \u00e0 pr\u00e9voir. Des pluies \u00e9parses vont tomber. Les temp\u00e9ratures seront de 17\u00b0C le matin et de 19\u00b0C l&rsquo;apr\u00e8s-midi&#8230;<\/strong><\/p>\n<p class=\"mb-4 text-lg md:leading-8 break-words\">Aujourd&rsquo;hui, des nuages se montreront sur Nantes. Les valeurs seront de 14\u00b0C au minimum et de 20\u00b0C au plus haut. Une brise de sud-ouest soufflera l\u00e9g\u00e8rement. D&rsquo;un autre c\u00f4t\u00e9, la ville profitera de quelques \u00e9claircies le matin. Les temp\u00e9ratures seront comprises entre 15\u00b0C et 19\u00b0C. Le ciel sera toujours couvert l&rsquo;apr\u00e8s-midi avec des nuages. Des pluies \u00e9parses vont tomber. Les valeurs s&rsquo;\u00e9chelonneront entre 18 et 20\u00b0C. Dans la soir\u00e9e, les temp\u00e9ratures tourneront autour des 18\u00b0C. Durant la nuit de vendredi \u00e0 samedi, le ciel sera limpide.<\/p>\n<p class=\"mb-4 text-lg md:leading-8 break-words\">Les nuages en pr\u00e9vision demain, \u00e0 Nantes, et un ciel encore maussade. Une baisse des temp\u00e9ratures est \u00e0 pr\u00e9voir. Il va faire 15\u00b0C en moyenne. Un vent de nord-ouest, atteignant 27 km\/h, soufflera. La grisaille ne se disperse toujours pas, il y aura encore des nuages le matin. Il faudra s&rsquo;attendre \u00e0 des perturbations, les Nantais se retrouveront sous des pluies \u00e9parses. Les temp\u00e9ratures afficheront entre 14 et 18\u00b0C. C&rsquo;est un soleil \u00e9clatant qui va briller demain apr\u00e8s-midi. Les valeurs s&rsquo;\u00e9chelonneront de 16 \u00e0 19\u00b0C. Demain soir, apr\u00e8s un rapide passage nuageux, le vent va peu \u00e0 peu chasser les nuages. Les maximales iront jusqu&rsquo;\u00e0 14\u00b0C et les minimales seront de 12\u00b0C.<\/p>\n<p class=\"mb-4 text-lg md:leading-8 break-words\">Les conditions m\u00e9t\u00e9orologiques des jours qui suivent vont s&rsquo;am\u00e9liorer. Des temp\u00e9ratures dans les 16\u00b0C iront de pair avec un ciel ensoleill\u00e9.<\/p>\n<p class=\"mb-4 text-lg md:leading-8 break-words\"><a href=\"https:\/\/www.20minutes.fr\/planete\/previsions-meteo\/4176856-20251003-meteo-nantes-previsions-vendredi-3-octobre-2025?at_medium=RSS%20feed&amp;at_campaign=ynews&amp;utm_source=yahoo&amp;utm_medium=rss&amp;utm_campaign=news_feed&amp;utm_content=read_more_link&quot;\" rel=\"nofollow noopener\" target=\"_blank\" data-ylk=\"slk:Lire la suite sur 20minutes;elm:context_link;itc:0;sec:content-canvas\" class=\"link \">Lire la suite sur 20minutes<\/a><\/p>\n","protected":false},"excerpt":{"rendered":"M\u00e9t\u00e9o &#8211; Les nuages seront peu \u00e0 peu visibles au fil de la journ\u00e9e. Du mauvais temps est&hellip;\n","protected":false},"author":2,"featured_media":435725,"comment_status":"","ping_status":"","sticky":false,"template":"","format":"standard","meta":{"footnotes":""},"categories":[2818],"tags":[1111,11,1777,674,1011,27,44166,766,12,2636,25],"class_list":{"0":"post-435724","1":"post","2":"type-post","3":"status-publish","4":"format-standard","5":"has-post-thumbnail","7":"category-nantes","8":"tag-actu","9":"tag-actualites","10":"tag-eu","11":"tag-europe","12":"tag-fr","13":"tag-france","14":"tag-le-matin","15":"tag-nantes","16":"tag-news","17":"tag-pays-de-la-loire","18":"tag-republique-francaise"},"share_on_mastodon":{"url":"https:\/\/pubeurope.com\/@fr\/115309290705729757","error":""},"_links":{"self":[{"href":"https:\/\/www.europesays.com\/fr\/wp-json\/wp\/v2\/posts\/435724","targetHints":{"allow":["GET"]}}],"collection":[{"href":"https:\/\/www.europesays.com\/fr\/wp-json\/wp\/v2\/posts"}],"about":[{"href":"https:\/\/www.europesays.com\/fr\/wp-json\/wp\/v2\/types\/post"}],"author":[{"embeddable":true,"href":"https:\/\/www.europesays.com\/fr\/wp-json\/wp\/v2\/users\/2"}],"replies":[{"embeddable":true,"href":"https:\/\/www.europesays.com\/fr\/wp-json\/wp\/v2\/comments?post=435724"}],"version-history":[{"count":0,"href":"https:\/\/www.europesays.com\/fr\/wp-json\/wp\/v2\/posts\/435724\/revisions"}],"wp:featuredmedia":[{"embeddable":true,"href":"https:\/\/www.europesays.com\/fr\/wp-json\/wp\/v2\/media\/435725"}],"wp:attachment":[{"href":"https:\/\/www.europesays.com\/fr\/wp-json\/wp\/v2\/media?parent=435724"}],"wp:term":[{"taxonomy":"category","embeddable":true,"href":"https:\/\/www.europesays.com\/fr\/wp-json\/wp\/v2\/categories?post=435724"},{"taxonomy":"post_tag","embeddable":true,"href":"https:\/\/www.europesays.com\/fr\/wp-json\/wp\/v2\/tags?post=435724"}],"curies":[{"name":"wp","href":"https:\/\/api.w.org\/{rel}","templated":true}]}}