{"id":435733,"date":"2025-10-03T08:32:16","date_gmt":"2025-10-03T08:32:16","guid":{"rendered":"https:\/\/www.europesays.com\/fr\/435733\/"},"modified":"2025-10-03T08:32:16","modified_gmt":"2025-10-03T08:32:16","slug":"steeven-lance-le-food-truck-bobonne-avec-des-recettes-gourmandes-familiales","status":"publish","type":"post","link":"https:\/\/www.europesays.com\/fr\/435733\/","title":{"rendered":"Steeven lance le food-truck Bobonne, avec des recettes gourmandes familiales"},"content":{"rendered":"<p>            Par<br \/>\n        <strong><br \/>\n            <a href=\"https:\/\/actu.fr\/auteur\/amandine-vachez\" title=\"Consulter tous les articles de Amandine Vachez\" rel=\"nofollow noopener\" target=\"_blank\">Amandine Vachez<\/a><br \/>\n        <\/strong><\/p>\n<p>        Publi\u00e9 le<\/p>\n<p>            2 oct. 2025 \u00e0 18h24        <\/p>\n<p>\u00c0 l\u2019automne 2025, <b>Steeven Lefebvre<\/b>, qui a eu plusieurs vies professionnelles, se lance dans une toute nouvelle aventure\u2009: celle de la <b>restauration itin\u00e9rante.<\/b> Ce sp\u00e9cialiste des fourneaux originaire de <a href=\"https:\/\/actu.fr\/hauts-de-france\/roubaix_59512\" rel=\"nofollow noopener\" target=\"_blank\">Roubaix<\/a> (Nord) va sillonner le territoire avec le<b> food-truck Bobonne.<\/b><\/p>\n<p>Un hommage \u00ab\u2009\u00e0 toutes les m\u00e8res qui cuisinent pour de grandes tabl\u00e9es\u2009\u00bb<\/p>\n<p class=\" wall-content\">\u00ab\u2009C\u2019est un concept de c\u0153ur, que je veux d\u00e9fendre corps et \u00e2me\u2009\u00bb, confie d\u2019entr\u00e9e de jeu Steeven Lefebvre, dans un entretien accord\u00e9 \u00e0 <a href=\"https:\/\/actu.fr\/lille\/\" rel=\"nofollow noopener\" target=\"_blank\">Lille actu<\/a>. Il insiste\u2009: il est un Roubaisien \u00ab\u2009pur jus\u2009\u00bb, n\u00e9 \u00e0 Roubaix, ayant fait l\u2019\u00e9cole \u00e0 Roubaix\u2026 Apr\u00e8s plusieurs carri\u00e8res, il embrasse donc celle d\u2019autoentrepreneur, en restauration.<\/p>\n<p class=\" wall-content\">Soutenu par la R\u00e9gion notamment, Steeven va sillonner les routes \u00e0 bord de son v\u00e9hicule floqu\u00e9 \u00ab\u2009Bobonne, casseroles en cavale\u2009\u00bb. Bobonne, comme le surnom duquel on l\u2019a affectueusement affubl\u00e9 dans sa famille. \u00ab\u2009Depuis 20\u00a0ans, on m\u2019appelle comme \u00e7a. Je suis celui qui fait la cuisine pour tout le monde, pour les \u00e9v\u00e9nements\u2026 C\u2019est aussi un hommage \u00e0 toutes les m\u00e8res qui cuisinent pour de grandes tabl\u00e9es.\u2009\u00bb<\/p>\n<p>De la restauration \u00e0 la r\u00e9gie en passant par le commercial<\/p>\n<p class=\" wall-content\">En novembre, il <b>inaugurera officiellement son camion<\/b>, avec une<b> soir\u00e9e sp\u00e9ciale<\/b>, au cours de laquelle il sera possible de d\u00e9guster ses sp\u00e9cialit\u00e9s. En attendant, des \u00e9v\u00e9nements priv\u00e9s attendent le restaurateur, qui avec ce projet allie plusieurs de ses comp\u00e9tences, acquises au cours de sa carri\u00e8re.<\/p>\n<p class=\" wall-content\">Apr\u00e8s une<b> formation en restauration<\/b>, puis avoir \u00e9t\u00e9 en poste plusieurs ann\u00e9es, dont en tant que <b>ma\u00eetre d\u2019h\u00f4tel <\/b>au Manoir \u00e0 Marcq-en-Bar\u0153ul, Steeven est parti dans une tout autre direction. Lui qui aimait animer les soir\u00e9es, a fini par se former et devenir<b> r\u00e9gisseur lumi\u00e8res.<\/b> Ensuite, c\u2019est la carri\u00e8re de<b> commercial <\/b>qu\u2019il a embrass\u00e9, avant de cr\u00e9er son propre projet. \u00ab\u2009Le projet Bobonne r\u00e9unit toutes mes comp\u00e9tences. On va essayer de faire de belles choses, de faire plaisir aux gens, qu\u2019ils reviennent\u2009!\u2009\u00bb<\/p>\n<p class=\" wall-content\"><a href=\"https:\/\/www.instagram.com\/p\/DO6iD_TCKAU\/embed\" title=\"Ouvrir le lien sur Instagram\" rel=\"nofollow noopener\" target=\"_blank\">Visualiser le contenu sur Instagram<\/a><\/p>\n<p>Burgers, lasagnes, salade au thon en ciabatta<\/p>\n<p class=\" wall-content\">Dans ce food-truck, vous pourrez d\u00e9guster des <b>plats gourmands<\/b> comme des burgers, d\u00e9clin\u00e9s autour de tendances saisonni\u00e8res. Il y aura une offre gourmande, mais aussi saine, pour satisfaire diverses envies.<\/p>\n<p>Votre r\u00e9gion, votre actu !<\/p>\n<p>Recevez chaque jour les infos qui comptent pour vous.<\/p>\n<p>\t<a href=\"https:\/\/actu.fr\/newsletter\" class=\"ac-btn ac-btn--corner ac-btn--medium ac-btn--blue800\" rel=\"nofollow noopener\" target=\"_blank\">S&rsquo;incrire<\/a><\/p>\n<p class=\" wall-content\">Les plats suivront logiquement les saisons\u2009:<b> tomates farcies ou endives brais\u00e9es<\/b> en automne,<b> taboul\u00e9 ou salade avec burrata <\/b>en \u00e9t\u00e9<b>, lasagnes saumon \u00e9pinard ou risotto <\/b>aux l\u00e9gumes de saison<b> <\/b>au printemps, sans oublier la traditionnelle <b>carbonnade flamande <\/b>en hiver, les<b> lasagnes <\/b>ou encore\u2026 la<b> tartiflette <\/b>ou le <b>poulet au maroilles\u2009<\/b>!<\/p>\n<p class=\" wall-content\">Les sauces seront faites maison, annonce le restaurateur\u2009: \u00ab\u2009Faire une mayonnaise, \u00e7a prend 5\u00a0minutes. Et c\u2019est tellement meilleur\u2009!\u2009\u00bb Sans oublier\u2026 les desserts\u2009! Les fameux <b>\u00ab\u2009g\u00e2teaux de m\u00e9m\u00e9\u2009\u00bb <\/b>c\u00f4toieront des cookies et autres gourmandises.<\/p>\n<p class=\" wall-content\">Il faudra compter 10-12\u00a0euros pour les plats d\u2019entr\u00e9e de gamme, et environ 14\u00a0euros pour un burger, avec des frites maison. Des <b>boissons locales <\/b>et originales\u00a0seront propos\u00e9es \u00e0 la carte, qui s\u2019annonce tr\u00e8s sympa sur le papier\u2009! Affaire \u00e0 suivre, donc.<\/p>\n<p>Suivez Bobonne <a href=\"https:\/\/www.instagram.com\/bobonne.lille\/\" rel=\"nofollow noopener\" target=\"_blank\">sur Instagram<\/a>.<\/p>\n<p class=\" wall-content\">Personnalisez votre actualit\u00e9 en ajoutant vos villes et m\u00e9dias en favori avec <a href=\"https:\/\/moncompte.actu.fr\" title=\"D\u00e9couvez Mon Actu\" rel=\"nofollow noopener\" data-trk=\"{&quot;cta&quot;:{&quot;action&quot;:&quot;https:\\\/\\\/moncompte.actu.fr&quot;,&quot;category&quot;:&quot;mon compte&quot;,&quot;from&quot;:&quot;article footer&quot;,&quot;name&quot;:&quot;Mon actu&quot;,&quot;type&quot;:&quot;cta&quot;}}\" target=\"_blank\">Mon Actu<\/a>.<\/p>\n<p>                    <script async src=\"\/\/www.instagram.com\/embed.js\"><\/script><\/p>\n","protected":false},"excerpt":{"rendered":"Par Amandine Vachez Publi\u00e9 le 2 oct. 2025 \u00e0 18h24 \u00c0 l\u2019automne 2025, Steeven Lefebvre, qui a eu&hellip;\n","protected":false},"author":2,"featured_media":435734,"comment_status":"","ping_status":"","sticky":false,"template":"","format":"standard","meta":{"footnotes":""},"categories":[2815],"tags":[1111,11,215,33,1777,674,1011,27,811,1307,12,25,10479],"class_list":{"0":"post-435733","1":"post","2":"type-post","3":"status-publish","4":"format-standard","5":"has-post-thumbnail","7":"category-lille","8":"tag-actu","9":"tag-actualites","10":"tag-commerce","11":"tag-economie","12":"tag-eu","13":"tag-europe","14":"tag-fr","15":"tag-france","16":"tag-hauts-de-france","17":"tag-lille","18":"tag-news","19":"tag-republique-francaise","20":"tag-street-food"},"share_on_mastodon":{"url":"https:\/\/pubeurope.com\/@fr\/115309310397362223","error":""},"_links":{"self":[{"href":"https:\/\/www.europesays.com\/fr\/wp-json\/wp\/v2\/posts\/435733","targetHints":{"allow":["GET"]}}],"collection":[{"href":"https:\/\/www.europesays.com\/fr\/wp-json\/wp\/v2\/posts"}],"about":[{"href":"https:\/\/www.europesays.com\/fr\/wp-json\/wp\/v2\/types\/post"}],"author":[{"embeddable":true,"href":"https:\/\/www.europesays.com\/fr\/wp-json\/wp\/v2\/users\/2"}],"replies":[{"embeddable":true,"href":"https:\/\/www.europesays.com\/fr\/wp-json\/wp\/v2\/comments?post=435733"}],"version-history":[{"count":0,"href":"https:\/\/www.europesays.com\/fr\/wp-json\/wp\/v2\/posts\/435733\/revisions"}],"wp:featuredmedia":[{"embeddable":true,"href":"https:\/\/www.europesays.com\/fr\/wp-json\/wp\/v2\/media\/435734"}],"wp:attachment":[{"href":"https:\/\/www.europesays.com\/fr\/wp-json\/wp\/v2\/media?parent=435733"}],"wp:term":[{"taxonomy":"category","embeddable":true,"href":"https:\/\/www.europesays.com\/fr\/wp-json\/wp\/v2\/categories?post=435733"},{"taxonomy":"post_tag","embeddable":true,"href":"https:\/\/www.europesays.com\/fr\/wp-json\/wp\/v2\/tags?post=435733"}],"curies":[{"name":"wp","href":"https:\/\/api.w.org\/{rel}","templated":true}]}}