{"id":435737,"date":"2025-10-03T08:34:10","date_gmt":"2025-10-03T08:34:10","guid":{"rendered":"https:\/\/www.europesays.com\/fr\/435737\/"},"modified":"2025-10-03T08:34:10","modified_gmt":"2025-10-03T08:34:10","slug":"municipales-2026-a-marseille-entre-lfi-et-benoit-payan-le-parti-communiste-a-fait-son-choix","status":"publish","type":"post","link":"https:\/\/www.europesays.com\/fr\/435737\/","title":{"rendered":"Municipales 2026 \u00e0 Marseille. Entre LFI et Beno\u00eet Payan, le parti communiste a fait son choix"},"content":{"rendered":"<p>            Par<br \/>\n        <strong><br \/>\n            <a href=\"https:\/\/actu.fr\/auteur\/redaction-marseille\" title=\"Consulter tous les articles de R\u00e9daction Marseille\" target=\"_blank\" rel=\"noopener\">R\u00e9daction Marseille<\/a><br \/>\n        <\/strong><\/p>\n<p>        Publi\u00e9 le<\/p>\n<p>            3 oct. 2025 \u00e0 10h20        <\/p>\n<p>Entre S\u00e9bastien Delogu et <a href=\"https:\/\/actu.fr\/tag\/benoit-payan\" target=\"_blank\" rel=\"noopener\">Beno\u00eet Payan<\/a>, <a href=\"https:\/\/actu.fr\/tag\/parti-communiste-pcf\" target=\"_blank\" rel=\"noopener\">le Parti communiste fran\u00e7ais<\/a> (PCF) a fait son choix. R\u00e9unis ce jeudi 2\u00a0octobre 2025, les repr\u00e9sentants du parti ont <strong>vot\u00e9 \u00e0 l\u2019unanimit\u00e9<\/strong> pour la reconduite de la coalition d\u2019union de la gauche d\u00e8s le premier tour <a href=\"https:\/\/actu.fr\/marseille\/politique\/elections-municipales\" target=\"_blank\" rel=\"noopener\">des \u00e9lections municipales \u00e0 Marseille<\/a>.<\/p>\n<p class=\" wall-content\">\u00ab\u2009Notre parti est largement rassembl\u00e9 et entend participer \u00e0 la victoire de la gauche a<strong>u sein du Printemps marseillais<\/strong>\u2009\u00bb, a expliqu\u00e9 \u00e0 l\u2019AFP le s\u00e9nateur communiste J\u00e9r\u00e9my Bacchi, \u00e9galement \u00e0 la t\u00eate de la f\u00e9d\u00e9ration PCF des Bouches-du-Rh\u00f4ne.<\/p>\n<p>Une alliance qui avait port\u00e9 ses fruits en 2020<\/p>\n<p class=\" wall-content\">Les 250 communistes ayant particip\u00e9 \u00e0 ce vote ont par ailleurs d\u00e9sign\u00e9 <strong>Anthony Gon\u00e7alves<\/strong>, canc\u00e9rologue et directeur du d\u00e9partement d\u2019oncologie m\u00e9dicale \u00e0 l\u2019Institut Paoli-Calmettes de Marseille, comme <strong>chef de file<\/strong> pour ces m\u00eames \u00e9lections. Un choix symbolique \u00e9tant donn\u00e9 que, selon toute vraisemblance, la t\u00eate de liste du Printemps marseillais devrait \u00eatre le maire sortant actuel, Beno\u00eet Payan (divers gauche), qui n\u2019a cependant pas encore officialis\u00e9 sa candidature.<\/p>\n<p class=\" wall-content\">Le PCF avait d\u00e8s 2019 \u00e9t\u00e9 <strong>l\u2019un des initiateurs de ce mouvement<\/strong> en faveur d\u2019un large rassemblement qui avait d\u00e9bouch\u00e9 lors des municipales de 2020 sur cette alliance de gauche (PS, \u00e9cologistes et PCF) et citoyenne qui, \u00e0 la surprise g\u00e9n\u00e9rale, avait r\u00e9ussi \u00e0 l\u2019emporter dans la deuxi\u00e8me ville de France apr\u00e8s 25\u00a0ans de r\u00e8gne de la droite avec Jean-Claude Gaudin (LR).<\/p>\n<p class=\" wall-content\">\u00ab\u2009Apr\u00e8s 5\u00a0ans de mandat, <strong>on voit qu\u2019il y a un fort soutien dans l\u2019opinion publique<\/strong> en faveur de l\u2019\u00e9quipe du Printemps marseillais\u2009\u00bb, a ajout\u00e9 J\u00e9r\u00e9my Bacchi.<\/p>\n<p class=\" wall-content\"><strong>Cinq conseillers municipaux<\/strong> communistes, dont trois adjoints, font partie de la majorit\u00e9 municipale actuelle, g\u00e9rant notamment la Culture, la Solidarit\u00e9 ou encore l\u2019\u00c9galit\u00e9 entre les hommes et les femmes.<\/p>\n<p>Que vont faire les autres mouvements de gauche\u2009?<\/p>\n<p class=\" wall-content\">Le 14\u00a0octobre, ce sera au tour des <a href=\"https:\/\/actu.fr\/tag\/europe-ecologie-les-verts-eelv\" target=\"_blank\" rel=\"noopener\">Verts<\/a> d\u2019apporter leur soutien au non \u00e0 la reconduite du Printemps marseillais. <strong>Les d\u00e9bats risquent d\u2019y \u00eatre plus tendus<\/strong>, car certains membres \u00e9cologistes de la majorit\u00e9 sortante poussent plut\u00f4t \u00e0 une alliance avec <a href=\"https:\/\/actu.fr\/tag\/la-france-insoumise-lfi\" target=\"_blank\" rel=\"noopener\">La France insoumise<\/a>. Celle-ci a d\u00e9j\u00e0 annonc\u00e9 pr\u00e9senter une candidature autonome pour laquelle le d\u00e9put\u00e9 S\u00e9bastien Delogu est pressenti.<\/p>\n<p>Votre r\u00e9gion, votre actu !<\/p>\n<p>Recevez chaque jour les infos qui comptent pour vous.<\/p>\n<p>\t<a href=\"https:\/\/actu.fr\/newsletter\" class=\"ac-btn ac-btn--corner ac-btn--medium ac-btn--blue800\" target=\"_blank\" rel=\"noopener\">S&rsquo;incrire<\/a><\/p>\n<p class=\" wall-content\">Les <strong>socialistes, favorables \u00e0 l\u2019union, devraient eux se d\u00e9cider fin octobre<\/strong> et le mouvement citoyen Mad Mars (proche du PS et EELV) ne se prononcera \u00ab\u2009que plus tard\u2009\u00bb.<\/p>\n<p class=\" wall-content\">Face au Printemps marseillais, <a href=\"https:\/\/actu.fr\/provence-alpes-cote-d-azur\/marseille_13055\/municipales-2026-a-marseille-apres-la-perte-d-allies-de-taille-martine-vassal-contre-attaque_63242908.html\" target=\"_blank\" rel=\"noopener\">la droite devrait \u00e9galement partir unie<\/a> avec la candidate investie par les R\u00e9publicains et Renaissance, Martine Vassal, battue en 2020. \u00c0 l\u2019extr\u00eame droite, Franck Allisio du RN, a aussi annonc\u00e9 sa candidature, avec l<a href=\"https:\/\/actu.fr\/provence-alpes-cote-d-azur\/marseille_13055\/marseille-municipales-2026-stephane-ravier-jette-l-eponge-et-soutient-le-rn-franck-allisio_63248895.html\" target=\"_blank\" rel=\"noopener\">e soutien officialis\u00e9 jeudi du s\u00e9nateur St\u00e9phane Ravier<\/a>, qui avait un temps ralli\u00e9 \u00c9ric Zemmour et son parti Reconqu\u00eate.<\/p>\n<p class=\" wall-content\"><strong>Avec AFP<\/strong><\/p>\n<p class=\" wall-content\">Personnalisez votre actualit\u00e9 en ajoutant vos villes et m\u00e9dias en favori avec <a href=\"https:\/\/moncompte.actu.fr\" title=\"D\u00e9couvez Mon Actu\" rel=\"nofollow noopener\" data-trk=\"{&quot;cta&quot;:{&quot;action&quot;:&quot;https:\\\/\\\/moncompte.actu.fr&quot;,&quot;category&quot;:&quot;mon compte&quot;,&quot;from&quot;:&quot;article footer&quot;,&quot;name&quot;:&quot;Mon actu&quot;,&quot;type&quot;:&quot;cta&quot;}}\" target=\"_blank\">Mon Actu<\/a>.<\/p>\n","protected":false},"excerpt":{"rendered":"Par R\u00e9daction Marseille Publi\u00e9 le 3 oct. 2025 \u00e0 10h20 Entre S\u00e9bastien Delogu et Beno\u00eet Payan, le Parti&hellip;\n","protected":false},"author":2,"featured_media":435738,"comment_status":"","ping_status":"","sticky":false,"template":"","format":"standard","meta":{"footnotes":""},"categories":[2814],"tags":[1111,11,6469,4188,1777,674,1011,27,884,3434,12,5989,316,882,25],"class_list":{"0":"post-435737","1":"post","2":"type-post","3":"status-publish","4":"format-standard","5":"has-post-thumbnail","7":"category-marseille","8":"tag-actu","9":"tag-actualites","10":"tag-benoit-payan","11":"tag-elections-municipales","12":"tag-eu","13":"tag-europe","14":"tag-fr","15":"tag-france","16":"tag-marseille","17":"tag-municipales-2026","18":"tag-news","19":"tag-parti-communiste-pcf","20":"tag-politique","21":"tag-provence-alpes-cote-dazur","22":"tag-republique-francaise"},"share_on_mastodon":{"url":"https:\/\/pubeurope.com\/@fr\/115309318312109092","error":""},"_links":{"self":[{"href":"https:\/\/www.europesays.com\/fr\/wp-json\/wp\/v2\/posts\/435737","targetHints":{"allow":["GET"]}}],"collection":[{"href":"https:\/\/www.europesays.com\/fr\/wp-json\/wp\/v2\/posts"}],"about":[{"href":"https:\/\/www.europesays.com\/fr\/wp-json\/wp\/v2\/types\/post"}],"author":[{"embeddable":true,"href":"https:\/\/www.europesays.com\/fr\/wp-json\/wp\/v2\/users\/2"}],"replies":[{"embeddable":true,"href":"https:\/\/www.europesays.com\/fr\/wp-json\/wp\/v2\/comments?post=435737"}],"version-history":[{"count":0,"href":"https:\/\/www.europesays.com\/fr\/wp-json\/wp\/v2\/posts\/435737\/revisions"}],"wp:featuredmedia":[{"embeddable":true,"href":"https:\/\/www.europesays.com\/fr\/wp-json\/wp\/v2\/media\/435738"}],"wp:attachment":[{"href":"https:\/\/www.europesays.com\/fr\/wp-json\/wp\/v2\/media?parent=435737"}],"wp:term":[{"taxonomy":"category","embeddable":true,"href":"https:\/\/www.europesays.com\/fr\/wp-json\/wp\/v2\/categories?post=435737"},{"taxonomy":"post_tag","embeddable":true,"href":"https:\/\/www.europesays.com\/fr\/wp-json\/wp\/v2\/tags?post=435737"}],"curies":[{"name":"wp","href":"https:\/\/api.w.org\/{rel}","templated":true}]}}