{"id":435741,"date":"2025-10-03T08:36:20","date_gmt":"2025-10-03T08:36:20","guid":{"rendered":"https:\/\/www.europesays.com\/fr\/435741\/"},"modified":"2025-10-03T08:36:20","modified_gmt":"2025-10-03T08:36:20","slug":"un-lyonnais-organise-un-run-mystere-pour-octobre-rose","status":"publish","type":"post","link":"https:\/\/www.europesays.com\/fr\/435741\/","title":{"rendered":"un Lyonnais organise un run myst\u00e8re pour Octobre rose"},"content":{"rendered":"<p itemprop=\"description\"><strong>Une seconde \u00e9dition prometteuse.<\/strong><\/p>\n<p>\u00ab\u00a0\u00c7a permet d\u2019en parler d\u2019une mani\u00e8re un peu diff\u00e9rente et de concerner les sportifs.\u00a0\u00bb Octobre Rose, <strong>Guillaume Lazert<\/strong> y tient. Ce Lyonnais de 31 ans avait <a href=\"https:\/\/www.lyonfemmes.com\/article\/251236\/ca-nous-touche-tous-de-pres-ou-de-loin-ils-imaginent-un-parcours-gps-a-lyon-en-forme-de-ruban-pour-octobre-rose\" target=\"_blank\" rel=\"noopener\">d\u00e9j\u00e0 fait parler de lui<\/a> il y a un an en imaginant avec <strong>Rapha\u00ebl Pabion<\/strong> un parcours GPS en forme de ruban, symbole du mois de sensibilisation au cancer du sein.<\/p>\n<p>De deux coureurs, l\u2019initiative a voulu cette ann\u00e9e \u00ab\u00a0avoir une r\u00e9percussion un peu plus grande\u00a0\u00bb et a mobilis\u00e9 ce mercredi 1er octobre 34 personnes. \u00ab\u00a0J\u2019avais juste dit que c\u2019\u00e9tait un th\u00e8me sp\u00e9cial pour Octobre rose et de venir en rose. Les gens ne savaient pas qu\u2019on allait dessiner un ruban rose\u00a0\u00bb, explique Guillaume Lazert. Le groupe avait comme point de d\u00e9part et d\u2019arriv\u00e9e la Tour Incity, illumin\u00e9e pour l\u2019occasion d\u2019un ruban rose.<\/p>\n<p><img loading=\"lazy\" decoding=\"async\" style=\"display: block; margin-left: auto; margin-right: auto;\" src=\"https:\/\/www.europesays.com\/fr\/wp-content\/uploads\/2025\/10\/gps-drawing-octobre1-53408.png\" alt=\"\" width=\"400\" height=\"400\"\/><\/p>\n<p><img loading=\"lazy\" decoding=\"async\" style=\"display: block; margin-left: auto; margin-right: auto;\" src=\"https:\/\/www.europesays.com\/fr\/wp-content\/uploads\/2025\/10\/gps-drawing-octobre2-12962.png\" alt=\"\" width=\"400\" height=\"400\"\/><\/p>\n<p>Le parcours de 7,5 kilom\u00e8tres a emmen\u00e9 les participants dans les 3e et 6e arrondissements. \u00ab\u00a0On se rend compte que \u00e7a nous concerne tous. A chaque \u00e9chelle, on peut apporter des choses. Par exemple en courant 7,5 kilom\u00e8tres, on peut passer un message de pr\u00e9vention \u00e0 travers la course \u00e0 pied\u00a0\u00bb, insiste Guillaume Lazert.<\/p>\n<p>Pour les personnes absentes lors de ce run myst\u00e8re du 1er octobre, le parcours du ruban rose est \u00e0 retrouver sur Strava. Il est \u00e9galement possible de participer deux fois par mois \u00e0 ce concept in\u00e9dit.<\/p>\n<p>\u00ab\u00a0\u00c7a m\u2019a permis de me lancer \u00e0 courir, d\u2019appr\u00e9cier courir et de rencontrer du monde. C\u2019est chouette de pouvoir regrouper du monde et faire passer des messages\u00a0\u00bb, confie le Lyonnais dont le compte d\u00e9di\u00e9 au GPS Drawing compte plus de 2500 abonn\u00e9s. Lion, bateau, chat, locomotive, fus\u00e9e ou encore v\u00e9lo\u2026 Chaque run myst\u00e8re a un rapport avec la date du jour de la course. Le prochain est pr\u00e9vu le mercredi 15 octobre. Concernant le dessin, il est d\u00e9j\u00e0 trouv\u00e9. \u00ab\u00a0Pr\u00e9parez-vous \u00e0 prendre de la hauteur\u00a0\u00bb, nous d\u00e9voile Guillaume Lazert.<\/p>\n<p><strong>A.D.<\/strong><\/p>\n<blockquote class=\"instagram-media\" style=\"background: #FFF; border: 0; border-radius: 3px; box-shadow: 0 0 1px 0 rgba(0,0,0,0.5),0 1px 10px 0 rgba(0,0,0,0.15); margin: 1px; max-width: 540px; min-width: 326px; padding: 0; width: calc(100% - 2px);\" data-instgrm-captioned=\"\" data-instgrm-permalink=\"https:\/\/www.instagram.com\/p\/DNG0PQyozIi\/?utm_source=ig_embed&amp;utm_campaign=loading\" data-instgrm-version=\"14\"><p>&#13;<br \/>\n&#13;\n<\/p><\/blockquote>\n<p>\t\t  <script async src=\"\/\/www.instagram.com\/embed.js\"><\/script><\/p>\n","protected":false},"excerpt":{"rendered":"Une seconde \u00e9dition prometteuse. \u00ab\u00a0\u00c7a permet d\u2019en parler d\u2019une mani\u00e8re un peu diff\u00e9rente et de concerner les sportifs.\u00a0\u00bb&hellip;\n","protected":false},"author":2,"featured_media":435742,"comment_status":"","ping_status":"","sticky":false,"template":"","format":"standard","meta":{"footnotes":""},"categories":[1889],"tags":[1111,11,2813,2190,2430,1109,251,1112,2811,1777,674,118,1294,4651,1011,27,1922,1110,1114,2428,4903,4902,12,241,316,25,2812,517,800],"class_list":{"0":"post-435741","1":"post","2":"type-post","3":"status-publish","4":"format-standard","5":"has-post-thumbnail","7":"category-lyon","8":"tag-actu","9":"tag-actualites","10":"tag-article","11":"tag-asvel","12":"tag-auvergne-rhone-alpes","13":"tag-breves","14":"tag-culture","15":"tag-depeches","16":"tag-economique","17":"tag-eu","18":"tag-europe","19":"tag-faits-divers","20":"tag-femme","21":"tag-femmes","22":"tag-fr","23":"tag-france","24":"tag-info","25":"tag-informations","26":"tag-infos","27":"tag-lyon","28":"tag-lyonfemme","29":"tag-lyonfemmes","30":"tag-news","31":"tag-ol","32":"tag-politique","33":"tag-republique-francaise","34":"tag-sociale","35":"tag-sport","36":"tag-transports"},"share_on_mastodon":{"url":"https:\/\/pubeurope.com\/@fr\/115309326676890264","error":""},"_links":{"self":[{"href":"https:\/\/www.europesays.com\/fr\/wp-json\/wp\/v2\/posts\/435741","targetHints":{"allow":["GET"]}}],"collection":[{"href":"https:\/\/www.europesays.com\/fr\/wp-json\/wp\/v2\/posts"}],"about":[{"href":"https:\/\/www.europesays.com\/fr\/wp-json\/wp\/v2\/types\/post"}],"author":[{"embeddable":true,"href":"https:\/\/www.europesays.com\/fr\/wp-json\/wp\/v2\/users\/2"}],"replies":[{"embeddable":true,"href":"https:\/\/www.europesays.com\/fr\/wp-json\/wp\/v2\/comments?post=435741"}],"version-history":[{"count":0,"href":"https:\/\/www.europesays.com\/fr\/wp-json\/wp\/v2\/posts\/435741\/revisions"}],"wp:featuredmedia":[{"embeddable":true,"href":"https:\/\/www.europesays.com\/fr\/wp-json\/wp\/v2\/media\/435742"}],"wp:attachment":[{"href":"https:\/\/www.europesays.com\/fr\/wp-json\/wp\/v2\/media?parent=435741"}],"wp:term":[{"taxonomy":"category","embeddable":true,"href":"https:\/\/www.europesays.com\/fr\/wp-json\/wp\/v2\/categories?post=435741"},{"taxonomy":"post_tag","embeddable":true,"href":"https:\/\/www.europesays.com\/fr\/wp-json\/wp\/v2\/tags?post=435741"}],"curies":[{"name":"wp","href":"https:\/\/api.w.org\/{rel}","templated":true}]}}