{"id":435743,"date":"2025-10-03T08:37:18","date_gmt":"2025-10-03T08:37:18","guid":{"rendered":"https:\/\/www.europesays.com\/fr\/435743\/"},"modified":"2025-10-03T08:37:18","modified_gmt":"2025-10-03T08:37:18","slug":"pres-de-lyon-incendie-au-centre-commercial-un-magasin-ravage-ce-que-lon-sait","status":"publish","type":"post","link":"https:\/\/www.europesays.com\/fr\/435743\/","title":{"rendered":"Pr\u00e8s de Lyon. Incendie au centre commercial, un magasin ravag\u00e9 : ce que l&rsquo;on sait"},"content":{"rendered":"<p>            Par<br \/>\n        <strong><br \/>\n            <a href=\"https:\/\/actu.fr\/auteur\/julien-damboise\" title=\"Consulter tous les articles de Julien Damboise\" rel=\"nofollow noopener\" target=\"_blank\">Julien Damboise<\/a><br \/>\n        <\/strong><\/p>\n<p>        Publi\u00e9 le<\/p>\n<p>            3 oct. 2025 \u00e0 10h06        <\/p>\n<p>La nuit du jeudi 2 au vendredi 3 octobre 2025 a \u00e9t\u00e9 marqu\u00e9e par un <strong>violent incendie<\/strong> \u00e0 <a href=\"https:\/\/actu.fr\/auvergne-rhone-alpes\/villefranche-sur-saone_69264\" rel=\"nofollow noopener\" target=\"_blank\">Villefranche-sur-Sa\u00f4ne<\/a>, \u00e0 quelques kilom\u00e8tres de <a href=\"https:\/\/actu.fr\/lyon\/\" rel=\"nofollow noopener\" target=\"_blank\">Lyon<\/a>. Le <strong>magasin Mistigriff<\/strong> a \u00e9t\u00e9 touch\u00e9 par un sinistre qui a mobilis\u00e9 <strong>d\u2019importants moyens<\/strong> de sapeurs-pompiers. Une enqu\u00eate est ouverte.<\/p>\n<p>    <a href=\"https:\/\/www.google.com\/maps\/embed?pb=!1m18!1m12!1m3!1d1552.8583898063478!2d4.737764656488927!3d45.984493830063684!2m3!1f0!2f0!3f0!3m2!1i1024!2i768!4f13.1!3m3!1m2!1s0x47f49accfc2af99f%3A0x819b1ce07f0e5a41!2sMistigriff!5e1!3m2!1sfr!2sfr!4v1759477547460!5m2!1sfr!2sfr\" title=\"Ouvrie le lien\" rel=\"nofollow noopener\" target=\"_blank\">Cliquez ici pour visualiser le contenu<\/a><\/p>\n<p>Un feu en pleine nuit<\/p>\n<p class=\" wall-content\">L\u2019incendie s\u2019est d\u00e9clar\u00e9 au sein du centre commercial <strong>La Sauvag\u00e8re<\/strong> peu apr\u00e8s minuit. Il serait parti de la toiture du magasin pour une raison qui reste \u00e0 d\u00e9terminer.<\/p>\n<p class=\" wall-content\">Un sinistre qui a mobilis\u00e9 une <strong>cinquantaine de soldats du feu<\/strong> en urgence pour \u00e9viter une propagation g\u00e9n\u00e9ralis\u00e9e.<\/p>\n<p class=\" wall-content\">Selon <a href=\"https:\/\/www.leprogres.fr\/economie\/2025\/10\/03\/un-magasin-en-flammes-dans-la-zone-commerciale-de-villefranche-sur-saone?at_content=photo&amp;at_term=leprogreslyon&amp;at_campaign=Twitter&amp;at_medium=Social&amp;at_source=nonli\" rel=\"nofollow noopener\" target=\"_blank\">Le Progr\u00e8s<\/a>, <strong>400 m\u00b2 ont \u00e9t\u00e9 d\u00e9truits<\/strong> tandis que le magasin Tape \u00e0 l\u2019Oeil \u00e0 c\u00f4t\u00e9 de Mistigriff a aussi \u00e9t\u00e9 impact\u00e9.<\/p>\n<p class=\" wall-content\">Aucun bless\u00e9 n\u2019est toutefois \u00e0 d\u00e9plorer.<\/p>\n<p>Enqu\u00eate en cours<\/p>\n<p class=\" wall-content\">La police a ouvert une enqu\u00eate pour <strong>d\u00e9terminer l\u2019origine des flammes<\/strong>.<\/p>\n<p class=\" wall-content\">Aucune piste des enqu\u00eateurs charg\u00e9s du dossier n\u2019a encore filtr\u00e9.<\/p>\n<p class=\" wall-content\">Personnalisez votre actualit\u00e9 en ajoutant vos villes et m\u00e9dias en favori avec <a href=\"https:\/\/moncompte.actu.fr\" title=\"D\u00e9couvez Mon Actu\" rel=\"nofollow noopener\" data-trk=\"{&quot;cta&quot;:{&quot;action&quot;:&quot;https:\\\/\\\/moncompte.actu.fr&quot;,&quot;category&quot;:&quot;mon compte&quot;,&quot;from&quot;:&quot;article footer&quot;,&quot;name&quot;:&quot;Mon actu&quot;,&quot;type&quot;:&quot;cta&quot;}}\" target=\"_blank\">Mon Actu<\/a>.<\/p>\n","protected":false},"excerpt":{"rendered":"Par Julien Damboise Publi\u00e9 le 3 oct. 2025 \u00e0 10h06 La nuit du jeudi 2 au vendredi 3&hellip;\n","protected":false},"author":2,"featured_media":435744,"comment_status":"","ping_status":"","sticky":false,"template":"","format":"standard","meta":{"footnotes":""},"categories":[1889],"tags":[1111,11,2430,1777,674,118,1011,27,1310,2428,12,1311,25],"class_list":{"0":"post-435743","1":"post","2":"type-post","3":"status-publish","4":"format-standard","5":"has-post-thumbnail","7":"category-lyon","8":"tag-actu","9":"tag-actualites","10":"tag-auvergne-rhone-alpes","11":"tag-eu","12":"tag-europe","13":"tag-faits-divers","14":"tag-fr","15":"tag-france","16":"tag-incendie","17":"tag-lyon","18":"tag-news","19":"tag-pompiers","20":"tag-republique-francaise"},"share_on_mastodon":{"url":"https:\/\/pubeurope.com\/@fr\/115309329992590876","error":""},"_links":{"self":[{"href":"https:\/\/www.europesays.com\/fr\/wp-json\/wp\/v2\/posts\/435743","targetHints":{"allow":["GET"]}}],"collection":[{"href":"https:\/\/www.europesays.com\/fr\/wp-json\/wp\/v2\/posts"}],"about":[{"href":"https:\/\/www.europesays.com\/fr\/wp-json\/wp\/v2\/types\/post"}],"author":[{"embeddable":true,"href":"https:\/\/www.europesays.com\/fr\/wp-json\/wp\/v2\/users\/2"}],"replies":[{"embeddable":true,"href":"https:\/\/www.europesays.com\/fr\/wp-json\/wp\/v2\/comments?post=435743"}],"version-history":[{"count":0,"href":"https:\/\/www.europesays.com\/fr\/wp-json\/wp\/v2\/posts\/435743\/revisions"}],"wp:featuredmedia":[{"embeddable":true,"href":"https:\/\/www.europesays.com\/fr\/wp-json\/wp\/v2\/media\/435744"}],"wp:attachment":[{"href":"https:\/\/www.europesays.com\/fr\/wp-json\/wp\/v2\/media?parent=435743"}],"wp:term":[{"taxonomy":"category","embeddable":true,"href":"https:\/\/www.europesays.com\/fr\/wp-json\/wp\/v2\/categories?post=435743"},{"taxonomy":"post_tag","embeddable":true,"href":"https:\/\/www.europesays.com\/fr\/wp-json\/wp\/v2\/tags?post=435743"}],"curies":[{"name":"wp","href":"https:\/\/api.w.org\/{rel}","templated":true}]}}