{"id":435745,"date":"2025-10-03T08:38:12","date_gmt":"2025-10-03T08:38:12","guid":{"rendered":"https:\/\/www.europesays.com\/fr\/435745\/"},"modified":"2025-10-03T08:38:12","modified_gmt":"2025-10-03T08:38:12","slug":"letat-des-transports-ce-jeudi-en-ile-de-france","status":"publish","type":"post","link":"https:\/\/www.europesays.com\/fr\/435745\/","title":{"rendered":"L&rsquo;\u00c9tat des transports ce jeudi en \u00cele-de-France"},"content":{"rendered":"<p><img decoding=\"async\" class=\"\" style=\"width:100%\" src=\"https:\/\/www.europesays.com\/fr\/wp-content\/uploads\/2025\/10\/RER_NG_Adnane_CC_BY_SA_4_01703182133010.jpg\" alt=\"RER NG\"\/><\/p>\n<p>RER NG<\/p>\n<p>Cr\u00e9dit : Adnane CC BY SA 4.0<\/p>\n<p style=\"margin-bottom: 0cm;\">Seulement 1 train sur 2 ou 3 sur la ligne D du RER, ce jeudi, en raison du mouvement social orchestr\u00e9 par les syndicats. Pour la E, c&rsquo;est 2 sur 3. Et 3 sur 4 pour la C. Pas de souci, en revanche, sur A et B. En ce qui concerne le Transilien, les difficult\u00e9s se concentrent sur la ligne R (1 train sur 2 ou 3). Des perturbations moins importantes sont aussi attendues sur H, L, N et U. Et puis dans les autres secteurs, la mobilisation s&rsquo;annonce moins forte qu\u2019il y a deux semaines, en milieu scolaire et dans les services publics.\u00a0Enfin, pr\u00e8s de 250 actions sont annonc\u00e9es par la CGT. Des manifestations sont pr\u00e9vues \u00e0 Paris, Lyon, Marseille et de nombreuses autres villes. <\/p>\n<p style=\"margin-bottom: 0cm;\">\u00a0<\/p>\n<p style=\"margin-bottom: 0cm;\">\u00a0<\/p>\n<p lang=\"fr-FR\" style=\"margin-bottom: 0cm;\">Nicolas Chacun &#8211; Brice Charrier<\/p>\n<p style=\"margin-bottom: 0cm;\">\u00a0<\/p>\n<p>!function(f,b,e,v,n,t,s){if(f.fbq)return;n=f.fbq=function(){n.callMethod?<br \/>\nn.callMethod.apply(n,arguments):n.queue.push(arguments)};if(!f._fbq)f._fbq=n;<br \/>\nn.push=n;n.loaded=!0;n.version=&rsquo;2.0&prime;;n.queue=[];t=b.createElement(e);t.async=!0;<br \/>\nt.src=v;s=b.getElementsByTagName(e)[0];s.parentNode.insertBefore(t,s)}(window,<br \/>\ndocument,&rsquo;script&rsquo;,&rsquo;https:\/\/connect.facebook.net\/en_US\/fbevents.js&rsquo;);<br \/>\nfbq(&lsquo;init&rsquo;, &lsquo;278974969201861&rsquo;); \/\/ Insert your pixel ID here.<br \/>\nfbq(&lsquo;track&rsquo;, &lsquo;PageView&rsquo;);<\/p>\n","protected":false},"excerpt":{"rendered":"RER NG Cr\u00e9dit : Adnane CC BY SA 4.0 Seulement 1 train sur 2 ou 3 sur la&hellip;\n","protected":false},"author":2,"featured_media":304555,"comment_status":"","ping_status":"","sticky":false,"template":"","format":"standard","meta":{"footnotes":""},"categories":[1592],"tags":[1111,11,1933,1936,1777,1939,674,1011,27,662,1934,12,1940,626,1935,25,1937,1941,1938],"class_list":{"0":"post-435745","1":"post","2":"type-post","3":"status-publish","4":"format-standard","5":"has-post-thumbnail","7":"category-ile-de-france","8":"tag-actu","9":"tag-actualites","10":"tag-actualites-locales","11":"tag-essonne","12":"tag-eu","13":"tag-eure-et-loir","14":"tag-europe","15":"tag-fr","16":"tag-france","17":"tag-ile-de-france","18":"tag-infos-locales","19":"tag-news","20":"tag-oise","21":"tag-paris","22":"tag-pres-de-chez-vous","23":"tag-republique-francaise","24":"tag-seine-et-marne","25":"tag-somme","26":"tag-yvelines"},"share_on_mastodon":{"url":"https:\/\/pubeurope.com\/@fr\/115309333985026388","error":""},"_links":{"self":[{"href":"https:\/\/www.europesays.com\/fr\/wp-json\/wp\/v2\/posts\/435745","targetHints":{"allow":["GET"]}}],"collection":[{"href":"https:\/\/www.europesays.com\/fr\/wp-json\/wp\/v2\/posts"}],"about":[{"href":"https:\/\/www.europesays.com\/fr\/wp-json\/wp\/v2\/types\/post"}],"author":[{"embeddable":true,"href":"https:\/\/www.europesays.com\/fr\/wp-json\/wp\/v2\/users\/2"}],"replies":[{"embeddable":true,"href":"https:\/\/www.europesays.com\/fr\/wp-json\/wp\/v2\/comments?post=435745"}],"version-history":[{"count":0,"href":"https:\/\/www.europesays.com\/fr\/wp-json\/wp\/v2\/posts\/435745\/revisions"}],"wp:featuredmedia":[{"embeddable":true,"href":"https:\/\/www.europesays.com\/fr\/wp-json\/wp\/v2\/media\/304555"}],"wp:attachment":[{"href":"https:\/\/www.europesays.com\/fr\/wp-json\/wp\/v2\/media?parent=435745"}],"wp:term":[{"taxonomy":"category","embeddable":true,"href":"https:\/\/www.europesays.com\/fr\/wp-json\/wp\/v2\/categories?post=435745"},{"taxonomy":"post_tag","embeddable":true,"href":"https:\/\/www.europesays.com\/fr\/wp-json\/wp\/v2\/tags?post=435745"}],"curies":[{"name":"wp","href":"https:\/\/api.w.org\/{rel}","templated":true}]}}