{"id":435748,"date":"2025-10-03T08:40:11","date_gmt":"2025-10-03T08:40:11","guid":{"rendered":"https:\/\/www.europesays.com\/fr\/435748\/"},"modified":"2025-10-03T08:40:11","modified_gmt":"2025-10-03T08:40:11","slug":"direct-jai-decide-de-renoncer-a-larticle-49-3-de-la-constitution-annonce-le-premier-ministre-sebastien-lecornu-depuis-matignon","status":"publish","type":"post","link":"https:\/\/www.europesays.com\/fr\/435748\/","title":{"rendered":"DIRECT. \u00ab\u00a0J&rsquo;ai d\u00e9cid\u00e9 de renoncer \u00e0 l&rsquo;article 49.3 de la Constitution\u00a0\u00bb, annonce le Premier ministre S\u00e9bastien Lecornu depuis Matignon"},"content":{"rendered":"<p>Le Premier ministre \u00e9tait plut\u00f4t discret jusqu&rsquo;ici. S\u00e9bastien Lecornu a pris la parole, vendredi 3 octobre, aux alentours de 8h45, \u00e0 l&rsquo;occasion d&rsquo;une allocution prononc\u00e9e depuis Matignon. \u00ab\u00a0J&rsquo;ai d\u00e9cid\u00e9 de renoncer \u00e0 l&rsquo;article 49.3 de la Constitution\u00a0\u00bb, a-t-il notamment annonc\u00e9.\u00a0\u00ab\u00a0On ne peut pas passer en force et contraindre les oppositions\u00a0\u00bb, a-t-il justifi\u00e9,\u00a0\u00e9voquant \u00ab\u00a0le moment le plus parlementaire de la Ve R\u00e9publique\u00a0\u00bb. \u00ab\u00a0La question est maintenant de savoir comment chacun peut faire un geste, sans se renier dans ses convictions\u00a0\u00bb, a encore d\u00e9clar\u00e9 S\u00e9bastien Lecornu, estimant que \u00ab\u00a0les compromis sont possibles\u00a0\u00bb.\u00a0Suivez notre direct.<\/p>\n<p class=\"c-body__bullet\"><strong> Nouvelle journ\u00e9e de consultations \u00e0 Matignon.<\/strong> Le chef de l&rsquo;ex\u00e9cutif re\u00e7oit Marine Le Pen \u00e0 9 heures, puis il tentera de convaincre les socialistes <a href=\"https:\/\/www.franceinfo.fr\/politique\/la-stabilite-est-entre-les-mains-du-gouvernement-les-socialistes-posent-leurs-conditions-avant-leur-rencontre-avec-sebastien-lecornu_7528003.html\" rel=\"nofollow noopener\" target=\"_blank\">de ne pas le censurer<\/a> \u00e0 10h30. La t\u00e2che s&rsquo;annonce difficile. Les socialistes veulent par exemple une <a href=\"https:\/\/www.franceinfo.fr\/economie\/impots\/exil-fiscal\/vrai-ou-faux-la-taxe-zucman-sur-les-tres-hauts-patrimoines-serait-elle-inconstitutionnelle-comme-l-affirme-francois-bayrou_7468477.html\" rel=\"nofollow noopener\" target=\"_blank\">taxe Zucman<\/a> sur les plus riches ou la suspension de la r\u00e9forme des retraites. Deux exigences d\u00e9j\u00e0 balay\u00e9es par le Premier ministre, qui met sur la table quelques pistes sur le pouvoir d&rsquo;achat. S\u00e9bastien Lecornu recevra enfin les Ecologistes en fin de matin\u00e9e.<\/p>\n<p class=\"c-body__bullet\"><strong> Un petit pas en direction de la gauche\u00a0?<\/strong> S\u00e9bastien Lecornu envisage plusieurs mesures, dont <a href=\"https:\/\/www.franceinfo.fr\/economie\/transports\/gilets-jaunes\/economie-succes-de-la-prime-macron-en-2020_4219867.html\" rel=\"nofollow noopener\" target=\"_blank\">le r\u00e9tablissement de la prime Macron<\/a>, <a href=\"https:\/\/www.franceinfo.fr\/politique\/le-premier-ministre-sebastien-lecornu-etudie-plusieurs-mesures-dont-une-baisse-de-l-impot-sur-le-revenu-pour-les-couples-payes-au-smic_7527283.html\" rel=\"nofollow noopener\" target=\"_blank\">a appris jeudi France T\u00e9l\u00e9visions<\/a> aupr\u00e8s de son entourage. Le Premier ministre \u00e9tudie aussi une r\u00e9duction de l&rsquo;imp\u00f4t sur le revenu pour les couples pay\u00e9s chacun \u00ab\u00a0l\u00e9g\u00e8rement\u00a0\u00bb au-dessus du smic, a ajout\u00e9 Matignon.<\/p>\n<p class=\"c-body__bullet\"><strong> Les R\u00e9publicains haussent le ton. <\/strong>Les parlementaires de droite se sont r\u00e9unis en visioconf\u00e9rence, jeudi soir, pour faire un point sur les n\u00e9gociations en cours. Ils exigent notamment \u00ab\u00a0un tiers du gouvernement\u00a0\u00bb, selon les informations de France Inter. Ces \u00e9lus <a href=\"https:\/\/www.franceinfo.fr\/politique\/gouvernement-de-sebastien-lecornu\/gouvernement-lecornu-les-republicains-exigent-un-tiers-du-gouvernement-et-attendent-des-reponses-du-premier-ministre-notamment-sur-l-immigration_7529053.html\" rel=\"nofollow noopener\" target=\"_blank\">veulent \u00e9galement des r\u00e9ponses du Premier ministre sur l&rsquo;immigration<\/a>. La participation de LR <a href=\"https:\/\/www.franceinfo.fr\/politique\/bruno-retailleau\/gouvernement-de-sebastien-lecornu-a-ce-stade-la-participation-de-lr-n-est-pas-acquise-du-tout-previent-bruno-retailleau_7527949.html\" target=\"_blank\" rel=\"noopener nofollow\">n&rsquo;est pas \u00ab\u00a0acquise du tout\u00a0\u00bb <\/a>, a d\u00e9clar\u00e9 leur patron Bruno Retailleau dans <a href=\"https:\/\/www.lefigaro.fr\/politique\/bruno-retailleau-au-figaro-a-ce-stade-la-participation-de-la-droite-au-gouvernement-n-est-pas-acquise-du-tout-20251002\" target=\"_blank\" rel=\"noopener nofollow\">Le Figaro<\/a>.<\/p>\n<p class=\"c-body__bullet\"><strong> Du mouvement \u00e0 l&rsquo;Assembl\u00e9e nationale. <\/strong>Les macronistes et les d\u00e9put\u00e9s des R\u00e9publicains ont repris <a href=\"https:\/\/www.franceinfo.fr\/politique\/parlement-francais\/assemblee-nationale\/les-macronistes-et-les-republicains-recuperent-toutes-les-presidences-des-commissions-a-l-assemblee-sauf-les-finances-avec-le-soutien-du-rn_7527646.html\" rel=\"nofollow noopener\" target=\"_blank\">toutes les pr\u00e9sidences des commissions<\/a> permanentes de <a href=\"https:\/\/www.franceinfo.fr\/politique\/parlement-francais\/assemblee-nationale\/les-espoirs-du-rn-les-craintes-de-la-gauche-la-menace-de-liot-pourquoi-la-bataille-pour-les-postes-cles-de-l-assemblee-est-loin-d-etre-anodine_7523176.html\" rel=\"nofollow noopener\" target=\"_blank\">l&rsquo;Assembl\u00e9e nationale<\/a>, avec les voix du Rassemblement national. Une exception\u00a0: la commission des Finances, d\u00e9volue \u00e0 l&rsquo;opposition et qui reste occup\u00e9e par l&rsquo;insoumis Eric Coquerel.<\/p>\n","protected":false},"excerpt":{"rendered":"Le Premier ministre \u00e9tait plut\u00f4t discret jusqu&rsquo;ici. S\u00e9bastien Lecornu a pris la parole, vendredi 3 octobre, aux alentours&hellip;\n","protected":false},"author":2,"featured_media":435749,"comment_status":"","ping_status":"","sticky":false,"template":"","format":"standard","meta":{"footnotes":""},"categories":[1888],"tags":[1111,1928,11,1927,1777,674,1011,27,12,1926,626,1925,25],"class_list":{"0":"post-435748","1":"post","2":"type-post","3":"status-publish","4":"format-standard","5":"has-post-thumbnail","7":"category-paris","8":"tag-actu","9":"tag-actu-paris","10":"tag-actualites","11":"tag-actualites-paris","12":"tag-eu","13":"tag-europe","14":"tag-fr","15":"tag-france","16":"tag-news","17":"tag-news-paris","18":"tag-paris","19":"tag-paris-news","20":"tag-republique-francaise"},"share_on_mastodon":{"url":"https:\/\/pubeurope.com\/@fr\/115309341832736481","error":""},"_links":{"self":[{"href":"https:\/\/www.europesays.com\/fr\/wp-json\/wp\/v2\/posts\/435748","targetHints":{"allow":["GET"]}}],"collection":[{"href":"https:\/\/www.europesays.com\/fr\/wp-json\/wp\/v2\/posts"}],"about":[{"href":"https:\/\/www.europesays.com\/fr\/wp-json\/wp\/v2\/types\/post"}],"author":[{"embeddable":true,"href":"https:\/\/www.europesays.com\/fr\/wp-json\/wp\/v2\/users\/2"}],"replies":[{"embeddable":true,"href":"https:\/\/www.europesays.com\/fr\/wp-json\/wp\/v2\/comments?post=435748"}],"version-history":[{"count":0,"href":"https:\/\/www.europesays.com\/fr\/wp-json\/wp\/v2\/posts\/435748\/revisions"}],"wp:featuredmedia":[{"embeddable":true,"href":"https:\/\/www.europesays.com\/fr\/wp-json\/wp\/v2\/media\/435749"}],"wp:attachment":[{"href":"https:\/\/www.europesays.com\/fr\/wp-json\/wp\/v2\/media?parent=435748"}],"wp:term":[{"taxonomy":"category","embeddable":true,"href":"https:\/\/www.europesays.com\/fr\/wp-json\/wp\/v2\/categories?post=435748"},{"taxonomy":"post_tag","embeddable":true,"href":"https:\/\/www.europesays.com\/fr\/wp-json\/wp\/v2\/tags?post=435748"}],"curies":[{"name":"wp","href":"https:\/\/api.w.org\/{rel}","templated":true}]}}