{"id":435750,"date":"2025-10-03T08:41:11","date_gmt":"2025-10-03T08:41:11","guid":{"rendered":"https:\/\/www.europesays.com\/fr\/435750\/"},"modified":"2025-10-03T08:41:11","modified_gmt":"2025-10-03T08:41:11","slug":"un-cabaret-secret-en-plein-paris","status":"publish","type":"post","link":"https:\/\/www.europesays.com\/fr\/435750\/","title":{"rendered":"un cabaret secret en plein Paris"},"content":{"rendered":"<p class=\"mb-4 text-lg md:leading-8 break-words\">C\u2019est le show le plus singulier et hype du moment\u00a0! Rien que le titre\u00a0: \u00ab\u00a0Effront\u00e9s\u00a0\u00bb, tient sa promesse. Un spectacle \u00ab\u00a0d\u2019une grande insolence et qui n\u2019a honte de rien\u00a0\u00bb &#8211; si on s\u2019en tient \u00e0 la d\u00e9finition du dictionnaire. Dans les faits, \u00e7a va m\u00eame au-del\u00e0. Selon Willy Laury, cr\u00e9ateur et chor\u00e9graphe de la chose, \u00ab\u00a0nous avons voulu cr\u00e9er un espace o\u00f9 l\u2019audace n\u2019est pas seulement permise, mais c\u00e9l\u00e9br\u00e9e. \u00ab\u00a0Effront\u00e9s\u00a0\u00bb n\u2019est pas un show qu\u2019on regarde de loin, c\u2019est une exp\u00e9rience qu\u2019on vit de l\u2019int\u00e9rieur.\u00a0\u00bb<\/p>\n<p class=\"mb-4 text-lg md:leading-8 break-words\">C\u2019est s\u00fbr qu\u2019on ne peut pas \u00eatre plus pr\u00e8s des danseuses et danseurs que l\u00e0. Et pour cause\u00a0: la performance se d\u00e9roule \u00e0 la Maison 3, un lieu tr\u00e8s confidentiel ne pouvant accueillir pour l\u2019occasion qu\u2019une cinquantaine de personnes. Qu\u2019on ne s\u2019y m\u00e9prenne pas\u00a0: il ne s\u2019agit pas d\u2019une petite salle miteuse, mais d\u2019un bar ultra cosy, d\u00e9cor\u00e9 et \u00e9clair\u00e9 avec soin. Situ\u00e9 rue Moli\u00e8re \u00e0 Paris, \u00e0 deux pas du Palais-Royal, il n\u2019y a ni enseigne ni fen\u00eatre. En gros, si vous n\u2019avez pas la chance de faire partie des inform\u00e9s, vous passez devant sans vous douter de ce qui se passe \u00e0 l\u2019int\u00e9rieur\u2026 et encore moins de ce qui s\u2019y est pass\u00e9\u00a0!<\/p>\n<p>Pr\u00e9server l\u2019\u00e2me des lieux<\/p>\n<p class=\"mb-4 text-lg md:leading-8 break-words\">Le ma\u00eetre des lieux (qui tient \u00e0 garder l\u2019anonymat &#8211; \u00e0 croire que la discr\u00e9tion est ici un credo obsessionnel\u00a0!) nous apprend qu\u2019\u00e0 l\u2019origine, dans les ann\u00e9es 1930, l\u2019endroit appartenait \u00e0 une famille juive. \u00c9videmment ferm\u00e9 durant l\u2019Occupation, il rouvre \u00e0 la fin des ann\u00e9es 1940 et, durant une petite trentaine d\u2019ann\u00e9es, accueill&#8230;<\/p>\n<p class=\"mb-4 text-lg md:leading-8 break-words\"><a href=\"https:\/\/www.parismatch.com\/Culture\/effrontes-un-cabaret-secret-en-plein-paris-257998?at_medium=affiliate&amp;at_campaign=Yahoo\" rel=\"nofollow noopener\" target=\"_blank\" data-ylk=\"slk:Lire la suite sur ParisMatch;elm:context_link;itc:0;sec:content-canvas\" class=\"link \">Lire la suite sur ParisMatch<\/a><\/p>\n","protected":false},"excerpt":{"rendered":"C\u2019est le show le plus singulier et hype du moment\u00a0! Rien que le titre\u00a0: \u00ab\u00a0Effront\u00e9s\u00a0\u00bb, tient sa promesse.&hellip;\n","protected":false},"author":2,"featured_media":435751,"comment_status":"","ping_status":"","sticky":false,"template":"","format":"standard","meta":{"footnotes":""},"categories":[1888],"tags":[1111,1928,11,1927,2511,56315,1777,674,1011,27,12,1926,626,1925,25,56316],"class_list":{"0":"post-435750","1":"post","2":"type-post","3":"status-publish","4":"format-standard","5":"has-post-thumbnail","7":"category-paris","8":"tag-actu","9":"tag-actu-paris","10":"tag-actualites","11":"tag-actualites-paris","12":"tag-cest","13":"tag-effrontes","14":"tag-eu","15":"tag-europe","16":"tag-fr","17":"tag-france","18":"tag-news","19":"tag-news-paris","20":"tag-paris","21":"tag-paris-news","22":"tag-republique-francaise","23":"tag-willy-laury"},"share_on_mastodon":{"url":"https:\/\/pubeurope.com\/@fr\/115309345772117038","error":""},"_links":{"self":[{"href":"https:\/\/www.europesays.com\/fr\/wp-json\/wp\/v2\/posts\/435750","targetHints":{"allow":["GET"]}}],"collection":[{"href":"https:\/\/www.europesays.com\/fr\/wp-json\/wp\/v2\/posts"}],"about":[{"href":"https:\/\/www.europesays.com\/fr\/wp-json\/wp\/v2\/types\/post"}],"author":[{"embeddable":true,"href":"https:\/\/www.europesays.com\/fr\/wp-json\/wp\/v2\/users\/2"}],"replies":[{"embeddable":true,"href":"https:\/\/www.europesays.com\/fr\/wp-json\/wp\/v2\/comments?post=435750"}],"version-history":[{"count":0,"href":"https:\/\/www.europesays.com\/fr\/wp-json\/wp\/v2\/posts\/435750\/revisions"}],"wp:featuredmedia":[{"embeddable":true,"href":"https:\/\/www.europesays.com\/fr\/wp-json\/wp\/v2\/media\/435751"}],"wp:attachment":[{"href":"https:\/\/www.europesays.com\/fr\/wp-json\/wp\/v2\/media?parent=435750"}],"wp:term":[{"taxonomy":"category","embeddable":true,"href":"https:\/\/www.europesays.com\/fr\/wp-json\/wp\/v2\/categories?post=435750"},{"taxonomy":"post_tag","embeddable":true,"href":"https:\/\/www.europesays.com\/fr\/wp-json\/wp\/v2\/tags?post=435750"}],"curies":[{"name":"wp","href":"https:\/\/api.w.org\/{rel}","templated":true}]}}