{"id":435765,"date":"2025-10-03T08:49:15","date_gmt":"2025-10-03T08:49:15","guid":{"rendered":"https:\/\/www.europesays.com\/fr\/435765\/"},"modified":"2025-10-03T08:49:15","modified_gmt":"2025-10-03T08:49:15","slug":"labelexpo-europe-etablit-de-nouveaux-records","status":"publish","type":"post","link":"https:\/\/www.europesays.com\/fr\/435765\/","title":{"rendered":"Labelexpo Europe \u00e9tablit de nouveaux records"},"content":{"rendered":"<p>&#13;<br \/>\n\tLabelexpo Europe, qui s\u2019est tenu du 16 au 19 septembre dernier \u00e0 Barcelone pour la premi\u00e8re fois de son histoire, a enregistr\u00e9 de nombreux records. Cela t\u00e9moigne, d\u2019une part, de la bonne sant\u00e9 du secteur de l\u2019\u00e9tiquette et, d\u2019autre part, du choix judicieux de la ville catalane par l\u2019organisateur. Le salon, qui a profit\u00e9 de l\u2019occasion pour changer de nom &#8211; il s\u2019appellera Loupe \u00e0 partir de la prochaine \u00e9dition, pr\u00e9vue du 5 au 8 octobre 2027 -, a accueilli quelque 37\u00a0000 visiteurs, un chiffre in\u00e9dit quarante-cinq ans apr\u00e8s sa cr\u00e9ation.<\/p>\n<p>&#13;<br \/>\n\tLes donn\u00e9es communiqu\u00e9es par l\u2019organisateur Informa r\u00e9v\u00e8lent \u00e9galement qu\u2019il s\u2019agit du plus grand Labelexpo jamais organis\u00e9, avec plus de 43\u00a0000 m\u00b2 nets d\u2019espace d\u2019exposition. Parmi les statistiques cl\u00e9s, on note \u00e9galement une augmentation de 18 % du nombre de d\u00e9cideurs de haut niveau, une hausse de 49 % par rapport \u00e0 2023 du nombre de visiteurs sud-am\u00e9ricains et une croissance de 28 % du nombre de visiteurs nord-am\u00e9ricains. L\u2019Espagne arrive en t\u00eate des pays les plus repr\u00e9sent\u00e9s, suivie de l\u2019Italie, de l\u2019Allemagne, de la France et du Royaume-Uni.<\/p>\n<p>&#13;<br \/>\n\tCloud<\/p>\n<p>&#13;<br \/>\n\tC\u00f4t\u00e9 exposants, tradition oblige, les stands ont mis en avant les lignes d\u2019impression flexographiques et num\u00e9riques, mais \u00e9galement, de plus en plus, le mat\u00e9riel hybride. Les \u00e9volutions technologiques se concentrent sur des th\u00e8mes tels que l\u2019automatisation, l\u2019int\u00e9gration des r\u00e9seaux cloud et l&rsquo;intelligence artificielle (IA) avec les premiers d\u00e9veloppements en mati\u00e8re d\u2019interfaces utilisateur et de process.<\/p>\n<p>&#13;<br \/>\n\tL\u2019environnement n\u2019a pas \u00e9t\u00e9 oubli\u00e9. Labelexpo Europe a renforc\u00e9 son engagement en mati\u00e8re de durabilit\u00e9 gr\u00e2ce au programme Better Stands, qui encourage les exposants \u00e0 utiliser des mat\u00e9riaux recyclables pour la construction de leurs stands, et \u00e0 un partenariat avec DMP qui transforme les d\u00e9chets en mat\u00e9riaux r\u00e9utilisables.<\/p>\n<p>&#13;<br \/>\n\tLa prochaine \u00e9dition, dans deux ans, devrait continuer de mettre en avant les \u00e9tuis pliants, un secteur en pleine \u00e9volution qui suit les tendances technologiques observ\u00e9es dans l\u2019emballage souple et l\u2019\u00e9tiquette et sur lequel les organisateurs ont d\u00e9cid\u00e9 de jeter leur d\u00e9volu pour \u00e9largir encore davantage le visitorat.<\/p>\n<p class=\"editoTitleType1 editoTitleType1--lagoon is-uppercase\">S\u00e9lectionn\u00e9 <b>pour vous<\/b><\/p>\n<p>                                                                            <a class=\"editoCardType21__link editoCardType21__containerImage\" href=\"https:\/\/www.usinenouvelle.com\/article\/luxe-pack-monaco-la-precision-levier-de-seduction-des-marques-de-luxe-pour-cosmogen.N2238767\" data-xiti-name=\"2238767\" target=\"_blank\" rel=\"noopener\"><\/p>\n<p>                                                                                                                                                    <img decoding=\"async\" src=\"data:image\/gif;base64,R0lGODdhAQABAPAAAMPDwwAAACwAAAAAAQABAAACAkQBADs=\" data-original=\"\/mediatheque\/9\/2\/0\/001532029_256x170_c.jpg\" alt=\"[Luxe Pack Monaco] La pr\u00e9cision, levier de s\u00e9duction des marques de luxe pour Cosmogen\"\/><\/p>\n<p>                            <\/a><\/p>\n","protected":false},"excerpt":{"rendered":"&#13; Labelexpo Europe, qui s\u2019est tenu du 16 au 19 septembre dernier \u00e0 Barcelone pour la premi\u00e8re fois&hellip;\n","protected":false},"author":2,"featured_media":435766,"comment_status":"","ping_status":"","sticky":false,"template":"","format":"standard","meta":{"footnotes":""},"categories":[1586],"tags":[11,56324,2724,1777,674,1011,27,12328,56323,6848,12,6849,25],"class_list":{"0":"post-435765","1":"post","2":"type-post","3":"status-publish","4":"format-standard","5":"has-post-thumbnail","7":"category-europe","8":"tag-actualites","9":"tag-cartonnerie","10":"tag-emballage","11":"tag-eu","12":"tag-europe","13":"tag-fr","14":"tag-france","15":"tag-impression","16":"tag-machines-pour-l-emball","17":"tag-matieres-premieres","18":"tag-news","19":"tag-papier-carton","20":"tag-republique-francaise"},"share_on_mastodon":{"url":"https:\/\/pubeurope.com\/@fr\/115309377263847740","error":""},"_links":{"self":[{"href":"https:\/\/www.europesays.com\/fr\/wp-json\/wp\/v2\/posts\/435765","targetHints":{"allow":["GET"]}}],"collection":[{"href":"https:\/\/www.europesays.com\/fr\/wp-json\/wp\/v2\/posts"}],"about":[{"href":"https:\/\/www.europesays.com\/fr\/wp-json\/wp\/v2\/types\/post"}],"author":[{"embeddable":true,"href":"https:\/\/www.europesays.com\/fr\/wp-json\/wp\/v2\/users\/2"}],"replies":[{"embeddable":true,"href":"https:\/\/www.europesays.com\/fr\/wp-json\/wp\/v2\/comments?post=435765"}],"version-history":[{"count":0,"href":"https:\/\/www.europesays.com\/fr\/wp-json\/wp\/v2\/posts\/435765\/revisions"}],"wp:featuredmedia":[{"embeddable":true,"href":"https:\/\/www.europesays.com\/fr\/wp-json\/wp\/v2\/media\/435766"}],"wp:attachment":[{"href":"https:\/\/www.europesays.com\/fr\/wp-json\/wp\/v2\/media?parent=435765"}],"wp:term":[{"taxonomy":"category","embeddable":true,"href":"https:\/\/www.europesays.com\/fr\/wp-json\/wp\/v2\/categories?post=435765"},{"taxonomy":"post_tag","embeddable":true,"href":"https:\/\/www.europesays.com\/fr\/wp-json\/wp\/v2\/tags?post=435765"}],"curies":[{"name":"wp","href":"https:\/\/api.w.org\/{rel}","templated":true}]}}