{"id":435777,"date":"2025-10-03T08:57:10","date_gmt":"2025-10-03T08:57:10","guid":{"rendered":"https:\/\/www.europesays.com\/fr\/435777\/"},"modified":"2025-10-03T08:57:10","modified_gmt":"2025-10-03T08:57:10","slug":"linda-noskova-en-demi-finales-a-pekin","status":"publish","type":"post","link":"https:\/\/www.europesays.com\/fr\/435777\/","title":{"rendered":"Linda Noskova en demi-finales \u00e0 P\u00e9kin"},"content":{"rendered":"<p>La 27e mondiale s\u2019est balad\u00e9e contre la britannique Sonay Kartal. Elle affrontera pour une place en finale Jessica Pegula ou Emma Navarro.<\/p>\n<p class=\"fig-paragraph\">La Tch\u00e8que\u00a0<a href=\"https:\/\/www.lefigaro.fr\/sports\/tennis\/live\/china-open-simple-dames-2025\/405007\/kartal-noskova?msockid=2338e949ff1a6caa28edff13fe766dd0\" target=\"_blank\" rel=\"nofollow noopener\" data-gtm-custom-categorie=\"navigation\" data-gtm-custom-action=\"crossclick\" data-gtm-custom-label=\"Contextuel\" data-gtm-event=\"customEventSPE\">Linda Noskova<\/a>, 27e mondiale, s&rsquo;est tranquillement qualifi\u00e9e vendredi pour les demi-finales du tournoi\u00a0<a href=\"http:\/\/www.lefigaro.fr\/sports\/tennis\/tennis-goffin-cree-la-surprise-contre-shelton-bonzi-tombe-contre-diallo-a-shanghai-20251003\" data-fig-type=\"NewsFlash\" data-gtm-custom-categorie=\"navigation\" data-gtm-custom-action=\"crossclick\" data-gtm-custom-label=\"Contextuel\" data-gtm-event=\"customEventSPE\" data-fig-domain=\"LEFIGARO\" target=\"_blank\" rel=\"noopener\">WTA 1000 de P\u00e9kin<\/a>\u00a0en \u00e9cartant la Britannique Sonay Kartal (81e) 6-3, 6-4.<\/p>\n<p class=\"fig-paragraph\">Noskova (23 ans), qui a remport\u00e9 l&rsquo;an dernier \u00e0 Monterrey le seul titre \u00e0 son palmar\u00e8s, visera une deuxi\u00e8me finale cette ann\u00e9e apr\u00e8s Prague, la cinqui\u00e8me au total.<\/p>\n<p>                                    <a class=\"fig-a11y-skip a11y-hidden\" href=\"#fig-a11y-skip-main-inarticle\"><br \/>\n        Passer la publicit\u00e9<br \/>\n    <\/a><\/p>\n<p class=\"fig-paragraph\">Elle devra pour cela \u00e9carter en demies Jessica Pegula (7e) ou sa compatriote am\u00e9ricaine Emma Navarro (17e).<\/p>\n<p class=\"fig-paragraph\">L&rsquo;autre demi-finale opposera deux Am\u00e9ricaines: Coco Gauff (3e) et Amanda Anisimova (4e).<\/p>\n","protected":false},"excerpt":{"rendered":"La 27e mondiale s\u2019est balad\u00e9e contre la britannique Sonay Kartal. Elle affrontera pour une place en finale Jessica&hellip;\n","protected":false},"author":2,"featured_media":435778,"comment_status":"","ping_status":"","sticky":false,"template":"","format":"standard","meta":{"footnotes":""},"categories":[1415],"tags":[47,4169,525,1981,4178,4179,1011,27,1114,3996,4177,4176,4174,4175,1980,4171,60,1467,4172,4173,4170],"class_list":{"0":"post-435777","1":"post","2":"type-post","3":"status-publish","4":"format-standard","5":"has-post-thumbnail","7":"category-tennis","8":"tag-actualite","9":"tag-atp","10":"tag-calendrier","11":"tag-classement","12":"tag-coupe-davis","13":"tag-fed-cup","14":"tag-fr","15":"tag-france","16":"tag-infos","17":"tag-jeux-olympiques","18":"tag-masters-1000","19":"tag-masters-500","20":"tag-masters-series","21":"tag-open-daustralie","22":"tag-resultats","23":"tag-roland-garros","24":"tag-sports","25":"tag-tennis","26":"tag-us-open","27":"tag-wimbledon","28":"tag-wta"},"share_on_mastodon":{"url":"https:\/\/pubeurope.com\/@fr\/115309408584328782","error":""},"_links":{"self":[{"href":"https:\/\/www.europesays.com\/fr\/wp-json\/wp\/v2\/posts\/435777","targetHints":{"allow":["GET"]}}],"collection":[{"href":"https:\/\/www.europesays.com\/fr\/wp-json\/wp\/v2\/posts"}],"about":[{"href":"https:\/\/www.europesays.com\/fr\/wp-json\/wp\/v2\/types\/post"}],"author":[{"embeddable":true,"href":"https:\/\/www.europesays.com\/fr\/wp-json\/wp\/v2\/users\/2"}],"replies":[{"embeddable":true,"href":"https:\/\/www.europesays.com\/fr\/wp-json\/wp\/v2\/comments?post=435777"}],"version-history":[{"count":0,"href":"https:\/\/www.europesays.com\/fr\/wp-json\/wp\/v2\/posts\/435777\/revisions"}],"wp:featuredmedia":[{"embeddable":true,"href":"https:\/\/www.europesays.com\/fr\/wp-json\/wp\/v2\/media\/435778"}],"wp:attachment":[{"href":"https:\/\/www.europesays.com\/fr\/wp-json\/wp\/v2\/media?parent=435777"}],"wp:term":[{"taxonomy":"category","embeddable":true,"href":"https:\/\/www.europesays.com\/fr\/wp-json\/wp\/v2\/categories?post=435777"},{"taxonomy":"post_tag","embeddable":true,"href":"https:\/\/www.europesays.com\/fr\/wp-json\/wp\/v2\/tags?post=435777"}],"curies":[{"name":"wp","href":"https:\/\/api.w.org\/{rel}","templated":true}]}}