{"id":435781,"date":"2025-10-03T09:00:14","date_gmt":"2025-10-03T09:00:14","guid":{"rendered":"https:\/\/www.europesays.com\/fr\/435781\/"},"modified":"2025-10-03T09:00:14","modified_gmt":"2025-10-03T09:00:14","slug":"gravement-blessee-federica-brignone-a-en-tete-les-jo-2026-a-domicile","status":"publish","type":"post","link":"https:\/\/www.europesays.com\/fr\/435781\/","title":{"rendered":"gravement bless\u00e9e, Federica Brignone a en t\u00eate les JO 2026 \u00e0 domicile"},"content":{"rendered":"<p>Apr\u00e8s avoir survol\u00e9 la derni\u00e8re saison, l\u2019italienne se remet tout doucement de sa grave blessure. Son objectif est de revenir au plus vite pour participer aux JO-2026 chez elle.<\/p>\n<p class=\"fig-paragraph\">Gravement bless\u00e9e \u00e0 la jambe gauche apr\u00e8s avoir survol\u00e9 la saison 2025, l&rsquo;Italienne\u00a0<a href=\"https:\/\/www.lefigaro.fr\/sports\/autres-sports\/ski-alpin-je-crois-que-c-est-encore-possible-pour-cet-hiver-federica-brignone-reve-de-son-retour-20250919?msockid=2338e949ff1a6caa28edff13fe766dd0\" target=\"_blank\" data-fig-type=\"NewsFlash\" rel=\"nofollow noopener\" data-gtm-custom-categorie=\"navigation\" data-gtm-custom-action=\"crossclick\" data-gtm-custom-label=\"Contextuel\" data-gtm-event=\"customEventSPE\" data-fig-domain=\"LEFIGARO\">Federica Brignone<\/a>\u00a0\u00abne sait pas\u00bb si elle pourra skier cet hiver mais veut \u00abdonner son maximum\u00bb pour participer aux\u00a0<a href=\"https:\/\/www.lefigaro.fr\/sports\/jeux-olympiques\" target=\"_blank\" data-fig-type=\"Section\" rel=\"nofollow noopener\" data-gtm-custom-categorie=\"navigation\" data-gtm-custom-action=\"crossclick\" data-gtm-custom-label=\"Contextuel\" data-gtm-event=\"customEventSPE\" data-fig-domain=\"LEFIGARO\">JO-2026<\/a>\u00a0\u00e0 domicile.<\/p>\n<p class=\"fig-paragraph\">\u00abJe ne sais pas si je vais faire la saison ou pas. Je n&rsquo;ai pas cette r\u00e9ponse\u00bb, a-t-elle affirm\u00e9 jeudi lors d&rsquo;un point presse organis\u00e9 chez son \u00e9quipementier \u00e0 Saint-Jean-de-Moirans (Is\u00e8re).<\/p>\n<p>                                    <a class=\"fig-a11y-skip a11y-hidden\" href=\"#fig-a11y-skip-main-inarticle\"><br \/>\n        Passer la publicit\u00e9<br \/>\n    <\/a><\/p>\n<p class=\"fig-paragraph\">\u00abJe vais donner mon maximum mais je ne suis pas pr\u00eate \u00e0 skier encore\u00bb, a ajout\u00e9 l&rsquo;Italienne, vainqueure du classement g\u00e9n\u00e9ral de la Coupe du monde et sacr\u00e9e championne du monde en g\u00e9ant l&rsquo;hiver dernier, avant d&rsquo;\u00eatre victime d&rsquo;une double fracture tibia-p\u00e9ron\u00e9 de la jambe gauche en avril lors des Championnats d&rsquo;Italie, sa derni\u00e8re course de l&rsquo;hiver.<\/p>\n<p class=\"fig-paragraph\">\u00abVu la gravit\u00e9 de l&rsquo;accident, ce n&rsquo;\u00e9tait m\u00eame pas dit que je puisse de nouveau skier ou marcher correctement dans ma vie. Donc ce que je fais, c&rsquo;est d\u00e9j\u00e0 bien\u00bb, a relativis\u00e9 l&rsquo;athl\u00e8te de 35 ans. \u00abMais mon objectif est plus haut: je veux refaire tout ce que j&rsquo;aime, \u00eatre une skieuse \u00e0 100%.\u00bb<\/p>\n<p class=\"fig-paragraph\">Le chemin est encore long pour \u00abFede\u00bb, qui a subi une seconde op\u00e9ration fin juillet pour \u00abacc\u00e9l\u00e9rer\u00bb sa convalescence.<\/p>\n<p class=\"fig-paragraph\">\u00abJ&rsquo;ai essay\u00e9 de courir par exemple mais je ne tiens pas dix minutes, a-t-elle admis. Je ne passe pas un jour sans avoir mal.\u00bb<\/p>\n<p class=\"fig-paragraph\">\u00abVu ce que j&rsquo;ai eu, j&rsquo;ai d\u00e9j\u00e0 retrouv\u00e9 un bon niveau mais \u00eatre une athl\u00e8te qui veut faire des Jeux olympiques&#8230; Ce n&rsquo;est pas encore \u00e7a. Mais je travaille tr\u00e8s fort pour revenir\u00bb, a-t-elle ajout\u00e9.<\/p>\n<p>                                    <a class=\"fig-a11y-skip a11y-hidden\" href=\"#fig-a11y-skip-main-inarticle_mtf\"><br \/>\n        Passer la publicit\u00e9<br \/>\n    <\/a><\/p>\n<p>\u00abJe vais donner mon maximum\u00bb<\/p>\n<p class=\"fig-paragraph\">Federica Brignone sait qu&rsquo;elle ne pourra quoi qu&rsquo;il arrive pas \u00eatre \u00e0 son meilleur niveau lors des JO-2026, qui d\u00e9butent dans quatre mois chez elle en Italie et o\u00f9 elle devait \u00eatre une des principales t\u00eates d&rsquo;affiche.<\/p>\n<p class=\"fig-paragraph\">\u00abJe vais donner mon maximum car je ne veux pas avoir de regrets mais c&rsquo;est d\u00e9j\u00e0 s\u00fbr que ce sera compl\u00e8tement diff\u00e9rent (par rapport \u00e0 l&rsquo;hiver dernier) et il faut l&rsquo;accepter\u00bb, a-t-elle affirm\u00e9.<\/p>\n<p class=\"fig-paragraph\">\u00abMais je n&rsquo;ai pas besoin des JO, a ajout\u00e9 la skieuse qui n&rsquo;a jamais d\u00e9croch\u00e9 l&rsquo;or olympique. Ce que j&rsquo;ai fait dans ma carri\u00e8re, c&rsquo;est d\u00e9j\u00e0 beaucoup plus que ce que j&rsquo;aurais jamais r\u00eav\u00e9. Je n&rsquo;ai pas besoin d&rsquo;\u00eatre aux JO pour voir qui je suis et ce que je fais dans ce sport.\u00bb<\/p>\n","protected":false},"excerpt":{"rendered":"Apr\u00e8s avoir survol\u00e9 la derni\u00e8re saison, l\u2019italienne se remet tout doucement de sa grave blessure. Son objectif est&hellip;\n","protected":false},"author":2,"featured_media":435782,"comment_status":"","ping_status":"","sticky":false,"template":"","format":"standard","meta":{"footnotes":""},"categories":[1412],"tags":[1451,1452,1453,1454,1455,1011,27,4129,60],"class_list":{"0":"post-435781","1":"post","2":"type-post","3":"status-publish","4":"format-standard","5":"has-post-thumbnail","7":"category-f1","8":"tag-f1","9":"tag-formula-1","10":"tag-formula1","11":"tag-formule-1","12":"tag-formule1","13":"tag-fr","14":"tag-france","15":"tag-ski","16":"tag-sports"},"share_on_mastodon":{"url":"https:\/\/pubeurope.com\/@fr\/115309420472060275","error":""},"_links":{"self":[{"href":"https:\/\/www.europesays.com\/fr\/wp-json\/wp\/v2\/posts\/435781","targetHints":{"allow":["GET"]}}],"collection":[{"href":"https:\/\/www.europesays.com\/fr\/wp-json\/wp\/v2\/posts"}],"about":[{"href":"https:\/\/www.europesays.com\/fr\/wp-json\/wp\/v2\/types\/post"}],"author":[{"embeddable":true,"href":"https:\/\/www.europesays.com\/fr\/wp-json\/wp\/v2\/users\/2"}],"replies":[{"embeddable":true,"href":"https:\/\/www.europesays.com\/fr\/wp-json\/wp\/v2\/comments?post=435781"}],"version-history":[{"count":0,"href":"https:\/\/www.europesays.com\/fr\/wp-json\/wp\/v2\/posts\/435781\/revisions"}],"wp:featuredmedia":[{"embeddable":true,"href":"https:\/\/www.europesays.com\/fr\/wp-json\/wp\/v2\/media\/435782"}],"wp:attachment":[{"href":"https:\/\/www.europesays.com\/fr\/wp-json\/wp\/v2\/media?parent=435781"}],"wp:term":[{"taxonomy":"category","embeddable":true,"href":"https:\/\/www.europesays.com\/fr\/wp-json\/wp\/v2\/categories?post=435781"},{"taxonomy":"post_tag","embeddable":true,"href":"https:\/\/www.europesays.com\/fr\/wp-json\/wp\/v2\/tags?post=435781"}],"curies":[{"name":"wp","href":"https:\/\/api.w.org\/{rel}","templated":true}]}}