{"id":435793,"date":"2025-10-03T09:08:31","date_gmt":"2025-10-03T09:08:31","guid":{"rendered":"https:\/\/www.europesays.com\/fr\/435793\/"},"modified":"2025-10-03T09:08:31","modified_gmt":"2025-10-03T09:08:31","slug":"eric-dans-le-viseur-dariane-quel-secret-cache-t-il-plus-belle-la-vie-spoilers-20-au-24-octobre-2025","status":"publish","type":"post","link":"https:\/\/www.europesays.com\/fr\/435793\/","title":{"rendered":"Eric dans le viseur d\u2019Ariane : quel secret cache-t-il ? &#8211; Plus belle la vie (spoilers) 20 au 24 octobre 2025"},"content":{"rendered":"<p>\tLes spoilers des \u00e9pisodes Plus belle la vie en avance de TF1 du 20 au 24 octobre 2025 : Ariane (Lola Marois) d\u00e9couvre des zones d\u2019ombre chez Eric (R\u00e9gis Maynard), par rapport aux Kepler ? Tous les r\u00e9sum\u00e9s courts de #PBLV en avance ici.<br \/>\n<img fetchpriority=\"high\" decoding=\"async\" aria-describedby=\"caption-attachment-318539\" src=\"https:\/\/www.europesays.com\/fr\/wp-content\/uploads\/2025\/10\/ariane-eric-pblv.jpg\" alt=\"Ariane et Eric dans plus belle la vie\" width=\"1280\" height=\"720\" class=\"size-full wp-image-318539\"  \/><\/p>\n<p id=\"caption-attachment-318539\" class=\"wp-caption-text\">Amiti\u00e9 en danger : Ariane (Lola Marois) face aux silences d\u2019Eric (R\u00e9gis Maynard), est-ce li\u00e9 aux Kepler ?<\/p>\n<p>Les <a href=\"https:\/\/www.nouveautes-tele.com\/38439-plus-belle-la-vie-le-guide-des-resumes-et-soilers.html\" rel=\"nofollow noopener\" target=\"_blank\"><strong>spoilers Plus belle la vie, encore plus belle <\/strong><\/a> 3 semaines en avance. <\/p>\n<p>On vous dit tout ce qui va se passer dans la semaine du 20 au 24 octobre 2025 avec les \u00e9pisodes 445 \u00e0 449.<\/p>\n<p><\/p>\n<p><strong>Les guests de la semaine de Plus belle la vie sont <\/strong>:   Bryan Tr\u00e9sor (Baptiste Marci), Rachel Perrin (Laura Tanguy), G\u00e9raldine Masquelier (Sylvie Vavin), na\u00efs Fabre (Audrey Dessaix), Einice Van Hocke (No\u00e9mie Blomet), Pierre Lai (Basile Dupart), Ya\u00ebl Ciancilla (Lauriane),  Elfie Fluk (Mathilde Jaulin), Alex Bourcelet (Sofiane Kalfan @<\/p>\n<p>Plus belle la vie en avance du lundi 20 octobre 2025 <\/p>\n<p><strong>Dans l\u2019\u00e9pisode 445 de Plus belle la vie <\/strong> : Apr\u00e8s l\u2019agression d\u2019une voisine, Morgane (<strong>Jade Pradin<\/strong>) se lance dans une enqu\u00eate sans rel\u00e2che. Ariane commence \u00e0 soup\u00e7onner Eric de lui cacher la v\u00e9rit\u00e9. \u00c0 la colocation, une le\u00e7on impr\u00e9vue menace de semer la discorde entre les habitants.<\/p>\n<p>Plus belle la vie en avance du mardi 21 octobre 2025 <\/p>\n<p><strong>Dans l\u2019\u00e9pisode 446 de Plus belle la vie <\/strong> : Une d\u00e9couverte macabre secoue la r\u00e9sidence, r\u00e9veillant rumeurs et vieilles superstitions. Apolline (<strong>Zo\u00e9 La\u00efb<\/strong>) tente de mettre les choses au clair avec la famille Kepler. Au Mistral, Djawad pr\u00e9pare une f\u00eate d\u2019Halloween qui contraste avec l\u2019ambiance pesante.<\/p>\n<p>Plus belle la vie en avance du mercredi 22 octobre 2025 <\/p>\n<p><strong>Dans l\u2019\u00e9pisode 447 de Plus belle la vie <\/strong> : Une habitante du Mistral est \u00e0 nouveau prise pour cible par une menace myst\u00e9rieuse. Apolline attend avec f\u00e9brilit\u00e9 une d\u00e9cision qui pourrait tout changer. Quant \u00e0 Baptiste (<strong>Bryan Tresor<\/strong>), une nouvelle rencontre risque de provoquer des jalousies.<\/p>\n<p>&#13;<\/p>\n<p>Plus belle la vie en avance du jeudi 23 octobre 2025<br \/>\n<img loading=\"lazy\" decoding=\"async\" aria-describedby=\"caption-attachment-318541\" src=\"data:image\/svg+xml,%3Csvg%20xmlns=\" http:=\"\" alt=\"No\u00e9mie dans plus belle la vie\" width=\"1200\" height=\"692\" class=\"size-full wp-image-318541\" data-lazy- data-lazy- data-lazy-src=\"https:\/\/www.europesays.com\/fr\/wp-content\/uploads\/2025\/10\/noemie.jpg\"\/><\/p>\n<p id=\"caption-attachment-318541\" class=\"wp-caption-text\">No\u00e9mie est-elle l\u2019\u00e9tudiante qui va mourir ?<\/p>\n<p><strong>Dans l\u2019\u00e9pisode 448 de Plus belle la vie <\/strong> : Face \u00e0 l\u2019aggravation de l\u2019\u00e9tat de sant\u00e9 d\u2019une r\u00e9sidente, Patrick ouvre une enqu\u00eate. Djawad (<strong>David Baiot<\/strong>) ne sait que d\u00e9cider entre les id\u00e9es d\u2019Aya et Luna pour Halloween. \u00c0 l\u2019universit\u00e9, Zo\u00e9 d\u00e9fend les \u00e9tudiants\u2026 quitte \u00e0 user de mensonges pour y parvenir.<br \/>\nPlus belle la vie en avance du vendredi 24 octobre 2025 <\/p>\n<p><strong>Dans l\u2019\u00e9pisode 449 de Plus belle la vie <\/strong> : Un mal \u00e9trange frappe une r\u00e9sidente, alimentant rumeurs et croyances inqui\u00e9tantes. Zo\u00e9 (<strong>Manon Chevallier<\/strong>), en tentant d\u2019intervenir, se retrouve dans une position d\u00e9licate. Pendant ce temps, Baptiste est boulevers\u00e9 par un appel \u00e0 l\u2019aide inqui\u00e9tant venu du Mistral.<\/p>\n<p style=\"font-size:18px; font-weight:bold; margin-bottom:10px; color:#002147;\">&#13;<br \/>\n    \ud83d\udc8c Abonnez-vous \u00e0 la newsletter Nouveaut\u00e9s T\u00e9l\u00e9 DNA, ITC, PBLV &amp; USGS&#13;\n  <\/p>\n<p style=\"font-size:14px; margin-bottom:15px; color:#555;\">&#13;<br \/>\n    \ud83d\udce9 Soyez pr\u00e9venu par mail <strong>d\u00e8s la publication d&rsquo;un article Demain nous appartient, Ici tout commence, Plus belle la vie et Un si grand soleil <\/strong>.  &#13;<br \/>\n    \ud83d\udc49 Gratuit, et d\u00e9sinscription possible \u00e0 tout moment.&#13;\n  <\/p>\n<p>&#13;<br \/>\n&#13;<\/p>\n<p>\ud83d\udcac Et vous, que pensez-vous des prochains \u00e9pisodes du feuilleton quotidien Plus belle la vie  sur TF1 ?<br \/>R\u00e9agissez en commentaire ou rejoignez les fans sur notre <a href=\"https:\/\/www.nouveautes-tele.com\/57711-forum-plus-belle-la-vie-france-3-vos-avis.html\" rel=\"nofollow noopener\" target=\"_blank\"><strong>forum PBLV<\/strong><\/a> !<\/p>\n<p>-&gt; N&rsquo;h\u00e9sitez pas \u00e0 nous suivre sur <a href=\"https:\/\/whatsapp.com\/channel\/0029Vaff4LEFcowCVHrXqx17\" target=\"_blank\" rel=\"noopener nofollow\"><strong>notre cha\u00eene WhatsApp<\/strong><\/a> pour ne rien manquer des derni\u00e8res actualit\u00e9s de Nouveaut\u00e9s-T\u00e9l\u00e9. &#13;<br \/>\n&#13;<\/p>\n<p>&#13;<\/p>\n<p>                          <img loading=\"lazy\" decoding=\"async\" width=\"512\" height=\"512\" src=\"data:image\/svg+xml,%3Csvg%20xmlns=\" http:=\"\" alt=\"Logo de Nouveaut\u00e9 t\u00e9l\u00e9\" data-lazy-src=\"https:\/\/www.europesays.com\/fr\/wp-content\/uploads\/2025\/06\/nt-logo.png\"\/><\/p>\n<p>\t\t\t  Isabelle Corteilles<\/p>\n<p>Titou, fondatrice de Nouveaut\u00e9s T\u00e9l\u00e9 en 2014, passionn\u00e9e de m\u00e9dias et incollable sur l\u2019actualit\u00e9 des s\u00e9ries t\u00e9l\u00e9. De la g\u00e9n\u00e9ration Dawson\u2019s Creek et Sous le Soleil, je navigue aujourd\u2019hui entre le Spoon de DNA, les marais salants d\u2019ITC, le Mistral de PBLV et les Sauvages d\u2019Un Si Grand Soleil, pour ne rien rater des derni\u00e8res intrigues et des indiscr\u00e9tions.<\/p>\n","protected":false},"excerpt":{"rendered":"Les spoilers des \u00e9pisodes Plus belle la vie en avance de TF1 du 20 au 24 octobre 2025&hellip;\n","protected":false},"author":2,"featured_media":435794,"comment_status":"","ping_status":"","sticky":false,"template":"","format":"standard","meta":{"footnotes":""},"categories":[1356],"tags":[58,59,1011,27,252,1364],"class_list":{"0":"post-435793","1":"post","2":"type-post","3":"status-publish","4":"format-standard","5":"has-post-thumbnail","7":"category-television","8":"tag-divertissement","9":"tag-entertainment","10":"tag-fr","11":"tag-france","12":"tag-television","13":"tag-tv"},"share_on_mastodon":{"url":"https:\/\/pubeurope.com\/@fr\/115309451919406601","error":""},"_links":{"self":[{"href":"https:\/\/www.europesays.com\/fr\/wp-json\/wp\/v2\/posts\/435793","targetHints":{"allow":["GET"]}}],"collection":[{"href":"https:\/\/www.europesays.com\/fr\/wp-json\/wp\/v2\/posts"}],"about":[{"href":"https:\/\/www.europesays.com\/fr\/wp-json\/wp\/v2\/types\/post"}],"author":[{"embeddable":true,"href":"https:\/\/www.europesays.com\/fr\/wp-json\/wp\/v2\/users\/2"}],"replies":[{"embeddable":true,"href":"https:\/\/www.europesays.com\/fr\/wp-json\/wp\/v2\/comments?post=435793"}],"version-history":[{"count":0,"href":"https:\/\/www.europesays.com\/fr\/wp-json\/wp\/v2\/posts\/435793\/revisions"}],"wp:featuredmedia":[{"embeddable":true,"href":"https:\/\/www.europesays.com\/fr\/wp-json\/wp\/v2\/media\/435794"}],"wp:attachment":[{"href":"https:\/\/www.europesays.com\/fr\/wp-json\/wp\/v2\/media?parent=435793"}],"wp:term":[{"taxonomy":"category","embeddable":true,"href":"https:\/\/www.europesays.com\/fr\/wp-json\/wp\/v2\/categories?post=435793"},{"taxonomy":"post_tag","embeddable":true,"href":"https:\/\/www.europesays.com\/fr\/wp-json\/wp\/v2\/tags?post=435793"}],"curies":[{"name":"wp","href":"https:\/\/api.w.org\/{rel}","templated":true}]}}