{"id":435805,"date":"2025-10-03T09:14:09","date_gmt":"2025-10-03T09:14:09","guid":{"rendered":"https:\/\/www.europesays.com\/fr\/435805\/"},"modified":"2025-10-03T09:14:09","modified_gmt":"2025-10-03T09:14:09","slug":"un-francais-capture-une-comete-avant-la-nasa-lexploit-dun-amateur-du-doubs-propulse-a-la-une-mondiale-par-lagence-spatiale-lejournaleconomique-com","status":"publish","type":"post","link":"https:\/\/www.europesays.com\/fr\/435805\/","title":{"rendered":"\u00ab Un Fran\u00e7ais capture une com\u00e8te avant la NASA \u00bb : l\u2019exploit d\u2019un amateur du Doubs propuls\u00e9 \u00e0 la Une mondiale par l\u2019agence spatiale &#8211; lejournaleconomique.com"},"content":{"rendered":"<ol>\n<li><a href=\"https:\/\/news.google.com\/rss\/articles\/CBMi_wFBVV95cUxOV0VEVVVvekc1dTJNTFBOUDlGenlxOUItRi1SS2JGYXpDTGk0cFJFaklVQWNvLVJDUEFka3gySUZGajRxdDFhb1hYdDNFVEg1Q1dfVWZoZk9MQlJDYzNZSkpjWVZFY1UyWF9jRjRCMVF0QUJRNXl1d2k1dUl6RkdocUVWQUJTXzRYcHl0UFJFelpBR0pJdkxzY2pndDVZeE9vX1AteUVWSjR1THlVZFRRQnRWWS1xdXlUakpnQmZEa3dZYTZ3d0l1MUlla1ZMVDRvWnhyMVh1YVZCSlhFd1R5bHhGb2pnVThhcDRrdmJNT1k1bGNqOGxZdEJTWnNpZzA?oc=5\" target=\"_blank\" rel=\"nofollow noopener\">\u00ab Un Fran\u00e7ais capture une com\u00e8te avant la NASA \u00bb : l\u2019exploit d\u2019un amateur du Doubs propuls\u00e9 \u00e0 la Une mondiale par l\u2019agence spatiale<\/a>&nbsp;&nbsp;lejournaleconomique.com<\/li>\n<li><a href=\"https:\/\/news.google.com\/rss\/articles\/CBMiiAFBVV95cUxNcE4wRloyRkR0VzA3X1F3c0hESFFwaVBvY3lvejRDWmhhYnpCUFNMZW43Znh5MmFRRUVmSWR1Zi05TmVWcW13eWhQMUhsZUthSFl3OVJua1U0TXJJT3V0S1IwRFh1TGQ0SllVODlBZUdBVGFDLUJ6bUZqdW9QWlBNSm4tYnIzNHdJ?oc=5\" target=\"_blank\" rel=\"nofollow noopener\">2 belles com\u00e8tes en octobre 2025 : Lemmon et SWAN<\/a>&nbsp;&nbsp;Stelvision<\/li>\n<li><a href=\"https:\/\/news.google.com\/rss\/articles\/CBMilwJBVV95cUxOYUxNeXVBV2dTc2tTbzkwa3Y4cUpTTkFTYXJuTEJ0OUdSZ3ZhV3YxaVB5a1pHUXFTVlMtRVJ4X0FJSVJoRXpQQkYzbmdLR1Z5WWVsTS1zT1JTbGItYWFrTGhtSTNnSkpfVWFwNExHS2JVVzhrZ2phTnpWN2JKZWxZbm1DV2dmZFJ4N0dFWDJqTHhEVXI5eFVudE13bV80bXgySUt1TW9RbDNBd2VGaEp3X2UzbHlySU9sNGlvaFQ3aWFNRzRnU0syYm5RdUxWOU01TE82Z19SZ2tNN1FvREV1eWI5N0RZZnBBS1dwbEtJWFB1eHE1aUtNUzB0UnRaWjhZeVhGMVhUbXl5VFE0eHExWHBRZWtXME0?oc=5\" target=\"_blank\" rel=\"nofollow noopener\">Notre serveur a explos\u00e9 ! \u00bb : reprise par la Nasa, la photo de ce passionn\u00e9 d\u2019astronomie du Doubs fait le tour du monde<\/a>&nbsp;&nbsp;Le Parisien<\/li>\n<li><a href=\"https:\/\/news.google.com\/rss\/articles\/CBMi6AFBVV95cUxNSDJsYTRZdkRBNGZiZDlkdm82UlJ5R3V6aVRSWFdMSHdRZWNGalhMaWlTOTlfc2ozZFpXYkVMTEVZMmNXeUZ4V3JVa29YdnRuQ3Z5cmQxSjZMOTd5RjI1UjhkOGxpemVPMWpXcFI1cEVEN1hzVzVZazV0R0dReHBYdEF2clhxakhmMnZKdHRzbUlubTMtbjFiMFRtVHhOOWV0SzBRejZieWhsa1puNEdXd2cxcG9UaVowR2d5QklaSkdLLWtoZGpPc1I0RVJqRlB5M2ZBYVJ4WlpSckFJRXFieF81LVloRFVE?oc=5\" target=\"_blank\" rel=\"nofollow noopener\">La com\u00e8te C\/2025 R2 (et son immense queue) devrait bient\u00f4t \u00eatre visible en France : voici quand l&rsquo;observer<\/a>&nbsp;&nbsp;Actu.fr<\/li>\n<li><a href=\"https:\/\/news.google.com\/rss\/articles\/CBMi6wFBVV95cUxOTUNJQjN0V1lKZkU5TDk1YUFBekFLaFBsNGRLSmFRb2FXMmRaUFhzZ2Z6VktVOTRBdWZ6Vk11cjZQTDZSU1lrbnhaSVg3VlUyaEtqV1ViYTBTWkVwZDdidWc1NGttYkZ5UGNhekNpZkRnenY1N1Jld3FEVDBHXzUxQklnZDRtNnlzY2FCRnNQRUF0QjFqeHpwWlItNlJ6eUdwbEZ1bTltck1BTkpDNEgybHNXZ2dSOEJnNGZBazJfelVTNzkwSDU2dUFBdjdoNlptS3JweC1mWXVtT2l0RWJVV1NCeXUwdlQ3M0s0?oc=5\" target=\"_blank\" rel=\"nofollow noopener\">Une nouvelle com\u00e8te magnifique et visible \u00e0 l&rsquo;\u0153il nu s&rsquo;annonce pour la fin octobre<\/a>&nbsp;&nbsp;Les Num\u00e9riques<\/li>\n<\/ol>\n","protected":false},"excerpt":{"rendered":"\u00ab Un Fran\u00e7ais capture une com\u00e8te avant la NASA \u00bb : l\u2019exploit d\u2019un amateur du Doubs propuls\u00e9 \u00e0&hellip;\n","protected":false},"author":2,"featured_media":395849,"comment_status":"","ping_status":"","sticky":false,"template":"","format":"standard","meta":{"footnotes":""},"categories":[7],"tags":[1011,27,43,40,41,39,42,44],"class_list":{"0":"post-435805","1":"post","2":"type-post","3":"status-publish","4":"format-standard","5":"has-post-thumbnail","7":"category-sciences-et-technologies","8":"tag-fr","9":"tag-france","10":"tag-science","11":"tag-science-and-technology","12":"tag-sciences","13":"tag-sciences-et-technologies","14":"tag-technologies","15":"tag-technology"},"share_on_mastodon":{"url":"https:\/\/pubeurope.com\/@fr\/115309475608693375","error":""},"_links":{"self":[{"href":"https:\/\/www.europesays.com\/fr\/wp-json\/wp\/v2\/posts\/435805","targetHints":{"allow":["GET"]}}],"collection":[{"href":"https:\/\/www.europesays.com\/fr\/wp-json\/wp\/v2\/posts"}],"about":[{"href":"https:\/\/www.europesays.com\/fr\/wp-json\/wp\/v2\/types\/post"}],"author":[{"embeddable":true,"href":"https:\/\/www.europesays.com\/fr\/wp-json\/wp\/v2\/users\/2"}],"replies":[{"embeddable":true,"href":"https:\/\/www.europesays.com\/fr\/wp-json\/wp\/v2\/comments?post=435805"}],"version-history":[{"count":0,"href":"https:\/\/www.europesays.com\/fr\/wp-json\/wp\/v2\/posts\/435805\/revisions"}],"wp:featuredmedia":[{"embeddable":true,"href":"https:\/\/www.europesays.com\/fr\/wp-json\/wp\/v2\/media\/395849"}],"wp:attachment":[{"href":"https:\/\/www.europesays.com\/fr\/wp-json\/wp\/v2\/media?parent=435805"}],"wp:term":[{"taxonomy":"category","embeddable":true,"href":"https:\/\/www.europesays.com\/fr\/wp-json\/wp\/v2\/categories?post=435805"},{"taxonomy":"post_tag","embeddable":true,"href":"https:\/\/www.europesays.com\/fr\/wp-json\/wp\/v2\/tags?post=435805"}],"curies":[{"name":"wp","href":"https:\/\/api.w.org\/{rel}","templated":true}]}}