{"id":435806,"date":"2025-10-03T09:15:13","date_gmt":"2025-10-03T09:15:13","guid":{"rendered":"https:\/\/www.europesays.com\/fr\/435806\/"},"modified":"2025-10-03T09:15:13","modified_gmt":"2025-10-03T09:15:13","slug":"amazon-se-met-au-hard-discount-avec-haul-le-geant-americain-copie-temu-et-shein-et-promet-des-articles-a-1-e-en-france-lejournaleconomique-com","status":"publish","type":"post","link":"https:\/\/www.europesays.com\/fr\/435806\/","title":{"rendered":"\u00ab Amazon se met au hard discount \u00bb : avec Haul, le g\u00e9ant am\u00e9ricain copie Temu et Shein et promet des articles \u00e0 1 \u20ac en France &#8211; lejournaleconomique.com"},"content":{"rendered":"<ol>\n<li><a href=\"https:\/\/news.google.com\/rss\/articles\/CBMi-gFBVV95cUxPVmlYanpyTjVFWnhXOUVDQkYwQW9qdTZwSFF0MVY5RVZNWWR4U2FJVC1BOWk3aXJFX2g3YXJ6emZKRVhFRFdaT2ZscFExU1AwMVdVWmc0Vk1VTUtvejN6QUhDOS04c1NkRDUxZlVSNGFFc2Nvcm9WY3ZVdXhsTWl4VUVra3dIaFVsRXFmTThDWVMxRXpzczlacDUyX1ZXb19wZ1dCd0ZnYWhxdzh0a1dzcE9MSHh1bzlteUI5YWN2eEV3bGxfaHZsdGN0LUJ4QWFwZFRQTEJlazZPZ2lVS29VN3VEVm52UkVvVkFnVlZ2cTNVTWczTFFfTjBn?oc=5\" target=\"_blank\" rel=\"nofollow noopener\">\u00ab Amazon se met au hard discount \u00bb : avec Haul, le g\u00e9ant am\u00e9ricain copie Temu et Shein et promet des articles \u00e0 1 \u20ac en France<\/a>&nbsp;&nbsp;lejournaleconomique.com<\/li>\n<li><a href=\"https:\/\/news.google.com\/rss\/articles\/CBMi-gFBVV95cUxQUEV0WDVOcnBmZ3I0QUtpTTdGY0lZeXZhMFhxNW1ZbG5qdV9NZ3A1em82aEJfNHFvUzRCQmZoLTNhdmRMelhNX2hHeWc2TmYyeHdkamNGbFZWOXVjUGh4bEtLZXVoa0x5MVNkWER0eDV0aXRHWDBSOFFOQlpTV1BzbEw2S0llaHZJTlUxd19uR01WSFdFWGZIYXVMaDJCR0FoX2ZpaWR1bUtNSkVtbEd6NVd0dDduUmU2QzBxbG54NEJvYllBVjAyTm9kMzROcTdTejFOVGhBeVpSX1FjcTY0clQtQk04dmVuMGk3YmFweWJKZ2ZtLTFRTE9n?oc=5\" target=\"_blank\" rel=\"nofollow noopener\">Amazon Haul arrive en France pour concurrencer Temu et Shein sur le terrain des tout petits prix<\/a>&nbsp;&nbsp;Les Echos<\/li>\n<li><a href=\"https:\/\/news.google.com\/rss\/articles\/CBMiigJBVV95cUxPalVIZjdmZnMzTVJOMmsxQ2RmNk4yU0l0enBhLWRSczl6ZllvNlBmOEtMQ3pQMjNiSm5JQjNZRkVDR0hEOEdtVnpXOUVkYmxHWEFOTHViWEtybDNNSFRKbDZ6a2E5Z2lmWlBkYlAySGtkTHRaMGEwcFl6U3pSWDhwZFVOOGxnLUtOZVhzTzJnd2JYV3RqV2ZqMmRTWHpGd3FyOC1yOWk5eEZrRjdYcTRrdEpJelQzQzRXVWx1YXZGOW1xUnRXVk1wZzg5cDBwRTZOVkI2T0ZqczhGcTJmbDZXWmU3bGh4SEd3ZnFXTGNaT1ZSejg3QnF6U3JNUDQtZ0Zxd3JkVG0zMGI0UQ?oc=5\" target=\"_blank\" rel=\"nofollow noopener\">Tout \u00e0 20 euros ou moins : ce qu\u2019il faut savoir sur Amazon Haul, qui vient d\u2019arriver en France<\/a>&nbsp;&nbsp;Ouest-France<\/li>\n<li><a href=\"https:\/\/news.google.com\/rss\/articles\/CBMizwFBVV95cUxQOFp0OWdERkdjSGFEdTBBeFhxd1doRERyNE5EZkFfekVhU1ZDbHhCdnVQNjFsNC1zQWpmNDBQVTQwZ2FDZ3QzNy1nVFpCX2dYYUhiVVd6NDBTTEZGNnBrRU9JOGpNQVNXTGZTSkdGak5HWFdUVTBKTmQ2NThjX3YyNDZpaFoweUE1bGFjc2xTTE1Nc1FqVGRidGw2UzRQSVc0SVFxaXhXN1k2THppVGs1RmdMbUdvVzFjSGREck1kUkdQQ1pTUHZ4VV9hX3MwUEU?oc=5\" target=\"_blank\" rel=\"nofollow noopener\">Des produits de 1 \u00e0 20 euros : Amazon lance Haul en France, sa riposte \u00e0 Shein et Temu<\/a>&nbsp;&nbsp;Le Figaro<\/li>\n<li><a href=\"https:\/\/news.google.com\/rss\/articles\/CBMi0wFBVV95cUxOVmRNNnMzXzlDTmdqVFR4M2UySzhNN2tpbGZGTTNHZWV4b181Z1hYd0owV1Y5NnVhc3AtV2ptbmo4QndVcnhJTi1rcjhmNml1ZGFfWmplNlJ2MktEcGxlTElDU1YzR2FDQlNfX1JhUktZSEMwRklkUDV5ZGM3bEVLNzZISVFyZldxb2NKQ011Sld0aW9ha3hfOWpMbURJNzhDVTc5ZHJmZHNBLXBrU0k1OXktM2Y5eU5RUGRUN1pHWEdMSEwxQlBrME5rMWxQSnA2U3VN?oc=5\" target=\"_blank\" rel=\"nofollow noopener\">Consommation. Apr\u00e8s Shein et Temu, Amazon Haul d\u00e9barque en France avec des milliers de gadgets \u00e0 bas prix<\/a>&nbsp;&nbsp;Le Dauphin\u00e9 Lib\u00e9r\u00e9<\/li>\n<\/ol>\n","protected":false},"excerpt":{"rendered":"\u00ab Amazon se met au hard discount \u00bb : avec Haul, le g\u00e9ant am\u00e9ricain copie Temu et Shein&hellip;\n","protected":false},"author":2,"featured_media":395849,"comment_status":"","ping_status":"","sticky":false,"template":"","format":"standard","meta":{"footnotes":""},"categories":[6],"tags":[35,33,34,1011,27],"class_list":{"0":"post-435806","1":"post","2":"type-post","3":"status-publish","4":"format-standard","5":"has-post-thumbnail","7":"category-economie","8":"tag-business","9":"tag-economie","10":"tag-economy","11":"tag-fr","12":"tag-france"},"share_on_mastodon":{"url":"https:\/\/pubeurope.com\/@fr\/115309479513390831","error":""},"_links":{"self":[{"href":"https:\/\/www.europesays.com\/fr\/wp-json\/wp\/v2\/posts\/435806","targetHints":{"allow":["GET"]}}],"collection":[{"href":"https:\/\/www.europesays.com\/fr\/wp-json\/wp\/v2\/posts"}],"about":[{"href":"https:\/\/www.europesays.com\/fr\/wp-json\/wp\/v2\/types\/post"}],"author":[{"embeddable":true,"href":"https:\/\/www.europesays.com\/fr\/wp-json\/wp\/v2\/users\/2"}],"replies":[{"embeddable":true,"href":"https:\/\/www.europesays.com\/fr\/wp-json\/wp\/v2\/comments?post=435806"}],"version-history":[{"count":0,"href":"https:\/\/www.europesays.com\/fr\/wp-json\/wp\/v2\/posts\/435806\/revisions"}],"wp:featuredmedia":[{"embeddable":true,"href":"https:\/\/www.europesays.com\/fr\/wp-json\/wp\/v2\/media\/395849"}],"wp:attachment":[{"href":"https:\/\/www.europesays.com\/fr\/wp-json\/wp\/v2\/media?parent=435806"}],"wp:term":[{"taxonomy":"category","embeddable":true,"href":"https:\/\/www.europesays.com\/fr\/wp-json\/wp\/v2\/categories?post=435806"},{"taxonomy":"post_tag","embeddable":true,"href":"https:\/\/www.europesays.com\/fr\/wp-json\/wp\/v2\/tags?post=435806"}],"curies":[{"name":"wp","href":"https:\/\/api.w.org\/{rel}","templated":true}]}}