{"id":435830,"date":"2025-10-03T09:28:15","date_gmt":"2025-10-03T09:28:15","guid":{"rendered":"https:\/\/www.europesays.com\/fr\/435830\/"},"modified":"2025-10-03T09:28:15","modified_gmt":"2025-10-03T09:28:15","slug":"primiwild-rouen-fr","status":"publish","type":"post","link":"https:\/\/www.europesays.com\/fr\/435830\/","title":{"rendered":"Primi&rsquo;Wild | Rouen.fr"},"content":{"rendered":"<p><strong>Ouvert depuis la mi-juin au 26, rue de l&rsquo;H\u00f4pital, Primi&rsquo;Wild cr\u00e9\u00e9 par Anthony Carreira, est rapidement devenu le paradis des chiens. On y trouve tout ce qui peut faire le bonheur des canid\u00e9s, des pattes au museau.<\/strong><\/p>\n<p>\u00ab\u00a0Nos animaux m\u00e9ritent le meilleur, nous l&rsquo;avons !\u00a0\u00bb Ce slogan accrocheur, imprim\u00e9 sur les flyers de l&rsquo;enseigne, est \u00e0 la hauteur des produits propos\u00e9s par Anthony Carreira dans sa tr\u00e8s jolie boutique aux murs bleu gris et au mobilier en bois clair.<\/p>\n<p>Des produits uniques, destin\u00e9s \u00e0 tout type de chien &#8211; et de chat car il y a aussi un espace pour eux -, qui ont surtout la particularit\u00e9 d&rsquo;\u00eatre adapt\u00e9s aux toutous souffrant d&rsquo;intol\u00e9rance alimentaire ou d&rsquo;allergies diverses.\u00a0<\/p>\n<p>\u00ab\u00a0Le buffle est plus digeste que le boeuf, le canard l&rsquo;est plus que le poulet, explique le fondateur de Primi&rsquo;Wild. Je propose donc des friandises, des produits de mastication naturelle qui contribuent \u00e0 r\u00e9duire le tartre et le stress et de l&rsquo;alimentation humide que les chiens vont parfaitement tol\u00e9rer.\u00a0\u00bb\u00a0<\/p>\n<p>Oreilles de lapin, museau de porc et autres cous de dinde c\u00f4toient sur le pr\u00e9sentoir bois de cerf, de daim et autres barres de fromage aromatis\u00e9es.\u00a0<\/p>\n<p>Des produits de soin pour les probl\u00e8mes de peau de l&rsquo;animal aux compl\u00e9ments alimentaires, tous poss\u00e8dent un agr\u00e9ment v\u00e9t\u00e9rinaire, sont \u00e0 80 % de marques fran\u00e7aises (le reste vient de l&rsquo;Europe) et sont test\u00e9s par Anthony Carreira et son \u00e9quipe, constitu\u00e9e de membres de longue date de sa communaut\u00e9.\u00a0 \u00a0<\/p>\n<p>\u00ab\u00a0Je suis extr\u00eamement pointilleux sur les choix que je fais, pr\u00e9cise le Rouennais. Pour chaque produit, je sais exactement pour quelle raison je le propose \u00e0 mes clients, du jeu d&rsquo;occupation jusqu&rsquo;au harnais. Je veux non seulement que \u00e7a soit beau, mais aussi que \u00e7a dure.\u00a0\u00bb<\/p>\n<p><img decoding=\"async\" alt=\"2_2.jpg\" src=\"https:\/\/www.europesays.com\/fr\/wp-content\/uploads\/2025\/10\/2_2.jpg\"\/><\/p>\n<p>On retrouvera donc \u00e0 Primi&rsquo;Wild l&rsquo;incontournable marque danoise Dog Copenhagen recommand\u00e9e par les v\u00e9t\u00e9rinaires et les ost\u00e9opathes animaliers pour ses harnais ergonomiques tr\u00e8s color\u00e9s avec ses laisses et sacs \u00e0 crottes assortis.\u00a0<\/p>\n<p>Les quatre pattes appr\u00e9cieront \u00e9galement le confort moelleux des paniers en velours c\u00f4tel\u00e9 couleur vert olive, cr\u00e8me ou caramel, issus d&rsquo;une entreprise artisanale portugaise, enti\u00e8rement d\u00e9houssables et anti-d\u00e9rapants.\u00a0Sans oublier les manteaux chics de toute taille \u00e0 porter par temps humide ou d\u00e8s les premiers frimats.\u00a0<\/p>\n<p>Cette incroyable aventure n&rsquo;aurait certainement jamais vu le jour sans les deux bouledogues fran\u00e7ais d&rsquo;Anthony Carreira qui, allergiques au boeuf et au porc, ont amen\u00e9 leur ma\u00eetre il y a quelques ann\u00e9es \u00e0 rechercher sur Internet des produits appropri\u00e9s qui n&rsquo;existent pas chez les distributeurs classiques.\u00a0\u00a0<\/p>\n<p>De fil en aiguille et de contact en contact, le cr\u00e9ateur de Primi&rsquo;Wild, parall\u00e8lement \u00e0 son travail, lance son site Internet en 2022 pour r\u00e9pondre \u00e0 une demande de plus en plus forte venant de propri\u00e9taires dont les chiens rencontraient les m\u00eames probl\u00e9matiques.\u00a0<\/p>\n<p>Face \u00e0 un engouement croissant, trois ans plus tard, la boutique est ouverte en centre-ville. Du bon, du beau et du durable pour le plus grand bonheur des ma\u00eetres et de leurs compagnons \u00e0 quatre pattes.\u00a0<\/p>\n<p>Les infos sur la boutiquePrimi&rsquo;Wild<\/p>\n<p>26 rue de l&rsquo;H\u00f4pital<\/p>\n<p>Ouvert du mardi au samedi de 10h30 \u00e0 19h<\/p>\n<p>T\u00e9l. : 07 69 56 34 50<\/p>\n<p>Site Internet : <a href=\"http:\/\/www.primiwild.com\" target=\"_blank\" class=\"elf-external elf-icon\" rel=\"nofollow noopener\">www.primiwild.com<\/a> (click and collect \u00e0 la boutique)\u00a0<\/p>\n<p><a href=\"https:\/\/www.instagram.com\/primiwild\/\" target=\"_blank\" class=\"elf-external elf-icon\" rel=\"nofollow noopener\">Compte Instagram Primiwild<\/a>\u00a0 \u00a0 \u00a0 \u00a0 \u00a0\u00a0<\/p>\n<p><script async src=\"\/\/www.instagram.com\/embed.js\"><\/script><\/p>\n","protected":false},"excerpt":{"rendered":"Ouvert depuis la mi-juin au 26, rue de l&rsquo;H\u00f4pital, Primi&rsquo;Wild cr\u00e9\u00e9 par Anthony Carreira, est rapidement devenu le&hellip;\n","protected":false},"author":2,"featured_media":435831,"comment_status":"","ping_status":"","sticky":false,"template":"","format":"standard","meta":{"footnotes":""},"categories":[9587],"tags":[1111,11,1777,674,1011,27,12,5161,25,9590],"class_list":{"0":"post-435830","1":"post","2":"type-post","3":"status-publish","4":"format-standard","5":"has-post-thumbnail","7":"category-rouen","8":"tag-actu","9":"tag-actualites","10":"tag-eu","11":"tag-europe","12":"tag-fr","13":"tag-france","14":"tag-news","15":"tag-normandie","16":"tag-republique-francaise","17":"tag-rouen"},"share_on_mastodon":{"url":"https:\/\/pubeurope.com\/@fr\/115309531367199823","error":""},"_links":{"self":[{"href":"https:\/\/www.europesays.com\/fr\/wp-json\/wp\/v2\/posts\/435830","targetHints":{"allow":["GET"]}}],"collection":[{"href":"https:\/\/www.europesays.com\/fr\/wp-json\/wp\/v2\/posts"}],"about":[{"href":"https:\/\/www.europesays.com\/fr\/wp-json\/wp\/v2\/types\/post"}],"author":[{"embeddable":true,"href":"https:\/\/www.europesays.com\/fr\/wp-json\/wp\/v2\/users\/2"}],"replies":[{"embeddable":true,"href":"https:\/\/www.europesays.com\/fr\/wp-json\/wp\/v2\/comments?post=435830"}],"version-history":[{"count":0,"href":"https:\/\/www.europesays.com\/fr\/wp-json\/wp\/v2\/posts\/435830\/revisions"}],"wp:featuredmedia":[{"embeddable":true,"href":"https:\/\/www.europesays.com\/fr\/wp-json\/wp\/v2\/media\/435831"}],"wp:attachment":[{"href":"https:\/\/www.europesays.com\/fr\/wp-json\/wp\/v2\/media?parent=435830"}],"wp:term":[{"taxonomy":"category","embeddable":true,"href":"https:\/\/www.europesays.com\/fr\/wp-json\/wp\/v2\/categories?post=435830"},{"taxonomy":"post_tag","embeddable":true,"href":"https:\/\/www.europesays.com\/fr\/wp-json\/wp\/v2\/tags?post=435830"}],"curies":[{"name":"wp","href":"https:\/\/api.w.org\/{rel}","templated":true}]}}