{"id":43584,"date":"2025-04-22T09:13:08","date_gmt":"2025-04-22T09:13:08","guid":{"rendered":"https:\/\/www.europesays.com\/fr\/43584\/"},"modified":"2025-04-22T09:13:08","modified_gmt":"2025-04-22T09:13:08","slug":"christian-estrosi-prend-une-mesure-pour-lui-rendre-hommage","status":"publish","type":"post","link":"https:\/\/www.europesays.com\/fr\/43584\/","title":{"rendered":"Christian Estrosi prend une mesure pour lui rendre hommage"},"content":{"rendered":"<p>            Par<br \/>\n        <strong><br \/>\n            <a href=\"https:\/\/actu.fr\/auteur\/manon-reinhardt\" title=\"Consulter tous les articles de Manon Reinhardt\" rel=\"nofollow noopener\" target=\"_blank\">Manon Reinhardt<\/a><br \/>\n        <\/strong><\/p>\n<p>        Publi\u00e9 le<\/p>\n<p>            22 avr. 2025 \u00e0 11h00        <\/p>\n<p>Les catholiques du monde entier sont en deuil. Ce lundi 21\u00a0avril 2025, jour de la f\u00eate de P\u00e2ques, le pape Fran\u00e7ois est d\u00e9c\u00e9d\u00e9. \u00c0 <a href=\"https:\/\/actu.fr\/provence-alpes-cote-d-azur\/nice_06088\" rel=\"nofollow noopener\" target=\"_blank\">Nice<\/a> (<a href=\"https:\/\/actu.fr\/provence-alpes-cote-d-azur\/alpes-maritimes_06\" rel=\"nofollow noopener\" target=\"_blank\">Alpes-Maritimes<\/a>), le maire Christian Estrosi a rapidement r\u00e9agi sur ses r\u00e9seaux sociaux \u00e0 cette annonce inattendue et a pris une mesure afin que chacun puisse lui dire adieu.<\/p>\n<p class=\" wall-content\">Voici comment <strong>rendre hommage<\/strong> au souverain pontife.<\/p>\n<p>Un registre de dol\u00e9ances en mairie<\/p>\n<p class=\" wall-content\">Depuis ce lundi matin, les drapeaux sont en berne sur l\u2019h\u00f4tel de Ville. Apr\u00e8s <a href=\"https:\/\/actu.fr\/societe\/le-pape-francois-est-mort-annonce-le-vatican_62254072.html\" rel=\"nofollow noopener\" target=\"_blank\">l\u2019annonce du d\u00e9c\u00e8s du pape Fran\u00e7ois au Vatican<\/a>, le maire de la capitale azur\u00e9enne a souhait\u00e9 prendre plusieurs mesures. Pour permettre aux Ni\u00e7ois de lui faire leurs adieux, les services de Christian Estrosi ont mis en place <strong>un livre d\u2019or<\/strong>.<\/p>\n<p class=\" wall-content\">\u00ab\u2009En hommage \u00e0 Sa Saintet\u00e9 le Pape, dont le d\u00e9c\u00e8s touche des millions de fid\u00e8les \u00e0 travers le monde, les drapeaux de l\u2019H\u00f4tel de Ville de Nice sont mis en berne. Un registre de condol\u00e9ances est disponible sur demande aujourd\u2019hui et en acc\u00e8s libre aux horaires d\u2019ouverture de l\u2019H\u00f4tel de Ville \u00e0 partir de demain\u2009\u00bb, a-t-il indiqu\u00e9 sur X.<\/p>\n<p class=\" wall-content\">\n<p>En acc\u00e8s libre de 8h30 \u00e0 17h<\/p>\n<p class=\" wall-content\">Chacun peut ainsi se rendre \u00e0 la mairie, pendant les horaires d\u2019ouverture soit de 8h30 \u00e0 17h, et mettre un mot s\u2019il le souhaite. Pour l\u2019heure, aucune date de fin n\u2019a \u00e9t\u00e9 pr\u00e9cis\u00e9e. Une messe sera par ailleurs c\u00e9l\u00e9br\u00e9e <a href=\"https:\/\/actu.fr\/provence-alpes-cote-d-azur\/nice_06088\/mort-du-pape-francois-une-messe-va-se-tenir-a-nice-voici-ou-et-quand_62539293.html\" rel=\"nofollow noopener\" target=\"_blank\">ce vendredi 25\u00a0avril dans la cath\u00e9drale Sainte-R\u00e9parate<\/a> dans le Vieux-Nice.<\/p>\n<p>Vid\u00e9os : en ce moment sur Actu<\/p>\n<p class=\" wall-content\">Suivez toute l\u2019actualit\u00e9 de vos villes et m\u00e9dias favoris en vous inscrivant \u00e0 <a href=\"https:\/\/moncompte.actu.fr\" title=\"D\u00e9couvez Mon Actu\" rel=\"nofollow noopener\" data-trk=\"{&quot;cta&quot;:{&quot;action&quot;:&quot;https:\\\/\\\/moncompte.actu.fr&quot;,&quot;category&quot;:&quot;mon compte&quot;,&quot;from&quot;:&quot;article footer&quot;,&quot;name&quot;:&quot;Mon actu&quot;,&quot;type&quot;:&quot;cta&quot;}}\" target=\"_blank\">Mon Actu<\/a>.<\/p>\n","protected":false},"excerpt":{"rendered":"Par Manon Reinhardt Publi\u00e9 le 22 avr. 2025 \u00e0 11h00 Les catholiques du monde entier sont en deuil.&hellip;\n","protected":false},"author":2,"featured_media":43585,"comment_status":"","ping_status":"","sticky":false,"template":"","format":"standard","meta":{"footnotes":""},"categories":[2819],"tags":[1111,11,1777,674,1011,27,12,2401,4692,882,4020,25,104],"class_list":{"0":"post-43584","1":"post","2":"type-post","3":"status-publish","4":"format-standard","5":"has-post-thumbnail","7":"category-nice","8":"tag-actu","9":"tag-actualites","10":"tag-eu","11":"tag-europe","12":"tag-fr","13":"tag-france","14":"tag-news","15":"tag-nice","16":"tag-pape-francois","17":"tag-provence-alpes-cote-dazur","18":"tag-religion","19":"tag-republique-francaise","20":"tag-societe"},"share_on_mastodon":{"url":"https:\/\/pubeurope.com\/@fr\/114380852619946413","error":""},"_links":{"self":[{"href":"https:\/\/www.europesays.com\/fr\/wp-json\/wp\/v2\/posts\/43584","targetHints":{"allow":["GET"]}}],"collection":[{"href":"https:\/\/www.europesays.com\/fr\/wp-json\/wp\/v2\/posts"}],"about":[{"href":"https:\/\/www.europesays.com\/fr\/wp-json\/wp\/v2\/types\/post"}],"author":[{"embeddable":true,"href":"https:\/\/www.europesays.com\/fr\/wp-json\/wp\/v2\/users\/2"}],"replies":[{"embeddable":true,"href":"https:\/\/www.europesays.com\/fr\/wp-json\/wp\/v2\/comments?post=43584"}],"version-history":[{"count":0,"href":"https:\/\/www.europesays.com\/fr\/wp-json\/wp\/v2\/posts\/43584\/revisions"}],"wp:featuredmedia":[{"embeddable":true,"href":"https:\/\/www.europesays.com\/fr\/wp-json\/wp\/v2\/media\/43585"}],"wp:attachment":[{"href":"https:\/\/www.europesays.com\/fr\/wp-json\/wp\/v2\/media?parent=43584"}],"wp:term":[{"taxonomy":"category","embeddable":true,"href":"https:\/\/www.europesays.com\/fr\/wp-json\/wp\/v2\/categories?post=43584"},{"taxonomy":"post_tag","embeddable":true,"href":"https:\/\/www.europesays.com\/fr\/wp-json\/wp\/v2\/tags?post=43584"}],"curies":[{"name":"wp","href":"https:\/\/api.w.org\/{rel}","templated":true}]}}