{"id":435842,"date":"2025-10-03T09:34:22","date_gmt":"2025-10-03T09:34:22","guid":{"rendered":"https:\/\/www.europesays.com\/fr\/435842\/"},"modified":"2025-10-03T09:34:22","modified_gmt":"2025-10-03T09:34:22","slug":"respecter-les-habitants-dans-leur-diversite","status":"publish","type":"post","link":"https:\/\/www.europesays.com\/fr\/435842\/","title":{"rendered":"\u00ab respecter les habitants dans leur diversit\u00e9 \u00bb"},"content":{"rendered":"<p>Jeanne Barseghian, maire EELV de Strasbourg, a r\u00e9pondu \u00e0 la pol\u00e9mique suscit\u00e9e par une campagne d\u2019affichage. Elle avouait \u00eatre \u00ab\u00a0choqu\u00e9e\u00a0\u00bb par ce d\u00e9ferlement de haine en ligne.<\/p>\n<p>\u00ab J\u2019ai \u00e9t\u00e9 choqu\u00e9e d\u2019entendre que des personnes auraient voulu que je censure cette campagne et que j\u2019exclue certains habitants qui n\u2019auraient pas le droit de figurer sur les affiches de la ville de Strasbourg \u00bb, confiait \u00e0 Ici Alsace la maire de Strasbourg (2 octobre).<\/p>\n<p>Cette derni\u00e8re revenait sur la campagne d\u2019affichage con\u00e7ue dans le cadre de l\u2019obtention du label \u00ab Ville amie des a\u00een\u00e9s \u00bb pour la Journ\u00e9e des personnes \u00e2g\u00e9es (1er octobre).<\/p>\n<p><a href=\"https:\/\/www.lecourrierdelatlas.com\/affiche-montrant-une-habitante-voilee-cree-la-polemique-a-strasbourg\/\" target=\"_blank\" rel=\"noopener\">Une affiche, en particulier, celle de Nac\u00e9ra, 66 ans et voil\u00e9e, avait d\u00e9clench\u00e9 une vague de haine en ligne<\/a>. Jeanne Barseghian a appel\u00e9 \u00e0 respecter les habitants \u00ab dans leur diversit\u00e9 \u00bb. En outre, elle a d\u00e9fendu cette campagne et l\u2019engagement \u00ab des personnes qui s\u2019engagent dans des associations ou dans les ateliers participatifs sur la politiques seniors \u00bb.<\/p>\n<p>Publication incendiaire<\/p>\n<p>C\u2019est un message d\u2019Emmanuelle Brisson, ancienne candidate LR aux l\u00e9gislatives, qui a mis le feu aux poudres. Celle qui se d\u00e9finit comme une lanceuse d\u2019alerte avait fustig\u00e9 cette campagne d\u2019affichage (29 septembre)\u00a0: \u00ab\u00a0Une ville qui choisit une femme voil\u00e9e pour incarner sa \u201cdouceur\u201d, c\u2019est une ville qui tourne le dos \u00e0 la la\u00efcit\u00e9. Honte \u00e0 Strasbourg de financer cette propagande islamiste #Strasbourgistan \u00bb.<\/p>\n<p><img data-lazyloaded=\"1\" fetchpriority=\"high\" decoding=\"async\" class=\"alignnone wp-image-206330 size-full\" title=\"https:\/\/x.com\/EmmanuelleBris4\/status\/1971999012581757019\" src=\"https:\/\/www.europesays.com\/fr\/wp-content\/uploads\/2025\/10\/brisson.jpg\" alt=\"\" width=\"610\" height=\"531\"  data-\/><\/p>\n<p>A gauche, l\u2019\u00e9lue socialiste de Strasbourg, Pernelle Richardot d\u00e9non\u00e7ait (30 septembre) une \u00ab\u00a0instrumentalisation politique de ces questions sensibles \u00e0 quelques mois des \u00e9lections\u00a0\u00bb\u00a0: \u00ab\u00a0En tant que socialiste r\u00e9publicaine, je d\u00e9fends fermement l\u2019\u00e9galit\u00e9 de tous nos concitoyens, quelle que soit leur origine ou leur confession (\u2026) Ma critique porte sur la strat\u00e9gie de communication en pleine campagne municipale, pas sur les personnes qui y figurent et qui m\u00e9ritent tout notre respect\u00a0\u00bb.<\/p>\n<p><a href=\"https:\/\/x.com\/PernelRichardot\/status\/1972258688321626181\" target=\"_blank\" rel=\"noopener\"><img loading=\"lazy\" data-lazyloaded=\"1\" decoding=\"async\" class=\"alignnone size-full wp-image-206431\" src=\"https:\/\/www.europesays.com\/fr\/wp-content\/uploads\/2025\/10\/pernelle-.jpg\" alt=\"\" width=\"600\" height=\"494\"  data-\/><\/a><\/p>\n<p>Soutien et apaisement<\/p>\n<p>En d\u00e9but de semaine, Syamak Agha Babaei, premier adjoint \u00e0 la maire, avait d\u00e9fendu la campagne\u00a0d\u2019affichage : \u00ab\u00a0Toutes ces personnes sont investies dans la vie de la cit\u00e9 : elles \u0153uvrent dans des associations, sont d\u2019anciens agents publics\u2026 Faut-il qu\u2019une Strasbourgeoise soit exclue de l\u2019espace public parce qu\u2019elle porte un voile ? \u00bb. <\/p>\n<p>Hier (2 octobre), Olivier Faure, premier secr\u00e9taire du PS, partageait, via ses r\u00e9seaux sociaux, un message d\u2019apaisement en republiant les diff\u00e9rentes affiches de la campagne\u00a0: \u00ab\u00a0F\u00e9licitations aux b\u00e9n\u00e9voles engag\u00e9s dans la r\u00e9flexion pour une ville plus inclusive pour nos anciens. Merci \u00e0 toutes et tous quelles que soient vos convictions philosophiques ou religieuses. Vous \u00eates la France dans ce qu\u2019elle a de plus fraternel\u00a0\u00bb.<\/p>\n<p><a href=\"https:\/\/x.com\/faureolivier\/status\/1973701912114380945\" target=\"_blank\" rel=\"noopener\"><img loading=\"lazy\" data-lazyloaded=\"1\" decoding=\"async\" class=\"alignnone size-full wp-image-206432\" src=\"https:\/\/www.europesays.com\/fr\/wp-content\/uploads\/2025\/10\/olivier-faure-affiche-femme-voilee.jpg\" alt=\"\" width=\"605\" height=\"523\"  data-\/><\/a><\/p>\n<p>\u00a0<\/p>\n","protected":false},"excerpt":{"rendered":"Jeanne Barseghian, maire EELV de Strasbourg, a r\u00e9pondu \u00e0 la pol\u00e9mique suscit\u00e9e par une campagne d\u2019affichage. Elle avouait&hellip;\n","protected":false},"author":2,"featured_media":435843,"comment_status":"","ping_status":"","sticky":false,"template":"","format":"standard","meta":{"footnotes":""},"categories":[2820],"tags":[1111,11,12340,1777,674,56325,1011,27,775,7125,12,4393,56029,1062,25,640],"class_list":{"0":"post-435842","1":"post","2":"type-post","3":"status-publish","4":"format-standard","5":"has-post-thumbnail","7":"category-strasbourg","8":"tag-actu","9":"tag-actualites","10":"tag-affiches","11":"tag-eu","12":"tag-europe","13":"tag-femme-voilee","14":"tag-fr","15":"tag-france","16":"tag-grand-est","17":"tag-jeanne-barseghian","18":"tag-news","19":"tag-olivier-faure","20":"tag-pernelle-richardot","21":"tag-polemique","22":"tag-republique-francaise","23":"tag-strasbourg"},"share_on_mastodon":{"url":"https:\/\/pubeurope.com\/@fr\/115309555296228334","error":""},"_links":{"self":[{"href":"https:\/\/www.europesays.com\/fr\/wp-json\/wp\/v2\/posts\/435842","targetHints":{"allow":["GET"]}}],"collection":[{"href":"https:\/\/www.europesays.com\/fr\/wp-json\/wp\/v2\/posts"}],"about":[{"href":"https:\/\/www.europesays.com\/fr\/wp-json\/wp\/v2\/types\/post"}],"author":[{"embeddable":true,"href":"https:\/\/www.europesays.com\/fr\/wp-json\/wp\/v2\/users\/2"}],"replies":[{"embeddable":true,"href":"https:\/\/www.europesays.com\/fr\/wp-json\/wp\/v2\/comments?post=435842"}],"version-history":[{"count":0,"href":"https:\/\/www.europesays.com\/fr\/wp-json\/wp\/v2\/posts\/435842\/revisions"}],"wp:featuredmedia":[{"embeddable":true,"href":"https:\/\/www.europesays.com\/fr\/wp-json\/wp\/v2\/media\/435843"}],"wp:attachment":[{"href":"https:\/\/www.europesays.com\/fr\/wp-json\/wp\/v2\/media?parent=435842"}],"wp:term":[{"taxonomy":"category","embeddable":true,"href":"https:\/\/www.europesays.com\/fr\/wp-json\/wp\/v2\/categories?post=435842"},{"taxonomy":"post_tag","embeddable":true,"href":"https:\/\/www.europesays.com\/fr\/wp-json\/wp\/v2\/tags?post=435842"}],"curies":[{"name":"wp","href":"https:\/\/api.w.org\/{rel}","templated":true}]}}