{"id":435850,"date":"2025-10-03T09:38:14","date_gmt":"2025-10-03T09:38:14","guid":{"rendered":"https:\/\/www.europesays.com\/fr\/435850\/"},"modified":"2025-10-03T09:38:14","modified_gmt":"2025-10-03T09:38:14","slug":"un-trentenaire-retrouve-mort-poignarde-a-son-domicile","status":"publish","type":"post","link":"https:\/\/www.europesays.com\/fr\/435850\/","title":{"rendered":"un trentenaire retrouv\u00e9 mort, poignard\u00e9 \u00e0 son domicile"},"content":{"rendered":"<p>\u00c2g\u00e9e de 33 ans, la victime \u00e9tait connue des services de police pour des faits de stup\u00e9fiants. Il aurait notamment \u00e9t\u00e9 attaqu\u00e9 dans le dos. L\u2019enqu\u00eate a \u00e9t\u00e9 confi\u00e9e \u00e0 la police judiciaire nantaise.<\/p>\n<p class=\"fig-paragraph\">Un homme de 33 ans a \u00e9t\u00e9 retrouv\u00e9 mort jeudi \u00e0 son domicile d&rsquo;Orvault, dans la banlieue\u00a0<a href=\"https:\/\/www.lefigaro.fr\/nantes\" target=\"_blank\" data-fig-type=\"Section\" rel=\"sponsored noopener\" data-gtm-custom-categorie=\"navigation\" data-gtm-custom-action=\"crossclick\" data-gtm-custom-label=\"Contextuel\" data-gtm-event=\"customEventSPE\" data-fig-domain=\"LEFIGARO\">de Nantes<\/a>\u00a0(Loire-Atlantique). L\u2019individu a \u00e9t\u00e9 victime de plusieurs\u00a0<a href=\"http:\/\/www.lefigaro.fr\/actualite-france\/le-gouvernement-interdit-les-couteaux-zombies-ces-armes-blanches-inspirees-des-jeux-video-20250918\" target=\"_blank\" data-fig-type=\"Article\" rel=\"noopener\" data-gtm-custom-categorie=\"navigation\" data-gtm-custom-action=\"crossclick\" data-gtm-custom-label=\"Contextuel\" data-gtm-event=\"customEventSPE\" data-fig-domain=\"LEFIGARO\">coups de couteau<\/a>, a appris vendredi l&rsquo;AFP de sources polici\u00e8re et judiciaire.<\/p>\n<p class=\"fig-paragraph\">L\u2019homme \u00e9tait connu des services de police pour des faits de stup\u00e9fiants, selon des sources polici\u00e8res. Alert\u00e9 jeudi en milieu de journ\u00e9e par des proches, le SAMU s&rsquo;\u00e9tait rendu sur place, selon une premi\u00e8re source polici\u00e8re.<\/p>\n<p>                                    <a class=\"fig-a11y-skip a11y-hidden\" href=\"#fig-a11y-skip-main-inarticle\"><br \/>\n        Passer la publicit\u00e9<br \/>\n    <\/a><\/p>\n<p>Couvert de sang<\/p>\n<p class=\"fig-paragraph\">La victime pr\u00e9sum\u00e9e, dont le visage portait des traces de coups et \u00e9tait couvert de sang, pr\u00e9sentait des plaies \u00e0 diff\u00e9rents endroits de son corps dont au moins un coup de couteau dans le dos, d&rsquo;apr\u00e8s les sources polici\u00e8res.<\/p>\n<p class=\"fig-paragraph\">Il pr\u00e9sentait aussi des blessures au niveau des mains \u00e9voquant de possibles l\u00e9sions de d\u00e9fense, a ajout\u00e9 une des sources polici\u00e8res, en pr\u00e9cisant qu&rsquo;une autopsie \u00e9tait pr\u00e9vue vendredi. L&rsquo;enqu\u00eate a \u00e9t\u00e9 confi\u00e9e \u00e0 la police judiciaire de Nantes, a indiqu\u00e9 \u00e0 l&rsquo;AFP le procureur de la R\u00e9publique de Nantes Antoine Leroy.<\/p>\n","protected":false},"excerpt":{"rendered":"\u00c2g\u00e9e de 33 ans, la victime \u00e9tait connue des services de police pour des faits de stup\u00e9fiants. Il&hellip;\n","protected":false},"author":2,"featured_media":435851,"comment_status":"","ping_status":"","sticky":false,"template":"","format":"standard","meta":{"footnotes":""},"categories":[2818],"tags":[1111,11,1777,674,1011,27,2683,766,12,2636,25],"class_list":{"0":"post-435850","1":"post","2":"type-post","3":"status-publish","4":"format-standard","5":"has-post-thumbnail","7":"category-nantes","8":"tag-actu","9":"tag-actualites","10":"tag-eu","11":"tag-europe","12":"tag-fr","13":"tag-france","14":"tag-homicide","15":"tag-nantes","16":"tag-news","17":"tag-pays-de-la-loire","18":"tag-republique-francaise"},"share_on_mastodon":{"url":"https:\/\/pubeurope.com\/@fr\/115309569924872007","error":""},"_links":{"self":[{"href":"https:\/\/www.europesays.com\/fr\/wp-json\/wp\/v2\/posts\/435850","targetHints":{"allow":["GET"]}}],"collection":[{"href":"https:\/\/www.europesays.com\/fr\/wp-json\/wp\/v2\/posts"}],"about":[{"href":"https:\/\/www.europesays.com\/fr\/wp-json\/wp\/v2\/types\/post"}],"author":[{"embeddable":true,"href":"https:\/\/www.europesays.com\/fr\/wp-json\/wp\/v2\/users\/2"}],"replies":[{"embeddable":true,"href":"https:\/\/www.europesays.com\/fr\/wp-json\/wp\/v2\/comments?post=435850"}],"version-history":[{"count":0,"href":"https:\/\/www.europesays.com\/fr\/wp-json\/wp\/v2\/posts\/435850\/revisions"}],"wp:featuredmedia":[{"embeddable":true,"href":"https:\/\/www.europesays.com\/fr\/wp-json\/wp\/v2\/media\/435851"}],"wp:attachment":[{"href":"https:\/\/www.europesays.com\/fr\/wp-json\/wp\/v2\/media?parent=435850"}],"wp:term":[{"taxonomy":"category","embeddable":true,"href":"https:\/\/www.europesays.com\/fr\/wp-json\/wp\/v2\/categories?post=435850"},{"taxonomy":"post_tag","embeddable":true,"href":"https:\/\/www.europesays.com\/fr\/wp-json\/wp\/v2\/tags?post=435850"}],"curies":[{"name":"wp","href":"https:\/\/api.w.org\/{rel}","templated":true}]}}