{"id":435854,"date":"2025-10-03T09:40:18","date_gmt":"2025-10-03T09:40:18","guid":{"rendered":"https:\/\/www.europesays.com\/fr\/435854\/"},"modified":"2025-10-03T09:40:18","modified_gmt":"2025-10-03T09:40:18","slug":"national-2-emiliano-sala-cheick-diabate-avant-le-choc-face-a-bordeaux-florentin-pogba-se-souvient-de-ses-duels-au-sommet","status":"publish","type":"post","link":"https:\/\/www.europesays.com\/fr\/435854\/","title":{"rendered":"National 2. Emiliano Sala, Cheick Diabat\u00e9\u2026 Avant le choc face \u00e0 Bordeaux, Florentin Pogba se souvient de ses duels au sommet"},"content":{"rendered":"<p><strong>Poitiers (5e, 11 pt) &#8211; Bordeaux (7e, 8 pt)<\/strong><\/p>\n<p>Florentin Pogba a disput\u00e9 cinq rencontres face aux Girondins de Bordeaux durant sa carri\u00e8re, toutes en Ligue 1, sous le maillot de l\u2019AS Saint-\u00c9tienne. Le d\u00e9fenseur central en a remport\u00e9 une (4-1 \u00e0 Bordeaux) pour deux matchs nuls (1-1) et deux d\u00e9faites (3-2 et 3-0). De sacr\u00e9s souvenirs&#8230;. <\/p>\n<p>    Cet article a \u00e9t\u00e9 tronqu\u00e9. Abonnez-vous pour lire l&rsquo;article complet sur notre site.<\/p>\n<p style=\"margin: 0 !important; padding: 0 !important; font-size: 12px !important;\">Cet article a \u00e9t\u00e9 tronqu\u00e9. Abonnez-vous pour lire l&rsquo;article complet.<\/p>\n<p>    <a href=\"https:\/\/www.lanouvellerepublique.fr\/abonnements\" style=\"display: inline-block; margin-top: 5px !important; padding: 6px 12px !important; background: #cb1c27; color: white; text-decoration: none; border-radius: 4px; font-size: 12px !important;\" target=\"_blank\" rel=\"noopener\"><br \/>\n      S&rsquo;abonner<br \/>\n    <\/a><\/p>\n","protected":false},"excerpt":{"rendered":"Poitiers (5e, 11 pt) &#8211; Bordeaux (7e, 8 pt) Florentin Pogba a disput\u00e9 cinq rencontres face aux Girondins&hellip;\n","protected":false},"author":2,"featured_media":435855,"comment_status":"","ping_status":"","sticky":false,"template":"","format":"standard","meta":{"footnotes":""},"categories":[2817],"tags":[1392,1111,11,1997,1777,674,63,1011,27,42182,66,22485,12,2219,1653,25,60,1584],"class_list":{"0":"post-435854","1":"post","2":"type-post","3":"status-publish","4":"format-standard","5":"has-post-thumbnail","7":"category-bordeaux","8":"tag-a-la-une-local","9":"tag-actu","10":"tag-actualites","11":"tag-bordeaux","12":"tag-eu","13":"tag-europe","14":"tag-football","15":"tag-fr","16":"tag-france","17":"tag-grand-poitiers","18":"tag-ligue-1","19":"tag-nationaux-football","20":"tag-news","21":"tag-nouvelle-aquitaine","22":"tag-poitiers","23":"tag-republique-francaise","24":"tag-sports","25":"tag-vienne"},"share_on_mastodon":{"url":"https:\/\/pubeurope.com\/@fr\/115309578806752674","error":""},"_links":{"self":[{"href":"https:\/\/www.europesays.com\/fr\/wp-json\/wp\/v2\/posts\/435854","targetHints":{"allow":["GET"]}}],"collection":[{"href":"https:\/\/www.europesays.com\/fr\/wp-json\/wp\/v2\/posts"}],"about":[{"href":"https:\/\/www.europesays.com\/fr\/wp-json\/wp\/v2\/types\/post"}],"author":[{"embeddable":true,"href":"https:\/\/www.europesays.com\/fr\/wp-json\/wp\/v2\/users\/2"}],"replies":[{"embeddable":true,"href":"https:\/\/www.europesays.com\/fr\/wp-json\/wp\/v2\/comments?post=435854"}],"version-history":[{"count":0,"href":"https:\/\/www.europesays.com\/fr\/wp-json\/wp\/v2\/posts\/435854\/revisions"}],"wp:featuredmedia":[{"embeddable":true,"href":"https:\/\/www.europesays.com\/fr\/wp-json\/wp\/v2\/media\/435855"}],"wp:attachment":[{"href":"https:\/\/www.europesays.com\/fr\/wp-json\/wp\/v2\/media?parent=435854"}],"wp:term":[{"taxonomy":"category","embeddable":true,"href":"https:\/\/www.europesays.com\/fr\/wp-json\/wp\/v2\/categories?post=435854"},{"taxonomy":"post_tag","embeddable":true,"href":"https:\/\/www.europesays.com\/fr\/wp-json\/wp\/v2\/tags?post=435854"}],"curies":[{"name":"wp","href":"https:\/\/api.w.org\/{rel}","templated":true}]}}