{"id":435868,"date":"2025-10-03T09:48:11","date_gmt":"2025-10-03T09:48:11","guid":{"rendered":"https:\/\/www.europesays.com\/fr\/435868\/"},"modified":"2025-10-03T09:48:11","modified_gmt":"2025-10-03T09:48:11","slug":"plus-dhomicides-a-lyon-qua-marseille-selon-le-procureur-de-la-republique","status":"publish","type":"post","link":"https:\/\/www.europesays.com\/fr\/435868\/","title":{"rendered":"plus d\u2019homicides \u00e0 Lyon qu\u2019\u00e0 Marseille selon le procureur de la R\u00e9publique"},"content":{"rendered":"<p>Apr\u00e8s une augmentation de 42% en 2024, la hausse des homicides se poursuit dans l\u2019agglom\u00e9ration lyonnaise, malgr\u00e9 de bons r\u00e9sultats par endroits.<\/p>\n<p class=\"fig-paragraph\">\u00abJ\u2019aimerais bien avoir le m\u00eame nombre d\u2019homicides qu\u2019\u00e0 Marseille\u00bb. Le\u00a0<a href=\"http:\/\/www.lefigaro.fr\/lyon\/lyon-une-enquete-ouverte-pour-tentative-de-meurtre-apres-la-violente-rixe-au-couteau-entre-bandes-rivales-20250520\" data-fig-type=\"NewsFlash\" data-gtm-custom-categorie=\"navigation\" data-gtm-custom-action=\"crossclick\" data-gtm-custom-label=\"Contextuel\" data-gtm-event=\"customEventSPE\" data-fig-domain=\"LEFIGARO\" target=\"_blank\" rel=\"noopener\">procureur de la R\u00e9publique<\/a>\u00a0de Lyon,\u00a0<a href=\"http:\/\/www.lefigaro.fr\/lyon\/lyon-un-commando-tente-de-braquer-un-laboratoire-de-metal-precieux-20250519\" data-fig-type=\"NewsFlash\" data-gtm-custom-categorie=\"navigation\" data-gtm-custom-action=\"crossclick\" data-gtm-custom-label=\"Contextuel\" data-gtm-event=\"customEventSPE\" data-fig-domain=\"LEFIGARO\" target=\"_blank\" rel=\"noopener\">Thierry Dran<\/a>, est revenu dans une interview accord\u00e9e au journal local\u00a0<a href=\"https:\/\/c.leprogres.fr\/faits-divers-justice\/2025\/10\/03\/marseille-a-moins-d-homicides-que-nous-16-meurtres-en-2025-dans-l-agglo-lyonnaise-les-reponses-du-procureur\" target=\"_blank\" rel=\"sponsored noopener\" data-gtm-custom-categorie=\"navigation\" data-gtm-custom-action=\"crossclick\" data-gtm-custom-label=\"Contextuel\" data-gtm-event=\"customEventSPE\">Le Progr\u00e8s<\/a> \u00a0sur la hausse des meurtres, li\u00e9s notamment au trafic de stup\u00e9fiants sur le ressort de Lyon. Le nombre d\u2019<a href=\"http:\/\/www.lefigaro.fr\/lyon\/lyon-un-detenu-soupconne-d-avoir-commandite-le-meurtre-d-un-dealer-depuis-sa-prison-20250908\" data-fig-type=\"NewsFlash\" data-gtm-custom-categorie=\"navigation\" data-gtm-custom-action=\"crossclick\" data-gtm-custom-label=\"Contextuel\" data-gtm-event=\"customEventSPE\" data-fig-domain=\"LEFIGARO\" target=\"_blank\" rel=\"noopener\">homicides<\/a>\u00a0y \u00e9tait en augmentation de 42% en 2024. La tendance se poursuit en 2025. Selon les chiffres pr\u00e9sent\u00e9s par le procureur de la R\u00e9publique, 16 homicides et 58 tentatives ont \u00e9t\u00e9 commis sur le premier semestre contre 22 et 92 sur l\u2019ensemble de l\u2019ann\u00e9e pr\u00e9c\u00e9dente.<\/p>\n<p class=\"fig-paragraph\">Des chiffres qui placent Lyon, dont l\u2019agglom\u00e9ration est plus peupl\u00e9e, devant Marseille, malgr\u00e9 la r\u00e9putation de cette derni\u00e8re en termes de narcotrafic. \u00c0 Lyon, la moiti\u00e9 des homicides seraient li\u00e9s au trafic de stup\u00e9fiant. Une source s\u00e9curitaire temp\u00e8re n\u00e9anmoins aupr\u00e8s du Figaro ces annonces, rappelant qu\u2019en 2024 le d\u00e9partement du Rh\u00f4ne a connu 27 homicides, contre 67 dans les Bouches-du-Rh\u00f4ne.<\/p>\n<p>                                    <a class=\"fig-a11y-skip a11y-hidden\" href=\"#fig-a11y-skip-main-inarticle\"><br \/>\n        Passer la publicit\u00e9<br \/>\n    <\/a><\/p>\n<p class=\"fig-paragraph\">\u00c0 Lyon, les t\u00eates du trafic de stup\u00e9fiants restent originaires de la r\u00e9gion mais sont parfois concurrenc\u00e9es par des malfaiteurs originaires d\u2019autres territoires, en France ou \u00e0 l\u2019\u00e9tranger, a d\u00e9taill\u00e9 le procureur de la R\u00e9publique \u00e0\u00a0<a href=\"https:\/\/www.bfmtv.com\/lyon\/une-guerre-c-est-long-le-procureur-de-lyon-dit-ne-pas-baisser-les-bras-dans-la-lutte-contre-le-narcotrafic_AV-202509300584.html\" target=\"_blank\" rel=\"sponsored noopener\" data-gtm-custom-categorie=\"navigation\" data-gtm-custom-action=\"crossclick\" data-gtm-custom-label=\"Contextuel\" data-gtm-event=\"customEventSPE\">BFM<\/a>, pr\u00e9cisant poursuivre la strat\u00e9gie de saisie des biens pour frapper les t\u00eates de r\u00e9seau au porte-monnaie.<\/p>\n<p>Violences en hausse<\/p>\n<p class=\"fig-paragraph\">Une \u00abguerre\u00bb contre le narcotrafic dans laquelle Thierry Dran dit parvenir \u00e0 obtenir de bons r\u00e9sultats par endroits,\u00a0<a href=\"http:\/\/www.lefigaro.fr\/lyon\/metropole-de-lyon-cinq-points-de-deal-demanteles-en-six-mois-dans-le-quartier-du-tonkin-par-la-nouvelle-brigade-specialisee-20250702\" data-fig-type=\"NewsFlash\" data-gtm-custom-categorie=\"navigation\" data-gtm-custom-action=\"crossclick\" data-gtm-custom-label=\"Contextuel\" data-gtm-event=\"customEventSPE\" data-fig-domain=\"LEFIGARO\" target=\"_blank\" rel=\"noopener\">notamment \u00e0 Villeurbanne<\/a>, o\u00f9 une\u00a0<a href=\"http:\/\/www.lefigaro.fr\/lyon\/le-ministre-nicolas-daragon-installe-une-brigade-anti-stups-specialisee-a-villeurbanne-pour-eradiquer-les-points-de-deal-20241129\" data-fig-type=\"NewsFlash\" data-gtm-custom-categorie=\"navigation\" data-gtm-custom-action=\"crossclick\" data-gtm-custom-label=\"Contextuel\" data-gtm-event=\"customEventSPE\" data-fig-domain=\"LEFIGARO\" target=\"_blank\" rel=\"noopener\">unit\u00e9 sp\u00e9cialis\u00e9e<\/a>\u00a0a \u00e9t\u00e9 cr\u00e9\u00e9e apr\u00e8s de\u00a0<a href=\"http:\/\/www.lefigaro.fr\/lyon\/lyon-un-jeune-homme-tue-par-balle-sur-un-point-de-deal-a-villeurbanne-20250526\" data-fig-type=\"NewsFlash\" data-gtm-custom-categorie=\"navigation\" data-gtm-custom-action=\"crossclick\" data-gtm-custom-label=\"Contextuel\" data-gtm-event=\"customEventSPE\" data-fig-domain=\"LEFIGARO\" target=\"_blank\" rel=\"noopener\">nombreux meurtres li\u00e9s au trafic de drogue<\/a>. Mais les actions polici\u00e8res de d\u00e9mant\u00e8lement des points de deal et des r\u00e9seaux g\u00e9n\u00e8rent aussi des tensions entre clans. Et des violences pour reprendre des espaces de vente. Cette tendance suit celle d\u2019une hausse g\u00e9n\u00e9rale des violences aux personnes, pr\u00e9cise-t-il.<\/p>\n<p class=\"fig-body-link\">\n            \u00c0 lire aussi<br \/>\n        <a class=\"fig-body-link__link\" href=\"http:\/\/www.lefigaro.fr\/lyon\/une-guerre-de-gangs-a-vaulx-en-velin-les-habitants-desempares-face-a-la-violence-des-dealers-apres-une-fusillade-devant-une-ecole-20250408\" data-fig-type=\"NewsFlash\" data-gtm-custom-categorie=\"navigation\" data-gtm-custom-action=\"crossclick\" data-gtm-custom-label=\"Contextuel\" data-gtm-event=\"customEventSPE\" data-fig-domain=\"LEFIGARO\" target=\"_blank\" rel=\"noopener\">\u00abUne guerre de gangs\u00bb\u00a0: \u00e0 Vaulx-en-Velin, les habitants d\u00e9sempar\u00e9s face \u00e0 la violence des dealers apr\u00e8s une fusillade devant une \u00e9cole<br \/>\n    <\/a>\n<\/p>\n<p class=\"fig-paragraph\">Les vols avec violence, dont\u00a0<a href=\"http:\/\/www.lefigaro.fr\/lyon\/villeurbanne-victime-d-une-tentative-d-arrachage-de-collier-une-octogenaire-en-fauteuil-mord-son-agresseur-20251001\" data-fig-type=\"NewsFlash\" data-gtm-custom-categorie=\"navigation\" data-gtm-custom-action=\"crossclick\" data-gtm-custom-label=\"Contextuel\" data-gtm-event=\"customEventSPE\" data-fig-domain=\"LEFIGARO\" target=\"_blank\" rel=\"noopener\">plusieurs cas de vol de collier<\/a>\u00a0\u00e0 l\u2019arrach\u00e9 commis sur des\u00a0<a href=\"http:\/\/www.lefigaro.fr\/lyon\/lyon-l-agresseur-de-l-octogenaire-roue-de-coups-condamne-a-30-mois-de-prison-et-interdit-de-territoire-20250822\" data-fig-type=\"NewsFlash\" data-gtm-custom-categorie=\"navigation\" data-gtm-custom-action=\"crossclick\" data-gtm-custom-label=\"Contextuel\" data-gtm-event=\"customEventSPE\" data-fig-domain=\"LEFIGARO\" target=\"_blank\" rel=\"noopener\">personnes \u00e2g\u00e9es<\/a>\u00a0ont fait la une de l\u2019actualit\u00e9 ces derni\u00e8res semaines, constituent 30% des passages en comparution imm\u00e9diate. La d\u00e9linquance des mineurs, elle, diminue mais les faits sont plus violents, comme en t\u00e9moignent les rixes parfois mortelles, au couteau entre adolescents.<\/p>\n","protected":false},"excerpt":{"rendered":"Apr\u00e8s une augmentation de 42% en 2024, la hausse des homicides se poursuit dans l\u2019agglom\u00e9ration lyonnaise, malgr\u00e9 de&hellip;\n","protected":false},"author":2,"featured_media":435869,"comment_status":"","ping_status":"","sticky":false,"template":"","format":"standard","meta":{"footnotes":""},"categories":[1889],"tags":[1111,11,2430,1777,674,1011,27,2683,2428,8721,12,25],"class_list":{"0":"post-435868","1":"post","2":"type-post","3":"status-publish","4":"format-standard","5":"has-post-thumbnail","7":"category-lyon","8":"tag-actu","9":"tag-actualites","10":"tag-auvergne-rhone-alpes","11":"tag-eu","12":"tag-europe","13":"tag-fr","14":"tag-france","15":"tag-homicide","16":"tag-lyon","17":"tag-narcotrafic","18":"tag-news","19":"tag-republique-francaise"},"share_on_mastodon":{"url":"https:\/\/pubeurope.com\/@fr\/115309609167814800","error":""},"_links":{"self":[{"href":"https:\/\/www.europesays.com\/fr\/wp-json\/wp\/v2\/posts\/435868","targetHints":{"allow":["GET"]}}],"collection":[{"href":"https:\/\/www.europesays.com\/fr\/wp-json\/wp\/v2\/posts"}],"about":[{"href":"https:\/\/www.europesays.com\/fr\/wp-json\/wp\/v2\/types\/post"}],"author":[{"embeddable":true,"href":"https:\/\/www.europesays.com\/fr\/wp-json\/wp\/v2\/users\/2"}],"replies":[{"embeddable":true,"href":"https:\/\/www.europesays.com\/fr\/wp-json\/wp\/v2\/comments?post=435868"}],"version-history":[{"count":0,"href":"https:\/\/www.europesays.com\/fr\/wp-json\/wp\/v2\/posts\/435868\/revisions"}],"wp:featuredmedia":[{"embeddable":true,"href":"https:\/\/www.europesays.com\/fr\/wp-json\/wp\/v2\/media\/435869"}],"wp:attachment":[{"href":"https:\/\/www.europesays.com\/fr\/wp-json\/wp\/v2\/media?parent=435868"}],"wp:term":[{"taxonomy":"category","embeddable":true,"href":"https:\/\/www.europesays.com\/fr\/wp-json\/wp\/v2\/categories?post=435868"},{"taxonomy":"post_tag","embeddable":true,"href":"https:\/\/www.europesays.com\/fr\/wp-json\/wp\/v2\/tags?post=435868"}],"curies":[{"name":"wp","href":"https:\/\/api.w.org\/{rel}","templated":true}]}}