{"id":43588,"date":"2025-04-22T09:15:14","date_gmt":"2025-04-22T09:15:14","guid":{"rendered":"https:\/\/www.europesays.com\/fr\/43588\/"},"modified":"2025-04-22T09:15:14","modified_gmt":"2025-04-22T09:15:14","slug":"le-trafic-des-trains-tres-perturbe-entre-nantes-et-saint-nazaire","status":"publish","type":"post","link":"https:\/\/www.europesays.com\/fr\/43588\/","title":{"rendered":"Le trafic des trains tr\u00e8s perturb\u00e9 entre Nantes et Saint-Nazaire"},"content":{"rendered":"<p>Mauvaise nouvelle pour les usagers des<a href=\"https:\/\/www.ter.sncf.com\/pays-de-la-loire\" target=\"_self\" rel=\"noopener\"> trains e<\/a>ntre Nantes et Saint-Nazaire. Depuis 8\u00a0h, la circulation est tr\u00e8s compliqu\u00e9e \u00e0 cause d\u2019une panne d\u2019alimentation \u00e9lectrique. Le retour \u00e0 la normale est pr\u00e9vu vers 11\u00a0heures.<\/p>\n<p>\n                Nous avons bloqu\u00e9 l\u2019affichage de ce contenu pour respecter vos choix en mati\u00e8re de cookies.<br \/>En cliquant sur \u00abConsulter\u00bb, vous acceptez le d\u00e9p\u00f4t de cookies par des services de r\u00e9seaux sociaux tels que Twitter.<br \/>\n                Consulter\n            <\/p>\n<blockquote class=\"twitter-tweet\" wp_automatic_readability=\"8.1190476190476\">\n<p lang=\"fr\" dir=\"ltr\">??<a href=\"https:\/\/twitter.com\/hashtag\/FlashInfoAl%C3%A9opEnTER?src=hash&amp;ref_src=twsrc%5Etfw\" target=\"_blank\" rel=\"noopener\">#FlashInfoAl\u00e9opEnTER<\/a> 8h30. ?? Le trafic demeure tr\u00e8s perturb\u00e9 entre <a href=\"https:\/\/twitter.com\/hashtag\/Savenay?src=hash&amp;ref_src=twsrc%5Etfw\" target=\"_blank\" rel=\"noopener\">#Savenay<\/a> et <a href=\"https:\/\/twitter.com\/hashtag\/StNazaire?src=hash&amp;ref_src=twsrc%5Etfw\" target=\"_blank\" rel=\"noopener\">#StNazaire<\/a>, cons\u00e9quence d&rsquo;une panne d&rsquo;alimentation \u00e9lectrique en voie de r\u00e9solution.<br \/>D&rsquo;autres retards sont observ\u00e9s dans la r\u00e9gion, notamment entre <a href=\"https:\/\/twitter.com\/hashtag\/StePazanne?src=hash&amp;ref_src=twsrc%5Etfw\" target=\"_blank\" rel=\"noopener\">#StePazanne<\/a> et <a href=\"https:\/\/twitter.com\/hashtag\/StGilles?src=hash&amp;ref_src=twsrc%5Etfw\" target=\"_blank\" rel=\"noopener\">#StGilles<\/a>, apr\u00e8s qu&rsquo;un animal a \u00e9t\u00e9\u2026 <a href=\"https:\/\/t.co\/gNiNul6IiC\">pic.twitter.com\/gNiNul6IiC<\/a><\/p>\n<p>\u2014 TER Pays de la Loire (@TERPays2LaLoire) <a href=\"https:\/\/twitter.com\/TERPays2LaLoire\/status\/1914568878602023171?ref_src=twsrc%5Etfw\" target=\"_blank\" rel=\"noopener\">April 22, 2025<\/a><\/p><\/blockquote>\n<p>Reprise cet apr\u00e8s-midi<\/p>\n<p>Les \u00e9quipes sont \u00e0 pied d\u2019\u0153uvre pour r\u00e9gler le probl\u00e8me.<\/p>\n<p>\n                Nous avons bloqu\u00e9 l\u2019affichage de ce contenu pour respecter vos choix en mati\u00e8re de cookies.<br \/>En cliquant sur \u00abConsulter\u00bb, vous acceptez le d\u00e9p\u00f4t de cookies par des services de r\u00e9seaux sociaux tels que Twitter.<br \/>\n                Consulter\n            <\/p>\n<blockquote class=\"twitter-tweet\" wp_automatic_readability=\"7.2127659574468\">\n<p lang=\"fr\" dir=\"ltr\">??<a href=\"https:\/\/twitter.com\/hashtag\/FlashInfoAl%C3%A9opEnTER?src=hash&amp;ref_src=twsrc%5Etfw\" target=\"_blank\" rel=\"noopener\">#FlashInfoAl\u00e9opEnTER<\/a> 7h30. ?? Le trafic est interrompu sur l&rsquo;axe <a href=\"https:\/\/twitter.com\/hashtag\/Nantes?src=hash&amp;ref_src=twsrc%5Etfw\" target=\"_blank\" rel=\"noopener\">#Nantes<\/a>??<a href=\"https:\/\/twitter.com\/hashtag\/Savenay?src=hash&amp;ref_src=twsrc%5Etfw\" target=\"_blank\" rel=\"noopener\">#Savenay<\/a>??<a href=\"https:\/\/twitter.com\/hashtag\/Redon?src=hash&amp;ref_src=twsrc%5Etfw\" target=\"_blank\" rel=\"noopener\">#Redon<\/a> en raison d&rsquo;une panne de l&rsquo;alimentation \u00e9lectrique. ??<\/p>\n<p>Sur le reste du r\u00e9seau ferroviaire lig\u00e9rien, \u00e7a roule relativement bien.<\/p>\n<p>\u2014 TER Pays de la Loire (@TERPays2LaLoire) <a href=\"https:\/\/twitter.com\/TERPays2LaLoire\/status\/1914554821329277091?ref_src=twsrc%5Etfw\" target=\"_blank\" rel=\"noopener\">April 22, 2025<\/a><\/p><\/blockquote>\n<p>\u00a0<\/p>\n<p>\t\t<script async src=\"https:\/\/platform.twitter.com\/widgets.js\" charset=\"utf-8\"><\/script><\/p>\n","protected":false},"excerpt":{"rendered":"Mauvaise nouvelle pour les usagers des trains entre Nantes et Saint-Nazaire. Depuis 8\u00a0h, la circulation est tr\u00e8s compliqu\u00e9e&hellip;\n","protected":false},"author":2,"featured_media":43589,"comment_status":"","ping_status":"","sticky":false,"template":"","format":"standard","meta":{"footnotes":""},"categories":[2818],"tags":[1111,11,1777,674,1011,27,766,12,2636,9777,25,3272,1097,5811,933],"class_list":{"0":"post-43588","1":"post","2":"type-post","3":"status-publish","4":"format-standard","5":"has-post-thumbnail","7":"category-nantes","8":"tag-actu","9":"tag-actualites","10":"tag-eu","11":"tag-europe","12":"tag-fr","13":"tag-france","14":"tag-nantes","15":"tag-news","16":"tag-pays-de-la-loire","17":"tag-perturbe","18":"tag-republique-francaise","19":"tag-saint-nazaire","20":"tag-trafic","21":"tag-trains","22":"tag-tres"},"share_on_mastodon":{"url":"https:\/\/pubeurope.com\/@fr\/114380860567975352","error":""},"_links":{"self":[{"href":"https:\/\/www.europesays.com\/fr\/wp-json\/wp\/v2\/posts\/43588","targetHints":{"allow":["GET"]}}],"collection":[{"href":"https:\/\/www.europesays.com\/fr\/wp-json\/wp\/v2\/posts"}],"about":[{"href":"https:\/\/www.europesays.com\/fr\/wp-json\/wp\/v2\/types\/post"}],"author":[{"embeddable":true,"href":"https:\/\/www.europesays.com\/fr\/wp-json\/wp\/v2\/users\/2"}],"replies":[{"embeddable":true,"href":"https:\/\/www.europesays.com\/fr\/wp-json\/wp\/v2\/comments?post=43588"}],"version-history":[{"count":0,"href":"https:\/\/www.europesays.com\/fr\/wp-json\/wp\/v2\/posts\/43588\/revisions"}],"wp:featuredmedia":[{"embeddable":true,"href":"https:\/\/www.europesays.com\/fr\/wp-json\/wp\/v2\/media\/43589"}],"wp:attachment":[{"href":"https:\/\/www.europesays.com\/fr\/wp-json\/wp\/v2\/media?parent=43588"}],"wp:term":[{"taxonomy":"category","embeddable":true,"href":"https:\/\/www.europesays.com\/fr\/wp-json\/wp\/v2\/categories?post=43588"},{"taxonomy":"post_tag","embeddable":true,"href":"https:\/\/www.europesays.com\/fr\/wp-json\/wp\/v2\/tags?post=43588"}],"curies":[{"name":"wp","href":"https:\/\/api.w.org\/{rel}","templated":true}]}}