{"id":435890,"date":"2025-10-03T10:00:15","date_gmt":"2025-10-03T10:00:15","guid":{"rendered":"https:\/\/www.europesays.com\/fr\/435890\/"},"modified":"2025-10-03T10:00:15","modified_gmt":"2025-10-03T10:00:15","slug":"europe-fait-fi-du-shutdown-et-salue-des-statistiques-encourageantes-en-ue-03-10-2025-a-1145","status":"publish","type":"post","link":"https:\/\/www.europesays.com\/fr\/435890\/","title":{"rendered":"Europe: fait fi du &lsquo;shutdown&rsquo; et salue des statistiques encourageantes en UE &#8211; 03\/10\/2025 \u00e0 11:45"},"content":{"rendered":"<p>                                                                Les places boursi\u00e8res europ\u00e9ennes restent orient\u00e9es \u00e0 la hausse ce matin, avec +0,1% \u00e0 Francfort, +0,2% \u00e0 Paris et m\u00eame +0,6% \u00e0 Londres.<\/p>\n<p>Les investisseurs doivent pourtant composer avec les incertitudes engendr\u00e9es par le &lsquo;shutdown&rsquo; aux \u00c9tats-Unis, et notamment l&rsquo;absence de publication de statistiques outre-Atlantique. Ainsi, le tr\u00e8s scrut\u00e9 rapport mensuel sur l&#8217;emploi du D\u00e9partement du Travail ne sera pas publi\u00e9 aujourd&rsquo;hui.\n<\/p>\n<p>&lsquo;L&rsquo;absence de nouveaux chiffres de l&#8217;emploi et du ch\u00f4mage va compliquer la t\u00e2che de la R\u00e9serve f\u00e9d\u00e9rale (Fed) \u00e0 la fin du mois. Plusieurs membres du FOMC ont exprim\u00e9 publiquement leur inqui\u00e9tude \u00e0 propos de l&rsquo;\u00e9tat du march\u00e9 du travail, certains soulignant m\u00eame que la Fed est en retard par rapport au cycle&rsquo;, fait remarquer Christopher Dembik, conseiller en strat\u00e9gie d&rsquo;investissement chez Pictet AM.\n<\/p>\n<p>Si le professionnel semble tenir pour acquise une baisse de taux de 25 pb en octobre, il consid\u00e8re qu&rsquo;en regard de l&rsquo;absence de donn\u00e9es, la Fed devrait probablement laisser la porte ouverte \u00e0 tous les sc\u00e9narios pour d\u00e9cembre.\n<\/p>\n<p>En attendant, les march\u00e9s ont pu prendre connaissance de plusieurs donn\u00e9es concernant le Vieux Continent ce matin.\n<\/p>\n<p>Ainsi, l&rsquo;indice PMI composite HCOB de l&rsquo;activit\u00e9 globale de la zone euro est pass\u00e9 de 51 en ao\u00fbt \u00e0 51,2 en septembre, soit son plus haut niveau depuis mai 2024, signalant une l\u00e9g\u00e8re acc\u00e9l\u00e9ration de la croissance dans le secteur priv\u00e9.\n<\/p>\n<p>L&rsquo;Allemagne a fortement contribu\u00e9 \u00e0 cette acc\u00e9l\u00e9ration, mais c&rsquo;est l&rsquo;Espagne qui a enregistr\u00e9 la croissance la plus marqu\u00e9e. L&rsquo;Italie a affich\u00e9 une hausse mod\u00e9r\u00e9e, faisant de la France le seul pays \u00e0 signaler une contraction.\n<\/p>\n<p>Par ailleurs, entre juillet et ao\u00fbt, les prix \u00e0 la production industrielle ont baiss\u00e9 de 0,3% dans la zone euro et de 0,4% dans l&rsquo;UE, selon Eurostat, apr\u00e8s des augmentations de 0,3% et de 0,6% respectivement en juillet.\n<\/p>\n<p>Dans la zone euro, au mois d&rsquo;ao\u00fbt, les prix \u00e0 la production industrielle dans l&rsquo;ensemble de l&rsquo;industrie hors \u00e9nergie sont rest\u00e9s stables, les prix de l&rsquo;\u00e9nergie s&rsquo;\u00e9tant pour leur part contract\u00e9s de 1,3% par rapport au mois pr\u00e9c\u00e9dent.\n<\/p>\n<p>Enfin, la croissance du secteur priv\u00e9 britannique a fortement ralenti en septembre, au vu de l&rsquo;indice PMI composite qui est tomb\u00e9 de 53,5 en ao\u00fbt \u00e0 50,1, tout juste au-dessus du seuil fatidique des 50, refl\u00e9tant une stagnation de l&rsquo;activit\u00e9.\n<\/p>\n<p>Sur le compartiment obligataire, le Bund \u00e0 10 ans reste stable \u00e0 2,70%, tandis que le rendement de l&rsquo;OAT stagne autour de 3,51%.<br \/>\n<br \/>L&rsquo;euro est parfaitement stable face au billet vert, \u00e0 1,173 USD.\n<\/p>\n<p>\u00c0 Londres, le Brent s&rsquo;appr\u00e9cie de 0,8%, \u00e0 64,8 USD le baril.\n<\/p>\n<p>Dans l&rsquo;actualit\u00e9 des soci\u00e9t\u00e9s europ\u00e9ennes, flatexDEGIRO annonce qu&rsquo;environ 34 000 nouveaux comptes clients ont \u00e9t\u00e9 ouverts en septembre, portant la base de clients totale \u00e0 3,38 millions.\n<\/p>\n<p>Roche indique que la FDA des \u00c9tats-Unis a approuv\u00e9 Tecentriq et Tecentriq Hybreza en association avec la lurbinect\u00e9dine pour le traitement d&rsquo;entretien de premi\u00e8re ligne des patients adultes atteints d&rsquo;un cancer du poumon \u00e0 petites cellules de stade \u00e9tendu (ES-SCLC).\n<\/p>\n<p>Eni fait part de sa d\u00e9cision finale d&rsquo;investissement pour d\u00e9velopper le projet Coral North FLNG, situ\u00e9 en eaux profondes au large du Mozambique, avec ses partenaires CNPC, ENH, Kogas et XRG (ADNOC).\n<\/p>\n<p>Enfin, Philips annonce une alliance commerciale en Europe avec Getinge, groupe su\u00e9dois sp\u00e9cialis\u00e9 dans les technologies m\u00e9dicales, afin de proposer une solution int\u00e9gr\u00e9e combinant les syst\u00e8mes d&rsquo;anesth\u00e9sie Flow Family de Getinge et les technologies de monitoring IntelliVue de Philips.<\/p>\n","protected":false},"excerpt":{"rendered":"Les places boursi\u00e8res europ\u00e9ennes restent orient\u00e9es \u00e0 la hausse ce matin, avec +0,1% \u00e0 Francfort, +0,2% \u00e0 Paris&hellip;\n","protected":false},"author":2,"featured_media":2554,"comment_status":"","ping_status":"","sticky":false,"template":"","format":"standard","meta":{"footnotes":""},"categories":[1586],"tags":[400,11,398,408,405,1777,674,1011,27,403,402,399,404,12,25,401,406,407],"class_list":{"0":"post-435890","1":"post","2":"type-post","3":"status-publish","4":"format-standard","5":"has-post-thumbnail","7":"category-europe","8":"tag-action-cac-40","9":"tag-actualites","10":"tag-bourse-de-paris","11":"tag-boursorama","12":"tag-cotations","13":"tag-eu","14":"tag-europe","15":"tag-fr","16":"tag-france","17":"tag-indices-devises","18":"tag-investir","19":"tag-investissement","20":"tag-marche-boursier","21":"tag-news","22":"tag-republique-francaise","23":"tag-sicav","24":"tag-trackers","25":"tag-warrants"},"share_on_mastodon":{"url":"https:\/\/pubeurope.com\/@fr\/115309656522754510","error":""},"_links":{"self":[{"href":"https:\/\/www.europesays.com\/fr\/wp-json\/wp\/v2\/posts\/435890","targetHints":{"allow":["GET"]}}],"collection":[{"href":"https:\/\/www.europesays.com\/fr\/wp-json\/wp\/v2\/posts"}],"about":[{"href":"https:\/\/www.europesays.com\/fr\/wp-json\/wp\/v2\/types\/post"}],"author":[{"embeddable":true,"href":"https:\/\/www.europesays.com\/fr\/wp-json\/wp\/v2\/users\/2"}],"replies":[{"embeddable":true,"href":"https:\/\/www.europesays.com\/fr\/wp-json\/wp\/v2\/comments?post=435890"}],"version-history":[{"count":0,"href":"https:\/\/www.europesays.com\/fr\/wp-json\/wp\/v2\/posts\/435890\/revisions"}],"wp:featuredmedia":[{"embeddable":true,"href":"https:\/\/www.europesays.com\/fr\/wp-json\/wp\/v2\/media\/2554"}],"wp:attachment":[{"href":"https:\/\/www.europesays.com\/fr\/wp-json\/wp\/v2\/media?parent=435890"}],"wp:term":[{"taxonomy":"category","embeddable":true,"href":"https:\/\/www.europesays.com\/fr\/wp-json\/wp\/v2\/categories?post=435890"},{"taxonomy":"post_tag","embeddable":true,"href":"https:\/\/www.europesays.com\/fr\/wp-json\/wp\/v2\/tags?post=435890"}],"curies":[{"name":"wp","href":"https:\/\/api.w.org\/{rel}","templated":true}]}}