{"id":435891,"date":"2025-10-03T10:01:18","date_gmt":"2025-10-03T10:01:18","guid":{"rendered":"https:\/\/www.europesays.com\/fr\/435891\/"},"modified":"2025-10-03T10:01:18","modified_gmt":"2025-10-03T10:01:18","slug":"le-prince-albert-ii-present-au-sommet-de-la-communaute-politique-europeenne","status":"publish","type":"post","link":"https:\/\/www.europesays.com\/fr\/435891\/","title":{"rendered":"Le Prince Albert II pr\u00e9sent au Sommet de la Communaut\u00e9 Politique Europ\u00e9enne"},"content":{"rendered":"<p><strong>Le Souverain mon\u00e9gasque a particip\u00e9 aux discussions du 7\u00e8me Sommet de la CPE au Danemark, o\u00f9 se sont r\u00e9unis chefs d\u2019\u00c9tat et de gouvernement du vieux continent.<\/strong><\/p>\n<p>Des dirigeants europ\u00e9ens ont pris part le jeudi le 2 octobre \u00e0 Copenhague, la capitale du pays, aux diff\u00e9rents enjeux de stabilit\u00e9, de s\u00e9curit\u00e9 et de coop\u00e9ration sur le continent. Mise en place en 2022, la Communaut\u00e9 Politique Europ\u00e9enne sert de plateforme de d\u00e9bats entre les pays membres de l\u2019Union Europ\u00e9enne mais aussi aux non-membres, <a href=\"https:\/\/www.monaco-tribune.com\/2025\/09\/monaco-condamne-fermement-la-guerre-dagression-qui-frappe-lukraine-le-prince-albert-ii-reaffirme-son-soutien-a-volodymyr-zelensky-a-lonu\/\" target=\"_blank\" rel=\"noopener\">comme l\u2019Ukraine<\/a>. <\/p>\n<p><img loading=\"lazy\" decoding=\"async\" width=\"820\" height=\"1024\" src=\"https:\/\/www.europesays.com\/fr\/wp-content\/uploads\/2025\/10\/prince-albert-ii-copenhague-8-820x1024.jpeg\" alt=\"\" class=\"wp-image-317444\"  \/>\u00a9\u00a0 Michael Alesi \/ Palais princier<\/p>\n<p><img loading=\"lazy\" decoding=\"async\" width=\"819\" height=\"1024\" src=\"https:\/\/www.europesays.com\/fr\/wp-content\/uploads\/2025\/10\/prince-albert-ii-copenhague-5-819x1024.jpeg\" alt=\"\" class=\"wp-image-317449\"  \/>\u00a9\u00a0 Michael Alesi \/ Palais princier<\/p>\n<p><img loading=\"lazy\" decoding=\"async\" width=\"820\" height=\"1024\" src=\"https:\/\/www.europesays.com\/fr\/wp-content\/uploads\/2025\/10\/prince-albert-ii-copenhague-3-820x1024.jpg\" alt=\"\" class=\"wp-image-317454\"  \/>\u00a9\u00a0 Michael Alesi \/ Palais princier<\/p>\n<p>Au cours des discussions consacr\u00e9es \u00e0 la \u00ab S\u00e9curit\u00e9 \u00e9conomique et r\u00e9duction des d\u00e9pendances europ\u00e9ennes \u00bb, le Prince Albert II a soulign\u00e9 l\u2019importance du <a href=\"https:\/\/www.monaco-tribune.com\/2025\/09\/le-prince-albert-ii-plaide-pour-un-multilateralisme-renforce-a-lonu\/\" target=\"_blank\" rel=\"noopener\">multilat\u00e9ralisme<\/a> et la n\u00e9cessit\u00e9 de r\u00e9duire les d\u00e9pendances ext\u00e9rieures dans certains secteurs strat\u00e9giques, comme l\u2019\u00e9nergie, la technologie ou encore la d\u00e9fense. Il a \u00e9galement mis l\u2019accent sur le r\u00f4le de l\u2019innovation et du soutien public, citant <a href=\"https:\/\/www.monaco-tribune.com\/2025\/05\/monacotech-devoile-quatre-startups-innovantes-lors-de-son-premier-demo-day-2025\/\" target=\"_blank\" rel=\"noopener\">Monaco Tech<\/a>, l\u2019incubateur de startups mon\u00e9gasque d\u00e9di\u00e9 aux \u00e9nergies propres comme exemple concret de r\u00e9silience \u00e9conomique et \u00e9cologique.<\/p>\n<p>Des \u00e9changes multiples pour renforcer la coop\u00e9ration europ\u00e9enne<\/p>\n<p>Le Souverain a pris part aux d\u00e9bats autour d\u2019une coalition europ\u00e9enne contre les drogues, initi\u00e9e en mai dernier, lors du <a href=\"https:\/\/www.monaco-tribune.com\/2025\/05\/le-prince-albert-ii-renforce-les-liens-europeens-au-sommet-de-tirana-sur-lenergie-et-la-securite\/\" target=\"_blank\" rel=\"noopener\">sommet de Tirana<\/a> en Albanie par la France et l\u2019Italie. L\u2019objectif vise \u00e0 renforcer la coop\u00e9ration contre le narcotrafic, les flux financiers illicites et le d\u00e9veloppement des programmes de pr\u00e9vention.<\/p>\n<p>Par ailleurs, une rencontre a eu lieu entre le Prince et le pr\u00e9sident de Chypre, Nikos Christodoulides, qui aura la charge d\u2019assurer la pr\u00e9sidence du Conseil de l\u2019UE \u00e0 partir du 1er janvier 2026, ainsi que le chef du gouvernement d\u2019Andorre Xavier Espot Zamora. La tenue des \u00e9changes a permis d\u2019\u00e9voquer l\u2019importance de l\u2019unit\u00e9 europ\u00e9enne et de rappeler l\u2019espace central occup\u00e9 par le sport dans les engagement internationaux de la Principaut\u00e9 de Monaco. Le Souverain avait pr\u00e9alablement \u00e9t\u00e9 re\u00e7u par le Roi Frederik X et la Reine Mary de l\u2019\u00e9tat danois lors d\u2019un d\u00eener officiel au palais Amalienborg.<\/p>\n<p><img loading=\"lazy\" decoding=\"async\" width=\"800\" height=\"1000\" src=\"https:\/\/www.europesays.com\/fr\/wp-content\/uploads\/2025\/10\/prince-albert-ii-copenhague-9.jpeg\" alt=\"\" class=\"wp-image-317459\"  \/>\u00a9\u00a0 Michael Alesi \/ Palais princier<\/p>\n<p><img loading=\"lazy\" decoding=\"async\" width=\"819\" height=\"1024\" src=\"https:\/\/www.europesays.com\/fr\/wp-content\/uploads\/2025\/10\/prince-albert-ii-copenhague-7-819x1024.jpeg\" alt=\"\" class=\"wp-image-317464\"  \/>\u00a9\u00a0 Michael Alesi \/ Palais princier<\/p>\n<p><img loading=\"lazy\" decoding=\"async\" width=\"800\" height=\"1000\" src=\"https:\/\/www.europesays.com\/fr\/wp-content\/uploads\/2025\/10\/prince-albert-ii-copenhague.jpeg\" alt=\"\" class=\"wp-image-317480\"  \/>\u00a9\u00a0 Michael Alesi \/ Palais princier                <\/p>\n","protected":false},"excerpt":{"rendered":"Le Souverain mon\u00e9gasque a particip\u00e9 aux discussions du 7\u00e8me Sommet de la CPE au Danemark, o\u00f9 se sont&hellip;\n","protected":false},"author":2,"featured_media":435892,"comment_status":"","ping_status":"","sticky":false,"template":"","format":"standard","meta":{"footnotes":""},"categories":[1586],"tags":[11,1777,674,1779,1011,27,12,3126,25,1778,364],"class_list":{"0":"post-435891","1":"post","2":"type-post","3":"status-publish","4":"format-standard","5":"has-post-thumbnail","7":"category-europe","8":"tag-actualites","9":"tag-eu","10":"tag-europe","11":"tag-european-union","12":"tag-fr","13":"tag-france","14":"tag-news","15":"tag-prince-albert-ii","16":"tag-republique-francaise","17":"tag-ue","18":"tag-union-europeenne"},"share_on_mastodon":{"url":"https:\/\/pubeurope.com\/@fr\/115309661261783072","error":""},"_links":{"self":[{"href":"https:\/\/www.europesays.com\/fr\/wp-json\/wp\/v2\/posts\/435891","targetHints":{"allow":["GET"]}}],"collection":[{"href":"https:\/\/www.europesays.com\/fr\/wp-json\/wp\/v2\/posts"}],"about":[{"href":"https:\/\/www.europesays.com\/fr\/wp-json\/wp\/v2\/types\/post"}],"author":[{"embeddable":true,"href":"https:\/\/www.europesays.com\/fr\/wp-json\/wp\/v2\/users\/2"}],"replies":[{"embeddable":true,"href":"https:\/\/www.europesays.com\/fr\/wp-json\/wp\/v2\/comments?post=435891"}],"version-history":[{"count":0,"href":"https:\/\/www.europesays.com\/fr\/wp-json\/wp\/v2\/posts\/435891\/revisions"}],"wp:featuredmedia":[{"embeddable":true,"href":"https:\/\/www.europesays.com\/fr\/wp-json\/wp\/v2\/media\/435892"}],"wp:attachment":[{"href":"https:\/\/www.europesays.com\/fr\/wp-json\/wp\/v2\/media?parent=435891"}],"wp:term":[{"taxonomy":"category","embeddable":true,"href":"https:\/\/www.europesays.com\/fr\/wp-json\/wp\/v2\/categories?post=435891"},{"taxonomy":"post_tag","embeddable":true,"href":"https:\/\/www.europesays.com\/fr\/wp-json\/wp\/v2\/tags?post=435891"}],"curies":[{"name":"wp","href":"https:\/\/api.w.org\/{rel}","templated":true}]}}