{"id":435911,"date":"2025-10-03T10:15:20","date_gmt":"2025-10-03T10:15:20","guid":{"rendered":"https:\/\/www.europesays.com\/fr\/435911\/"},"modified":"2025-10-03T10:15:20","modified_gmt":"2025-10-03T10:15:20","slug":"remi-balinieres-a-la-galerie-montesquieu-le-regard-du-maitre","status":"publish","type":"post","link":"https:\/\/www.europesays.com\/fr\/435911\/","title":{"rendered":"R\u00e9mi Balini\u00e8res \u00e0 la galerie Montesquieu, le regard du ma\u00eetre"},"content":{"rendered":"<p>\n                                                                    l&rsquo;essentiel<br \/>\n                                                                R\u00e9mi Balini\u00e8res est un peintre classique, ma\u00eetre de la repr\u00e9sentation figurative libre. Ses rues agenaises offrent une red\u00e9couverte vibrante de la ville.\n                            <\/p>\n<p>R\u00e9mi Balini\u00e8res peint depuis l\u2019\u00e2ge de 26 ans. C\u2019est dans les rues de Paris, sur le motif, qu\u2019il a effectu\u00e9 ses premi\u00e8res armes, sous le regard des passants et de peintres exp\u00e9riment\u00e9s. \u00ab\u00a0Certains m\u2019ont prodigu\u00e9 leurs encouragements. Cela m\u2019a incit\u00e9 \u00e0 continuer \u00e0 me perfectionner. J\u2019ai \u00e9chang\u00e9 avec des confr\u00e8res et pris des cours. J\u2019avais peut-\u00eatre quelques pr\u00e9dispositions mais ce qui compte tient en trois mots\u00a0: le travail, le travail, le travail.\u00a0\u00bb<\/p>\n<p>Pr\u00e8s d\u2019une centaine d\u2019\u0153uvres expos\u00e9es<\/p>\n<p>Une quarantaine d\u2019huiles sur toile sont accroch\u00e9es aux cimaises de la galerie Montesquieu, ce qui repr\u00e9sente plusieurs ann\u00e9es de cr\u00e9ation. Au sol, comme dans l\u2019atelier d\u2019un artiste, des dizaines de tableaux compl\u00e8tent l\u2019exposition o\u00f9 l\u2019on retrouve des paysages et sc\u00e8nes de rue. Ne le cachons pas\u00a0: les art\u00e8res agenaises vues \u00e0 travers le filtre de l\u2019artiste procurent une jubilation particuli\u00e8re\u00a0: on s\u2019y retrouve tout en red\u00e9couvrant.<br \/>Caf\u00e9s parisiens, vues du bassin m\u00e9diterran\u00e9en et paysages de notre terroir o\u00f9 l\u2019artiste flirte alors avec l\u2019impressionnisme, touches l\u00e9g\u00e8res et enlev\u00e9e\u00a0: un vrai r\u00e9gal des yeux.<\/p>\n<p>\u00ab\u00a0Je cr\u00e9e au gr\u00e9 de mes envies.\u00a0\u00bb<\/p>\n<p>\u00ab\u00a0Je peins de moins en moins sur le motif. Je pr\u00e9f\u00e8re d\u00e9sormais l\u2019intimit\u00e9 de l\u2019atelier avec une lumi\u00e8re stable\u00a0\u00bb, avoue le toujours jeune (73 ans) R\u00e9mi Balini\u00e8res, qui n\u2019h\u00e9site pas \u00e0 transmettre b\u00e9n\u00e9volement son savoir \u00e0 des amateurs foulayronnais. \u00ab\u00a0La peinture n\u2019a jamais \u00e9t\u00e9 mon m\u00e9tier, mais une passion. Je cr\u00e9e au gr\u00e9 de mes envies.\u00a0\u00bb Et le spectateur ressent dans ses toiles le plaisir qu\u2019a \u00e9prouv\u00e9 l\u2019artiste \u00e0 transfigurer le r\u00e9el.<br \/>Nul doute que cette exposition conna\u00eetra le succ\u00e8s des pr\u00e9c\u00e9dentes apparitions du peintre \u00e0 la galerie Montesquieu, o\u00f9 d\u00e9filaient d\u00e9j\u00e0, d\u00e8s le premier jour, ses admirateurs.<\/p>\n<p>Exposition ouverte librement au public jusqu\u2019au 11\u00a0octobre. Du lundi au samedi de 10\u00a0h\u00a015 \u00e0 12\u00a0h et de 15\u00a0h \u00e0 19\u00a0h \u2013 117, rue Montesquieu \u00e0 Agen.<\/p>\n","protected":false},"excerpt":{"rendered":"l&rsquo;essentiel R\u00e9mi Balini\u00e8res est un peintre classique, ma\u00eetre de la repr\u00e9sentation figurative libre. Ses rues agenaises offrent une&hellip;\n","protected":false},"author":2,"featured_media":435912,"comment_status":"","ping_status":"","sticky":false,"template":"","format":"standard","meta":{"footnotes":""},"categories":[1358],"tags":[1348,1384,1385,1386,58,59,1011,27],"class_list":{"0":"post-435911","1":"post","2":"type-post","3":"status-publish","4":"format-standard","5":"has-post-thumbnail","7":"category-arts-et-design","8":"tag-arts","9":"tag-arts-and-design","10":"tag-arts-et-design","11":"tag-design","12":"tag-divertissement","13":"tag-entertainment","14":"tag-fr","15":"tag-france"},"share_on_mastodon":{"url":"https:\/\/pubeurope.com\/@fr\/115309715515420792","error":""},"_links":{"self":[{"href":"https:\/\/www.europesays.com\/fr\/wp-json\/wp\/v2\/posts\/435911","targetHints":{"allow":["GET"]}}],"collection":[{"href":"https:\/\/www.europesays.com\/fr\/wp-json\/wp\/v2\/posts"}],"about":[{"href":"https:\/\/www.europesays.com\/fr\/wp-json\/wp\/v2\/types\/post"}],"author":[{"embeddable":true,"href":"https:\/\/www.europesays.com\/fr\/wp-json\/wp\/v2\/users\/2"}],"replies":[{"embeddable":true,"href":"https:\/\/www.europesays.com\/fr\/wp-json\/wp\/v2\/comments?post=435911"}],"version-history":[{"count":0,"href":"https:\/\/www.europesays.com\/fr\/wp-json\/wp\/v2\/posts\/435911\/revisions"}],"wp:featuredmedia":[{"embeddable":true,"href":"https:\/\/www.europesays.com\/fr\/wp-json\/wp\/v2\/media\/435912"}],"wp:attachment":[{"href":"https:\/\/www.europesays.com\/fr\/wp-json\/wp\/v2\/media?parent=435911"}],"wp:term":[{"taxonomy":"category","embeddable":true,"href":"https:\/\/www.europesays.com\/fr\/wp-json\/wp\/v2\/categories?post=435911"},{"taxonomy":"post_tag","embeddable":true,"href":"https:\/\/www.europesays.com\/fr\/wp-json\/wp\/v2\/tags?post=435911"}],"curies":[{"name":"wp","href":"https:\/\/api.w.org\/{rel}","templated":true}]}}