{"id":435921,"date":"2025-10-03T10:20:22","date_gmt":"2025-10-03T10:20:22","guid":{"rendered":"https:\/\/www.europesays.com\/fr\/435921\/"},"modified":"2025-10-03T10:20:22","modified_gmt":"2025-10-03T10:20:22","slug":"les-pharmaciens-avouent-enfin-la-dangerosite-des-vaccins-cest-faux","status":"publish","type":"post","link":"https:\/\/www.europesays.com\/fr\/435921\/","title":{"rendered":"Les pharmaciens avouent enfin la dangerosit\u00e9 des vaccins\u00a0? C\u2019est faux"},"content":{"rendered":"<p>Si m\u00eame les pharmaciens avouent la dangerosit\u00e9 des vaccins contre le <a href=\"https:\/\/www.20minutes.fr\/societe\/covid-19\/\" class=\"c-link c-link--is-underlined\" target=\"_blank\" rel=\"noopener\">Covid-19<\/a> et la grippe alors\u2026 C\u2019est le discours servi par de nombreux internautes, <a href=\"https:\/\/www.20minutes.fr\/sante\/anti-vaccin\/\" class=\"c-link c-link--is-underlined\" target=\"_blank\" rel=\"noopener\">antivaccins<\/a>, sur les r\u00e9seaux sociaux ces derni\u00e8res semaines. Ils affirment\u00a0: \u00ab\u00a0Les <a href=\"https:\/\/www.20minutes.fr\/dossier\/pharmacie\" class=\"c-link c-link--is-underlined\" target=\"_blank\" rel=\"noopener\">pharmaciens <\/a>se rebellent\u00a0! Ils comprennent enfin qu\u2019ils ont empoisonn\u00e9 des milliers de personnes. Stop aux vaccins\u00a0!\u00a0\u00bb<\/p>\n<p>Pour preuve, une vid\u00e9o d\u2019un pharmacien qui affirme\u00a0: \u00ab\u00a0Nous avons d\u00e9cid\u00e9, avec certains de mes confr\u00e8res, de ne pas passer commande des vaccins contre le Covid.\u00a0\u00bb Et d\u2019ajouter\u00a0: \u00ab\u00a0Nous avons d\u00e9cid\u00e9 de marquer notre m\u00e9contentement en ne commandant pas de vaccins d\u00e8s l\u2019ouverture des bons de commande.\u00a0\u00bb<\/p>\n<p>D\u2019autres internautes joignent \u00e0 leurs publications un titre d\u2019article de presse\u00a0: \u00ab\u00a0Vaccins contre le Covid-19\u00a0: &lsquo;Les pharmaciens sont en train de p\u00e9ter un plomb&rsquo;\u2026 pourquoi la campagne de vaccination est menac\u00e9e de boycott.\u00a0\u00bb<\/p>\n<p>FAKE OFF<\/p>\n<p>Mais d\u2019o\u00f9 vient donc cette rumeur selon laquelle des pharmaciens auraient avou\u00e9 la dangerosit\u00e9 des vaccins contre la <a href=\"https:\/\/www.20minutes.fr\/dossier\/grippe\" class=\"c-link c-link--is-underlined\" target=\"_blank\" rel=\"noopener\">grippe <\/a>et le Covid-19\u00a0? En regardant de plus pr\u00e8s les citations partag\u00e9es par ces internautes, on retrouve un reportage r\u00e9alis\u00e9 par <a href=\"https:\/\/x.com\/BFMTV\/status\/1970711711884918972\" target=\"_blank\" class=\"c-link c-link--is-underlined\">BFMTV<\/a>, qui avait \u00e9t\u00e9 recadr\u00e9 et d\u00e9coup\u00e9, ainsi que le titre d\u2019un article de <a href=\"https:\/\/www.ladepeche.fr\/2025\/09\/23\/vaccins-contre-le-covid-19-les-pharmaciens-sont-en-train-de-peter-un-plomb-pourquoi-la-campagne-de-vaccination-est-menacee-de-boycott-12948054.php\" rel=\"nofollow noopener\" target=\"_blank\" class=\"c-link c-link--is-underlined\">La D\u00e9p\u00eache<\/a>.<\/p>\n<p>Mais visiblement les internautes auteurs de ces messages ne se sont pas donn\u00e9 la peine d\u2019\u00e9couter les reportages ou de lire les articles qu\u2019ils ont repartag\u00e9s. Il est aussi possible que certains aient d\u00e9lib\u00e9r\u00e9ment tronqu\u00e9 le message des pharmaciens interrog\u00e9s dans la vid\u00e9o pour servir leur discours antivax.<\/p>\n<p>Le pharmacien interrog\u00e9 par la cha\u00eene nationale tient bien les propos qui lui ont \u00e9t\u00e9 attribu\u00e9s, mais il ne remet \u00e0 aucun moment en doute la n\u00e9cessit\u00e9 de ce vaccin. D\u2019ailleurs dans la suite du reportage coup\u00e9, les motivations de ce dernier sont d\u00e9taill\u00e9es sur certaines publications des internautes. Il proteste contre la diminution des remises sur les g\u00e9n\u00e9riques et la nouvelle baisse pr\u00e9vue sur les prix de ces m\u00e9dicaments. Les explications sont les m\u00eames dans l\u2019article de La D\u00e9p\u00eache.<\/p>\n<p>Un boycott tr\u00e8s marginal et condamn\u00e9 par le Conseil national de l\u2019ordre des pharmaciens<\/p>\n<p>Ce reportage et cet article ont \u00e9t\u00e9 r\u00e9alis\u00e9s apr\u00e8s la mobilisation du jeudi 18\u00a0septembre, journ\u00e9e de gr\u00e8ve et manifestations en France \u00e0 laquelle se sont joints les pharmaciens. Certains avaient ferm\u00e9 leurs boutiques afin de protester contre les mesures que nous venons d\u2019\u00e9voquer, et qui avaient \u00e9t\u00e9 annonc\u00e9es par le pr\u00e9c\u00e9dent gouvernement. Une mobilisation qui dure depuis plusieurs semaines puisque le samedi 16\u00a0ao\u00fbt, neuf officines sur dix avaient d\u00e9j\u00e0 ferm\u00e9 leurs portes.<\/p>\n<\/p>\n<p>Et justement certains g\u00e9rants d\u2019officines annon\u00e7aient vouloir aller plus loin en boycottant la campagne de vaccination contre le Covid-19 de cet hiver. D\u2019autres ont m\u00eame \u00e9largi leur menace \u00e0 celui contre la grippe. C\u2019est pourquoi ils annon\u00e7aient ne pas vouloir passer commande, rien \u00e0 voir donc avec un quelconque aveu de la dangerosit\u00e9 des vaccins.<\/p>\n<p>D\u2019ailleurs ce mouvement est tr\u00e8s marginal. Il s\u2019est lanc\u00e9 sur les r\u00e9seaux sociaux par des messages post\u00e9s \u00e0 titre individuel de certains pharmaciens. D\u00e8s le mardi 23\u00a0septembre, le Conseil national de l\u2019ordre des pharmaciens a condamn\u00e9 la mesure, et aucun syndicat de la profession n\u2019a apport\u00e9 son soutien \u00e0 ce boycott. La campagne de vaccination contre le\u00a0Covid-19\u00a0doit d\u00e9marrer le 14\u00a0octobre prochain.<\/p>\n","protected":false},"excerpt":{"rendered":"Si m\u00eame les pharmaciens avouent la dangerosit\u00e9 des vaccins contre le Covid-19 et la grippe alors\u2026 C\u2019est le&hellip;\n","protected":false},"author":2,"featured_media":435922,"comment_status":"","ping_status":"","sticky":false,"template":"","format":"standard","meta":{"footnotes":""},"categories":[10],"tags":[47,13974,4357,840,1011,27,29786,72,32505,15299,71,48881],"class_list":{"0":"post-435921","1":"post","2":"type-post","3":"status-publish","4":"format-standard","5":"has-post-thumbnail","7":"category-sante","8":"tag-actualite","9":"tag-antivaccin","10":"tag-covid-19","11":"tag-fake-off","12":"tag-fr","13":"tag-france","14":"tag-grippe","15":"tag-health","16":"tag-industrie-pharmaceutique","17":"tag-pharmacie","18":"tag-sante","19":"tag-vaccin-anti-covid"},"share_on_mastodon":{"url":"https:\/\/pubeurope.com\/@fr\/115309735077136195","error":""},"_links":{"self":[{"href":"https:\/\/www.europesays.com\/fr\/wp-json\/wp\/v2\/posts\/435921","targetHints":{"allow":["GET"]}}],"collection":[{"href":"https:\/\/www.europesays.com\/fr\/wp-json\/wp\/v2\/posts"}],"about":[{"href":"https:\/\/www.europesays.com\/fr\/wp-json\/wp\/v2\/types\/post"}],"author":[{"embeddable":true,"href":"https:\/\/www.europesays.com\/fr\/wp-json\/wp\/v2\/users\/2"}],"replies":[{"embeddable":true,"href":"https:\/\/www.europesays.com\/fr\/wp-json\/wp\/v2\/comments?post=435921"}],"version-history":[{"count":0,"href":"https:\/\/www.europesays.com\/fr\/wp-json\/wp\/v2\/posts\/435921\/revisions"}],"wp:featuredmedia":[{"embeddable":true,"href":"https:\/\/www.europesays.com\/fr\/wp-json\/wp\/v2\/media\/435922"}],"wp:attachment":[{"href":"https:\/\/www.europesays.com\/fr\/wp-json\/wp\/v2\/media?parent=435921"}],"wp:term":[{"taxonomy":"category","embeddable":true,"href":"https:\/\/www.europesays.com\/fr\/wp-json\/wp\/v2\/categories?post=435921"},{"taxonomy":"post_tag","embeddable":true,"href":"https:\/\/www.europesays.com\/fr\/wp-json\/wp\/v2\/tags?post=435921"}],"curies":[{"name":"wp","href":"https:\/\/api.w.org\/{rel}","templated":true}]}}