{"id":435937,"date":"2025-10-03T10:28:17","date_gmt":"2025-10-03T10:28:17","guid":{"rendered":"https:\/\/www.europesays.com\/fr\/435937\/"},"modified":"2025-10-03T10:28:17","modified_gmt":"2025-10-03T10:28:17","slug":"1-million-deuros-supplementaires-pour-les-communes-sinistrees","status":"publish","type":"post","link":"https:\/\/www.europesays.com\/fr\/435937\/","title":{"rendered":"1\u00a0million d\u2019euros suppl\u00e9mentaires pour les communes sinistr\u00e9es"},"content":{"rendered":"<p>Le 17\u00a0octobre 2024, de violentes intemp\u00e9ries avaient frapp\u00e9 le d\u00e9partement, et tout particuli\u00e8rement le Forez, la vall\u00e9e du Gier et le Pilat, occasionnant d\u2019immenses d\u00e9g\u00e2ts mat\u00e9riels.<\/p>\n<p>Suite \u00e0 ce terrible \u00e9pisode climatique, 21 communes de Saint-\u00c9tienne M\u00e9tropole (SEM) &#8211; pour un total de 53 dans la Loire &#8211; avaient \u00e9t\u00e9 <a href=\"https:\/\/www.leprogres.fr\/environnement\/2024\/11\/05\/l-etat-de-catastrophe-naturelle-reconnu-pour-53-communes-de-la-loire-et-43-de-haute-loire\" target=\"_blank\" rel=\"noopener\">reconnues en \u00e9tat de catastrophe naturelle<\/a>. Depuis, la M\u00e9tropole a d\u00e9bloqu\u00e9 7,6\u00a0millions d\u2019euros (M\u20ac) pour les travaux de remise en \u00e9tat ayant trait \u00e0 ses comp\u00e9tences\u00a0: voirie, ouvrages d\u2019art, assainissement et rivi\u00e8res, et eau potable.<\/p>\n<p>  151\u00a0000\u00a0euros pour L\u2019Horme, 141\u00a0000\u00a0euros pour Andr\u00e9zieux-Bouth\u00e9on\u2026<\/p>\n<p>Mais de nombreux autres travaux, pour un chemin, un muret ou autre, rel\u00e8vent de la comp\u00e9tence des communes. SEM avait donc d\u00e9cid\u00e9, d\u00e8s d\u00e9cembre\u00a02024, de cr\u00e9er un fonds de soutien exceptionnel pour aider ces derni\u00e8res \u00e0 financer ces travaux sur des biens non assurables.<\/p>\n<p>C\u2019est ainsi que les 21 communes concern\u00e9es vont se partager 1\u00a0M\u20ac (pour un total de d\u00e9g\u00e2ts communaux chiffr\u00e9 \u00e0 3,7\u00a0M\u20ac). Ces aides, r\u00e9parties au prorata des d\u00e9penses de chaque commune, vont de 800\u00a0\u20ac, pour Dargoire, \u00e0 151\u00a0000\u00a0\u20ac, pour L\u2019Horme (1).<\/p>\n<p>Les aides les plus importantes vont \u00e0 L\u2019Horme (151\u00a0000\u00a0\u20ac), Andr\u00e9zieux-Bouth\u00e9on (141\u00a0000\u00a0\u20ac), Doizieux (127\u00a0000\u00a0\u20ac), Rive-de-Gier (111\u00a0000\u00a0\u20ac), La Valla-en-Gier (83\u00a0000\u00a0\u20ac), Sainte-Croix-en-Jarez (77\u00a0500\u00a0\u20ac), La Grand-Croix (65\u00a0000\u00a0\u20ac), Ch\u00e2teauneuf (48\u00a0500\u00a0\u20ac)\u2026<\/p>\n<p>  \u00ab\u00a0Penser le r\u00e9am\u00e9nagement complet de l\u2019urbanisme de Rive-de-Gier\u00a0\u00bb<\/p>\n<p>Lors du conseil de ce jeudi, les \u00e9lus se sont \u00e9galement mis d\u2019accord pour reconna\u00eetre que le projet de d\u00e9couverture du Gier sur la commune de Rive-de-Gier rev\u00eat un int\u00e9r\u00eat m\u00e9tropolitain. Il s\u2019av\u00e8re en effet qu\u2019il s\u2019agit de la seule solution pour permettre le passage d\u2019une crue centennale sans risque d\u2019inondation. Aujourd\u2019hui, rien n\u2019est act\u00e9\u00a0: une \u00e9tude de faisabilit\u00e9 va \u00eatre men\u00e9e, accompagn\u00e9e d\u2019une concertation avec les habitants.<\/p>\n<p>\u00ab\u00a0C\u2019est un enjeu majeur pour Rive-de-Gier, mais aussi pour l\u2019ensemble du canton, a estim\u00e9 le maire de la commune, Vincent Bony. Mais c\u2019est un projet qui sera long et complexe. Car cela n\u00e9cessitera d\u2019enlever la M88 qui recouvre le Gier dans toute la travers\u00e9e du centre-ville (et qui sert de d\u00e9viation \u00e0 l\u2019A47), et d\u2019\u00e9largir le lit de la rivi\u00e8re. On va donc toucher \u00e0 des maisons, des espaces publics, des commerces, des entreprises\u2026 \u00c7a signifie qu\u2019il faudra penser le r\u00e9am\u00e9nagement complet de l\u2019urbanisme de la commune.\u00a0\u00bb<\/p>\n<p class=\"note\">(1) Les sommes sont arrondies.<\/p>\n","protected":false},"excerpt":{"rendered":"Le 17\u00a0octobre 2024, de violentes intemp\u00e9ries avaient frapp\u00e9 le d\u00e9partement, et tout particuli\u00e8rement le Forez, la vall\u00e9e du&hellip;\n","protected":false},"author":2,"featured_media":435938,"comment_status":"","ping_status":"","sticky":false,"template":"","format":"standard","meta":{"footnotes":""},"categories":[9653],"tags":[1111,11,2430,33,7539,1777,674,274,107,1011,27,3367,12,316,25,15293,56340,4001],"class_list":{"0":"post-435937","1":"post","2":"type-post","3":"status-publish","4":"format-standard","5":"has-post-thumbnail","7":"category-saint-etienne","8":"tag-actu","9":"tag-actualites","10":"tag-auvergne-rhone-alpes","11":"tag-economie","12":"tag-edition-loire-sud","13":"tag-eu","14":"tag-europe","15":"tag-faits-divers-justice","16":"tag-fil-info","17":"tag-fr","18":"tag-france","19":"tag-loire","20":"tag-news","21":"tag-politique","22":"tag-republique-francaise","23":"tag-rive-de-gier","24":"tag-rive-de-gier-ville","25":"tag-saint-etienne"},"share_on_mastodon":{"url":"https:\/\/pubeurope.com\/@fr\/115309766595314366","error":""},"_links":{"self":[{"href":"https:\/\/www.europesays.com\/fr\/wp-json\/wp\/v2\/posts\/435937","targetHints":{"allow":["GET"]}}],"collection":[{"href":"https:\/\/www.europesays.com\/fr\/wp-json\/wp\/v2\/posts"}],"about":[{"href":"https:\/\/www.europesays.com\/fr\/wp-json\/wp\/v2\/types\/post"}],"author":[{"embeddable":true,"href":"https:\/\/www.europesays.com\/fr\/wp-json\/wp\/v2\/users\/2"}],"replies":[{"embeddable":true,"href":"https:\/\/www.europesays.com\/fr\/wp-json\/wp\/v2\/comments?post=435937"}],"version-history":[{"count":0,"href":"https:\/\/www.europesays.com\/fr\/wp-json\/wp\/v2\/posts\/435937\/revisions"}],"wp:featuredmedia":[{"embeddable":true,"href":"https:\/\/www.europesays.com\/fr\/wp-json\/wp\/v2\/media\/435938"}],"wp:attachment":[{"href":"https:\/\/www.europesays.com\/fr\/wp-json\/wp\/v2\/media?parent=435937"}],"wp:term":[{"taxonomy":"category","embeddable":true,"href":"https:\/\/www.europesays.com\/fr\/wp-json\/wp\/v2\/categories?post=435937"},{"taxonomy":"post_tag","embeddable":true,"href":"https:\/\/www.europesays.com\/fr\/wp-json\/wp\/v2\/tags?post=435937"}],"curies":[{"name":"wp","href":"https:\/\/api.w.org\/{rel}","templated":true}]}}