{"id":435955,"date":"2025-10-03T10:37:26","date_gmt":"2025-10-03T10:37:26","guid":{"rendered":"https:\/\/www.europesays.com\/fr\/435955\/"},"modified":"2025-10-03T10:37:26","modified_gmt":"2025-10-03T10:37:26","slug":"encore-une-agression-fasciste-dans-un-bar-de-rouen-le-maire-fait-un-signalement-au-procureur","status":"publish","type":"post","link":"https:\/\/www.europesays.com\/fr\/435955\/","title":{"rendered":"Encore une agression fasciste dans un bar de Rouen ? Le maire fait un signalement au procureur"},"content":{"rendered":"<p>            Par<br \/>\n        <strong><br \/>\n            <a href=\"https:\/\/actu.fr\/auteur\/thomas-rideau\" title=\"Consulter tous les articles de Thomas Rideau\" target=\"_blank\" rel=\"noopener\">Thomas Rideau<\/a><br \/>\n        <\/strong><\/p>\n<p>        Publi\u00e9 le<\/p>\n<p>            3 oct. 2025 \u00e0 11h26<br \/>\n        ; mis \u00e0 jour le 3 oct. 2025 \u00e0 11h33    <\/p>\n<p>Que s\u2019est-il pass\u00e9 aux <a href=\"https:\/\/actu.fr\/normandie\/rouen_76540\/a-rouen-le-3-pieces-fete-ses-10-ans-l-esprit-reste-le-meme-bar-rock-amour_59641559.html\" target=\"_blank\" rel=\"noopener\">Trois Pi\u00e8ces<\/a>, bar embl\u00e9matique de <a href=\"https:\/\/actu.fr\/normandie\/rouen_76540\" target=\"_blank\" rel=\"noopener\">Rouen (Seine-Maritime)<\/a> ce 26\u00a0septembre 2025\u2009? <strong>Une bagarre<\/strong> a secou\u00e9 la qui\u00e9tude des lieux en fin de soir\u00e9e. Si bien, que le maire de Rouen, <strong>Nicolas Mayer-Rossignol<\/strong> a fait un signalement au procureur de la R\u00e9publique, qu\u2019il a rendu public ce vendredi 3\u00a0octobre 2025.<\/p>\n<p>Encore une agression fasciste dans un bar de Rouen ?<\/p>\n<p class=\" wall-content\">Car d\u2019apr\u00e8s le r\u00e9cit fait par le maire de Rouen, des jeunes identitaires ont agress\u00e9 des clients aux Trois Pi\u00e8ces. \u00ab\u2009J\u2019ai saisi <strong>le procureur, le pr\u00e9fet et le directeur de la police<\/strong> des agressions men\u00e9es dans des bars par de jeunes identitaires racistes. Cette violence n\u2019a sa place nulle part en R\u00e9publique\u2009\u00bb, a-t-il exprim\u00e9 sur les r\u00e9seaux sociaux en faisant r\u00e9f\u00e9rence \u00e0 l\u2019\u00e9chauffour\u00e9e qui a eu lieu quelques jours plus t\u00f4t <a href=\"https:\/\/actu.fr\/normandie\/rouen_76540\/apres-un-match-du-fc-rouen-des-fafs-agressent-des-supporters-et-un-barman_63221019.html\" target=\"_blank\" rel=\"noopener\">dans un bar de la rue Cauchoise<\/a>.<\/p>\n<p class=\" wall-content\">\n<p class=\" wall-content\">Dans son signalement, le maire de Rouen explique que \u00ab\u2009plusieurs individus se pr\u00e9sentant comme des membres du mouvement nationaliste<strong> l\u2019Action Fran\u00e7aise<\/strong> ont pass\u00e9 une commande de boissons au sein de l\u2019\u00e9tablissement avant de volontairement d\u00e9clencher une rixe, prenant \u00e0 partie plusieurs autres clients. Plusieurs de ces derniers ont \u00e9t\u00e9 bless\u00e9s\u2009\u00bb.<\/p>\n<p>L\u2019Action Fran\u00e7aise s\u2019en d\u00e9fend<\/p>\n<p class=\" wall-content\">Sur les r\u00e9seaux sociaux, on d\u00e9couvre que des membres de l\u2019Action Fran\u00e7aise \u00e9taient en effet aux Trois Pi\u00e8ces ce 26\u00a0septembre pour une conf\u00e9rence sur le \u00ab\u2009nationalisme int\u00e9gral\u2009\u00bb th\u00e9oris\u00e9 par l\u2019auteur x\u00e9nophobe et antis\u00e9mite d\u2019extr\u00eame droite, <strong>Charles Maurras<\/strong>. Indiquant qu\u2019<a href=\"https:\/\/www.facebook.com\/actionfrancaiserouen\/posts\/pfbid02rkyKKJHG91d9a1r6daeNJGCXSswNJMWPwZBYdAdVZwtxHy3bnG16jpjdiJ5rK6X6l\" target=\"_blank\" rel=\"noopener\">ils ont \u00e9t\u00e9 accueillis par le bar<\/a>. \u00ab\u2009Ce n\u2019est \u00e9videmment pas vrai. Ils se sont accueillis tout seuls, ils ont fait \u00e7a entre eux\u2009\u00bb, r\u00e9pond<strong> Thomas Delaunay<\/strong>, le g\u00e9rant, joint par\u00a076actu.<\/p>\n<p class=\" wall-content\">\u00ab\u2009Nos militants ont \u00e9t\u00e9<strong> les victimes d\u2019une agression<\/strong> par des antifascistes violents en tr\u00e8s large sup\u00e9riorit\u00e9 num\u00e9rique. Ils n\u2019ont fait que s\u2019extirper de ces coups en \u00e9tat de l\u00e9gitime d\u00e9fense\u2009\u00bb, r\u00e9torque l\u2019Action Fran\u00e7aise <a href=\"https:\/\/www.instagram.com\/p\/DPUaj2TANtT\/?img_index=1\" target=\"_blank\" rel=\"noopener\">sur ses r\u00e9seaux<\/a>. Pour eux, il est clair que le d\u00e9ferlement de violence est le fruit des \u00ab\u2009groupuscules antifascistes [qui] imposent <strong>un climat de haine et de violence<\/strong> qui ne peut durer. D\u00e9sormais, \u00e0 Rouen, quiconque doit craindre la violence en raison de sa simple appartenance politique.\u2009\u00bb<\/p>\n<p class=\" wall-content\">Dans son signalement au procureur, le maire de Rouen estime qu\u2019il \u00ab\u2009ressort des \u00e9l\u00e9ments communiqu\u00e9s que tout porte \u00e0 croire que<strong> l\u2019action de ces individus \u00e9tait pr\u00e9m\u00e9dit\u00e9e<\/strong>\u2009\u00bb. Une main courante a \u00e9t\u00e9 d\u00e9pos\u00e9e par le bar.<\/p>\n<p>Suivez l\u2019actualit\u00e9 de Rouen <a href=\"https:\/\/www.whatsapp.com\/channel\/0029VaKfnf99hXF2ddApFB1D\" target=\"_blank\" rel=\"noopener\">sur notre cha\u00eene WhatsApp<\/a> et <a href=\"https:\/\/www.tiktok.com\/@76actu.fr?lang=fr\" target=\"_blank\" rel=\"noopener\">sur notre compte TikTok<\/a><\/p>\n<p class=\" wall-content\">Personnalisez votre actualit\u00e9 en ajoutant vos villes et m\u00e9dias en favori avec <a href=\"https:\/\/moncompte.actu.fr\" title=\"D\u00e9couvez Mon Actu\" rel=\"nofollow noopener\" data-trk=\"{&quot;cta&quot;:{&quot;action&quot;:&quot;https:\\\/\\\/moncompte.actu.fr&quot;,&quot;category&quot;:&quot;mon compte&quot;,&quot;from&quot;:&quot;article footer&quot;,&quot;name&quot;:&quot;Mon actu&quot;,&quot;type&quot;:&quot;cta&quot;}}\" target=\"_blank\">Mon Actu<\/a>.<\/p>\n<p>                    <script async src=\"\/\/www.instagram.com\/embed.js\"><\/script><script async src=\"\/\/www.tiktok.com\/embed.js\"><\/script><\/p>\n","protected":false},"excerpt":{"rendered":"Par Thomas Rideau Publi\u00e9 le 3 oct. 2025 \u00e0 11h26 ; mis \u00e0 jour le 3 oct. 2025&hellip;\n","protected":false},"author":2,"featured_media":435956,"comment_status":"","ping_status":"","sticky":false,"template":"","format":"standard","meta":{"footnotes":""},"categories":[9587],"tags":[1111,11,1777,674,118,1011,27,303,12,13268,5161,25,9590],"class_list":{"0":"post-435955","1":"post","2":"type-post","3":"status-publish","4":"format-standard","5":"has-post-thumbnail","7":"category-rouen","8":"tag-actu","9":"tag-actualites","10":"tag-eu","11":"tag-europe","12":"tag-faits-divers","13":"tag-fr","14":"tag-france","15":"tag-justice","16":"tag-news","17":"tag-nicolas-mayer-rossignol","18":"tag-normandie","19":"tag-republique-francaise","20":"tag-rouen"},"share_on_mastodon":{"url":"https:\/\/pubeurope.com\/@fr\/115309801906880099","error":""},"_links":{"self":[{"href":"https:\/\/www.europesays.com\/fr\/wp-json\/wp\/v2\/posts\/435955","targetHints":{"allow":["GET"]}}],"collection":[{"href":"https:\/\/www.europesays.com\/fr\/wp-json\/wp\/v2\/posts"}],"about":[{"href":"https:\/\/www.europesays.com\/fr\/wp-json\/wp\/v2\/types\/post"}],"author":[{"embeddable":true,"href":"https:\/\/www.europesays.com\/fr\/wp-json\/wp\/v2\/users\/2"}],"replies":[{"embeddable":true,"href":"https:\/\/www.europesays.com\/fr\/wp-json\/wp\/v2\/comments?post=435955"}],"version-history":[{"count":0,"href":"https:\/\/www.europesays.com\/fr\/wp-json\/wp\/v2\/posts\/435955\/revisions"}],"wp:featuredmedia":[{"embeddable":true,"href":"https:\/\/www.europesays.com\/fr\/wp-json\/wp\/v2\/media\/435956"}],"wp:attachment":[{"href":"https:\/\/www.europesays.com\/fr\/wp-json\/wp\/v2\/media?parent=435955"}],"wp:term":[{"taxonomy":"category","embeddable":true,"href":"https:\/\/www.europesays.com\/fr\/wp-json\/wp\/v2\/categories?post=435955"},{"taxonomy":"post_tag","embeddable":true,"href":"https:\/\/www.europesays.com\/fr\/wp-json\/wp\/v2\/tags?post=435955"}],"curies":[{"name":"wp","href":"https:\/\/api.w.org\/{rel}","templated":true}]}}