{"id":435961,"date":"2025-10-03T10:40:11","date_gmt":"2025-10-03T10:40:11","guid":{"rendered":"https:\/\/www.europesays.com\/fr\/435961\/"},"modified":"2025-10-03T10:40:11","modified_gmt":"2025-10-03T10:40:11","slug":"ecole-tregain-confinee-intervention-des-policiers","status":"publish","type":"post","link":"https:\/\/www.europesays.com\/fr\/435961\/","title":{"rendered":"\u00e9cole Tr\u00e9gain confin\u00e9e : intervention des policiers"},"content":{"rendered":"<p class=\"p3\" style=\"text-align: justify;\">Ce vendredi 3 octobre 2025, l\u2019\u00e9cole Tr\u00e9gain, situ\u00e9e dans le quartier du Gros-Ch\u00eane, \u00e0 Rennes, a \u00e9t\u00e9 plac\u00e9e en confinement dans la matin\u00e9e. Selon les premiers \u00e9l\u00e9ments, un ou plusieurs individus arm\u00e9s, dont l\u2019un lourdement, auraient \u00e9t\u00e9 aper\u00e7us aux abords de l\u2019\u00e9tablissement. Imm\u00e9diatement pr\u00e9venus, les policiers se sont d\u00e9ploy\u00e9s sur place. Ils ont boucl\u00e9 et quadrill\u00e9 le secteur, en invitant les populations \u00e0 \u00e9viter les lieux. Par-l\u00e0 m\u00eame occasion, ils ont effectu\u00e9 des contr\u00f4les d\u2019identit\u00e9 et des fouilles. D\u2019apr\u00e8s nos infos, les hommes en tenue ont s\u00e9curis\u00e9 la sortie des classes, ce midi. Le quartier est connu pour son important trafic de stup\u00e9fiants. Encore lundi soir dernier, des tirs ont secou\u00e9 la vie des habitants. Une dizaine d\u2019impacts de balle avait \u00e9t\u00e9 observ\u00e9e <a href=\"https:\/\/www.rennes-infos-autrement.fr\/tirs-en-rafale-a-maurepas-une-nouvelle-nuit-sous-tension\/\" rel=\"nofollow noopener\" target=\"_blank\">sur la porte d\u2019un immeuble.<\/a> \u00ab\u00a0Les enseignants sont \u00e0 bout\u00a0\u00bb, nous expliquait une m\u00e8re de famille. \u00ab\u00a0Ce genre de m\u00e9faits, arrive bien trop souvent. Il faut arr\u00eater les beaux discours.\u00a0\u00bb<\/p>\n","protected":false},"excerpt":{"rendered":"Ce vendredi 3 octobre 2025, l\u2019\u00e9cole Tr\u00e9gain, situ\u00e9e dans le quartier du Gros-Ch\u00eane, \u00e0 Rennes, a \u00e9t\u00e9 plac\u00e9e&hellip;\n","protected":false},"author":2,"featured_media":435962,"comment_status":"","ping_status":"","sticky":false,"template":"","format":"standard","meta":{"footnotes":""},"categories":[2821],"tags":[1111,11,829,1777,674,1011,27,12,584,25],"class_list":{"0":"post-435961","1":"post","2":"type-post","3":"status-publish","4":"format-standard","5":"has-post-thumbnail","7":"category-rennes","8":"tag-actu","9":"tag-actualites","10":"tag-bretagne","11":"tag-eu","12":"tag-europe","13":"tag-fr","14":"tag-france","15":"tag-news","16":"tag-rennes","17":"tag-republique-francaise"},"share_on_mastodon":{"url":"https:\/\/pubeurope.com\/@fr\/115309813760695945","error":""},"_links":{"self":[{"href":"https:\/\/www.europesays.com\/fr\/wp-json\/wp\/v2\/posts\/435961","targetHints":{"allow":["GET"]}}],"collection":[{"href":"https:\/\/www.europesays.com\/fr\/wp-json\/wp\/v2\/posts"}],"about":[{"href":"https:\/\/www.europesays.com\/fr\/wp-json\/wp\/v2\/types\/post"}],"author":[{"embeddable":true,"href":"https:\/\/www.europesays.com\/fr\/wp-json\/wp\/v2\/users\/2"}],"replies":[{"embeddable":true,"href":"https:\/\/www.europesays.com\/fr\/wp-json\/wp\/v2\/comments?post=435961"}],"version-history":[{"count":0,"href":"https:\/\/www.europesays.com\/fr\/wp-json\/wp\/v2\/posts\/435961\/revisions"}],"wp:featuredmedia":[{"embeddable":true,"href":"https:\/\/www.europesays.com\/fr\/wp-json\/wp\/v2\/media\/435962"}],"wp:attachment":[{"href":"https:\/\/www.europesays.com\/fr\/wp-json\/wp\/v2\/media?parent=435961"}],"wp:term":[{"taxonomy":"category","embeddable":true,"href":"https:\/\/www.europesays.com\/fr\/wp-json\/wp\/v2\/categories?post=435961"},{"taxonomy":"post_tag","embeddable":true,"href":"https:\/\/www.europesays.com\/fr\/wp-json\/wp\/v2\/tags?post=435961"}],"curies":[{"name":"wp","href":"https:\/\/api.w.org\/{rel}","templated":true}]}}