{"id":435990,"date":"2025-10-03T10:55:12","date_gmt":"2025-10-03T10:55:12","guid":{"rendered":"https:\/\/www.europesays.com\/fr\/435990\/"},"modified":"2025-10-03T10:55:12","modified_gmt":"2025-10-03T10:55:12","slug":"un-barbier-violemment-agresse-pour-sa-rolex","status":"publish","type":"post","link":"https:\/\/www.europesays.com\/fr\/435990\/","title":{"rendered":"un barbier violemment agress\u00e9 pour sa Rolex"},"content":{"rendered":"<p>Le g\u00e9rant de l\u2019\u00e9tablissement a \u00e9t\u00e9 menac\u00e9 \u00e0 l\u2019arme de poing par deux malfaiteurs \u00e0 scooter. Les voleurs ont agi en plein jour dans le quartier des Catalans et sont repartis avec la montre de luxe.<\/p>\n<p class=\"fig-paragraph\">Une attaque \u00e9clair \u00e0 deux pas de la plage. Ce jeudi dans la matin\u00e9e, un barbier a \u00e9t\u00e9 victime d\u2019un\u00a0<a href=\"http:\/\/www.lefigaro.fr\/marseille\/aidez-nous-a-la-retrouver-pres-de-marseille-l-appel-desespere-d-un-village-apres-le-vol-de-la-plus-vieille-cloche-de-son-eglise-20251002\" data-fig-type=\"NewsFlash\" data-gtm-custom-categorie=\"navigation\" data-gtm-custom-action=\"crossclick\" data-gtm-custom-label=\"Contextuel\" data-gtm-event=\"customEventSPE\" data-fig-domain=\"LEFIGARO\" rel=\"nofollow noopener\" target=\"_blank\">vol<\/a>\u00a0\u00e0 main arm\u00e9e dans son salon du 7e arrondissement de Marseille. Les malfaiteurs ont mis la main sur sa Rolex avant de prendre la fuite.<\/p>\n<p class=\"fig-paragraph\">Selon une source polici\u00e8re, qui confirme une information de\u00a0<a href=\"https:\/\/www.laprovence.com\/article\/faits-divers-justice\/6174182730768114\/un-coiffeur-des-catalans-a-marseille-violemment-agresse-a-coup-de-crosse-pour-sa-rolex\" target=\"_blank\" rel=\"sponsored noopener nofollow\" data-gtm-custom-categorie=\"navigation\" data-gtm-custom-action=\"crossclick\" data-gtm-custom-label=\"Contextuel\" data-gtm-event=\"customEventSPE\">La Provence<\/a>, le vol s\u2019est produit aux alentours de 10 heures du matin. Les voleurs sont arriv\u00e9s sur place au guidon d\u2019un scooter, mena\u00e7ant le g\u00e9rant de l\u2019\u00e9tablissement avec une arme de poing. D\u2019apr\u00e8s nos confr\u00e8res, la victime a tent\u00e9 de fuir ses agresseurs en se r\u00e9fugiant dans un caf\u00e9.<\/p>\n<p>                                    <a class=\"fig-a11y-skip a11y-hidden\" href=\"#fig-a11y-skip-main-inarticle\"><br \/>\n        Passer la publicit\u00e9<br \/>\n    <\/a><\/p>\n<p>Coup de crosse<\/p>\n<p class=\"fig-paragraph\">L\u2019artisan a \u00e9t\u00e9 rattrap\u00e9 et a re\u00e7u un coup de crosse d\u2019une arme de poing. Les malfaiteurs en ont profit\u00e9 pour s\u2019emparer de sa montre, une Rolex. Une enqu\u00eate a \u00e9t\u00e9 ouverte et confi\u00e9e \u00e0 la Division de la criminalit\u00e9 territoriale (DCT).<\/p>\n","protected":false},"excerpt":{"rendered":"Le g\u00e9rant de l\u2019\u00e9tablissement a \u00e9t\u00e9 menac\u00e9 \u00e0 l\u2019arme de poing par deux malfaiteurs \u00e0 scooter. Les voleurs&hellip;\n","protected":false},"author":2,"featured_media":435991,"comment_status":"","ping_status":"","sticky":false,"template":"","format":"standard","meta":{"footnotes":""},"categories":[2814],"tags":[1111,11,1120,1777,674,1011,27,884,12,882,25,699],"class_list":{"0":"post-435990","1":"post","2":"type-post","3":"status-publish","4":"format-standard","5":"has-post-thumbnail","7":"category-marseille","8":"tag-actu","9":"tag-actualites","10":"tag-agression","11":"tag-eu","12":"tag-europe","13":"tag-fr","14":"tag-france","15":"tag-marseille","16":"tag-news","17":"tag-provence-alpes-cote-dazur","18":"tag-republique-francaise","19":"tag-rolex"},"share_on_mastodon":{"url":"https:\/\/pubeurope.com\/@fr\/115309872683144339","error":""},"_links":{"self":[{"href":"https:\/\/www.europesays.com\/fr\/wp-json\/wp\/v2\/posts\/435990","targetHints":{"allow":["GET"]}}],"collection":[{"href":"https:\/\/www.europesays.com\/fr\/wp-json\/wp\/v2\/posts"}],"about":[{"href":"https:\/\/www.europesays.com\/fr\/wp-json\/wp\/v2\/types\/post"}],"author":[{"embeddable":true,"href":"https:\/\/www.europesays.com\/fr\/wp-json\/wp\/v2\/users\/2"}],"replies":[{"embeddable":true,"href":"https:\/\/www.europesays.com\/fr\/wp-json\/wp\/v2\/comments?post=435990"}],"version-history":[{"count":0,"href":"https:\/\/www.europesays.com\/fr\/wp-json\/wp\/v2\/posts\/435990\/revisions"}],"wp:featuredmedia":[{"embeddable":true,"href":"https:\/\/www.europesays.com\/fr\/wp-json\/wp\/v2\/media\/435991"}],"wp:attachment":[{"href":"https:\/\/www.europesays.com\/fr\/wp-json\/wp\/v2\/media?parent=435990"}],"wp:term":[{"taxonomy":"category","embeddable":true,"href":"https:\/\/www.europesays.com\/fr\/wp-json\/wp\/v2\/categories?post=435990"},{"taxonomy":"post_tag","embeddable":true,"href":"https:\/\/www.europesays.com\/fr\/wp-json\/wp\/v2\/tags?post=435990"}],"curies":[{"name":"wp","href":"https:\/\/api.w.org\/{rel}","templated":true}]}}