{"id":436001,"date":"2025-10-03T11:01:11","date_gmt":"2025-10-03T11:01:11","guid":{"rendered":"https:\/\/www.europesays.com\/fr\/436001\/"},"modified":"2025-10-03T11:01:11","modified_gmt":"2025-10-03T11:01:11","slug":"nagui-surprend-dior-a-la-fashion-week-paris-2025","status":"publish","type":"post","link":"https:\/\/www.europesays.com\/fr\/436001\/","title":{"rendered":"Nagui surprend Dior \u00e0 la Fashion Week Paris 2025"},"content":{"rendered":"<p><strong>Notre investigation r\u00e9v\u00e8le<\/strong> la pr\u00e9sence remarqu\u00e9e de Nagui au d\u00e9fil\u00e9 Dior du 1er octobre 2025. Dans le cadre spectaculaire du Jardin des Tuileries, cette apparition, aux c\u00f4t\u00e9s de Brigitte Macron, Carla Bruni et Charlize Theron, souligne l\u2019importance croissante de la transversalit\u00e9 entre m\u00e9dias et mode. Une participation qui intrigue et qui place l\u2019animateur fran\u00e7ais sous un nouveau projecteur inattendu.<\/p>\n<p>Un d\u00e9fil\u00e9 au c\u0153ur des Tuileries<\/p>\n<p>Le d\u00e9fil\u00e9 Dior printemps-\u00e9t\u00e9 2026 a rassembl\u00e9 Paris autour de Maria Grazia Chiuri, directrice artistique phare de la maison depuis 2016. La pr\u00e9sentation a eu lieu au <strong>Jardin des Tuileries<\/strong>, lieu embl\u00e9matique qui renforce le prestige des collections. La <a href=\"https:\/\/www.parisselectbook.com\/category\/news-du-luxe\/\" rel=\"nofollow noopener\" target=\"_blank\">mode<\/a> reste ainsi intimement li\u00e9e au patrimoine culturel parisien.<\/p>\n<p>Contrairement aux autres pr\u00e9sentations plus intimistes, Dior a choisi une sc\u00e9nographie ext\u00e9rieure mettant en valeur ses cr\u00e9ations sous la lumi\u00e8re d\u2019octobre. Les invit\u00e9s prestigieux comme Brigitte Macron et L\u00e6titia Casta ont particip\u00e9 \u00e0 amplifier la r\u00e9sonance internationale de l\u2019\u00e9v\u00e9nement. Cet alignement entre couture, c\u00e9l\u00e9brit\u00e9s et lieu patrimonial consolide Paris comme capitale mondiale de la mode.<\/p>\n<p>La pr\u00e9sence atypique de Nagui<\/p>\n<p>Personnalit\u00e9 issue de la t\u00e9l\u00e9vision, Nagui ne figure pas parmi les habitu\u00e9s des premiers rangs de la Fashion Week. Sa pr\u00e9sence \u00e0 ce d\u00e9fil\u00e9 de <strong>Dior<\/strong> d\u00e9montre une ouverture du cercle traditionnel de la mode aux visages m\u00e9diatiques de la culture et du divertissement. Ce croisement t\u00e9moigne d\u2019un repositionnement des maisons de couture, cherchant \u00e0 dialoguer avec un public plus large.<\/p>\n<p>Apr\u00e8s v\u00e9rification terrain, des \u00e9changes complices entre Nagui et plusieurs invit\u00e9s vedettes ont \u00e9t\u00e9 observ\u00e9s, renfor\u00e7ant sa visibilit\u00e9. Cette ouverture illustre l\u2019importance croissante de la m\u00e9diatisation des \u00e9v\u00e9nements de la Fashion Week qui d\u00e9passe d\u00e9sormais le seul cercle des sp\u00e9cialistes. Le lien entre culture, cin\u00e9ma et haute couture devient de plus en plus fluide.<\/p>\n<p>Maria Grazia Chiuri, garante de l\u2019h\u00e9ritage<\/p>\n<p>Depuis 2016, Maria Grazia Chiuri affirme une vision cr\u00e9ative o\u00f9 la f\u00e9minit\u00e9 moderne est c\u00e9l\u00e9br\u00e9e \u00e0 travers artisanats du monde. Ce d\u00e9fil\u00e9 n\u2019a pas \u00e9chapp\u00e9 \u00e0 sa patte, articulant raffinement technique et discours engag\u00e9. La collection de pr\u00eat-\u00e0-porter printemps-\u00e9t\u00e9 2026 met en avant des coupes \u00e9pur\u00e9es, mais aussi des broderies complexes r\u00e9alis\u00e9es dans les ateliers parisiens.<\/p>\n<p>Notre analyse note une continuit\u00e9 avec les choix pr\u00e9c\u00e9dents, mais aussi un accent renforc\u00e9 sur des nuances naturelles, tr\u00e8s en phase avec les tendances de 2025. Cette coh\u00e9rence artistique accro\u00eet l\u2019autorit\u00e9 de Dior au sein de la <a href=\"https:\/\/www.parisselectbook.com\/category\/experience\/\" rel=\"nofollow noopener\" target=\"_blank\">cr\u00e9ativit\u00e9 parisienne<\/a>. Le regard des critiques confirme que la maison parvient \u00e0 rester fid\u00e8le \u00e0 son ADN tout en s\u2019ancrant dans l\u2019\u00e9poque.<\/p>\n<blockquote>\n<p>\u00ab Maria Grazia Chiuri a red\u00e9fini l\u2019identit\u00e9 de Dior en c\u00e9l\u00e9brant une f\u00e9minit\u00e9 \u00e0 la fois affirm\u00e9e et cr\u00e9ative \u00bb \u2013 Sortiraparis.com, 1 oct. 2025<\/p>\n<\/blockquote>\n<p>Une constellation de personnalit\u00e9s<\/p>\n<p>Les professionnels admettent que la force m\u00e9diatique d\u2019un d\u00e9fil\u00e9 s\u2019\u00e9value aussi au regard du prestige des invit\u00e9s. Nagui a partag\u00e9 l\u2019\u00e9v\u00e9nement avec des figures internationales comme Charlize Theron et Juliette Binoche. La Premi\u00e8re dame, Brigitte Macron, s\u2019y est \u00e9galement distingu\u00e9e, confirmant son r\u00f4le de r\u00e9f\u00e9rente en style fran\u00e7ais.<\/p>\n<p>L\u2019interaction entre personnalit\u00e9s du cin\u00e9ma, du politique et des m\u00e9dias illustre la transversalit\u00e9 qui marque cette \u00e9dition. Ce croisement d\u2019influences attire de plus en plus d\u2019attention internationale sur la Fashion Week parisienne. Paris n\u2019est plus seulement le th\u00e9\u00e2tre de la mode, mais un v\u00e9ritable forum socioculturel mondial.<\/p>\n<blockquote>\n<p>\u00ab La Premi\u00e8re dame a prouv\u00e9 qu\u2019elle est une ic\u00f4ne du chic \u00e0 la fran\u00e7aise \u00bb \u2013 Public.fr, 2 oct. 2025<\/p>\n<\/blockquote>\n<p>Une semaine encore en mouvement<\/p>\n<p>Depuis le 29 septembre et jusqu\u2019au 7 octobre 2025, la <strong>Fashion Week<\/strong> continue de marquer Paris avec des maisons comme Chanel et Louis Vuitton \u00e0 venir. Chaque maison cherche \u00e0 surprendre dans une bataille d\u2019image et de cr\u00e9ativit\u00e9. Le d\u00e9fil\u00e9 Dior, avec sa charge symbolique et la surprise de Nagui, \u00e9tablit une ligne forte pour le reste de la semaine.<\/p>\n<p>Les tendances observ\u00e9es mettent en avant des lieux patrimoniaux comme d\u00e9cors prestigieux, accompagn\u00e9s d\u2019invit\u00e9s au profil m\u00e9diatique large. Contrairement aux \u00e9ditions pass\u00e9es, la diversit\u00e9 des publics est un v\u00e9ritable moteur d\u2019influence. Notre suivi rapproch\u00e9 des prochains d\u00e9fil\u00e9s permettra de mesurer l\u2019impact r\u00e9el de cette strat\u00e9gie globale.<\/p>\n<p>Cette s\u00e9quence met aussi en lumi\u00e8re la continuit\u00e9 strat\u00e9gique des grandes maisons, entre innovation stylistique et h\u00e9ritage patrimonial. Les regards sont d\u2019ores et d\u00e9j\u00e0 tourn\u00e9s vers le d\u00e9fil\u00e9 Chanel du 6 octobre o\u00f9 l\u2019on attend une sc\u00e9nographie spectaculaire. Paris reste encore, et toujours, l\u2019\u00e9picentre des \u00e9quilibres mode et culture.<\/p>\n<p>La pr\u00e9sence de Nagui, bien que singuli\u00e8re, pourrait annoncer des collaborations futures avec l\u2019univers de la mode. Son influence m\u00e9diatique peut repr\u00e9senter un nouvel angle pour les maisons, cherchant \u00e0 se rapprocher d\u2019un public large en dehors du cercle des experts. Un r\u00f4le inattendu qui m\u00e9rite attention apr\u00e8s cette Fashion Week.<\/p>\n","protected":false},"excerpt":{"rendered":"Notre investigation r\u00e9v\u00e8le la pr\u00e9sence remarqu\u00e9e de Nagui au d\u00e9fil\u00e9 Dior du 1er octobre 2025. Dans le cadre&hellip;\n","protected":false},"author":2,"featured_media":436002,"comment_status":"","ping_status":"","sticky":false,"template":"","format":"standard","meta":{"footnotes":""},"categories":[1888],"tags":[1111,1928,11,1927,1777,674,1011,27,12,1926,626,1925,25],"class_list":{"0":"post-436001","1":"post","2":"type-post","3":"status-publish","4":"format-standard","5":"has-post-thumbnail","7":"category-paris","8":"tag-actu","9":"tag-actu-paris","10":"tag-actualites","11":"tag-actualites-paris","12":"tag-eu","13":"tag-europe","14":"tag-fr","15":"tag-france","16":"tag-news","17":"tag-news-paris","18":"tag-paris","19":"tag-paris-news","20":"tag-republique-francaise"},"share_on_mastodon":{"url":"https:\/\/pubeurope.com\/@fr\/115309896355231339","error":""},"_links":{"self":[{"href":"https:\/\/www.europesays.com\/fr\/wp-json\/wp\/v2\/posts\/436001","targetHints":{"allow":["GET"]}}],"collection":[{"href":"https:\/\/www.europesays.com\/fr\/wp-json\/wp\/v2\/posts"}],"about":[{"href":"https:\/\/www.europesays.com\/fr\/wp-json\/wp\/v2\/types\/post"}],"author":[{"embeddable":true,"href":"https:\/\/www.europesays.com\/fr\/wp-json\/wp\/v2\/users\/2"}],"replies":[{"embeddable":true,"href":"https:\/\/www.europesays.com\/fr\/wp-json\/wp\/v2\/comments?post=436001"}],"version-history":[{"count":0,"href":"https:\/\/www.europesays.com\/fr\/wp-json\/wp\/v2\/posts\/436001\/revisions"}],"wp:featuredmedia":[{"embeddable":true,"href":"https:\/\/www.europesays.com\/fr\/wp-json\/wp\/v2\/media\/436002"}],"wp:attachment":[{"href":"https:\/\/www.europesays.com\/fr\/wp-json\/wp\/v2\/media?parent=436001"}],"wp:term":[{"taxonomy":"category","embeddable":true,"href":"https:\/\/www.europesays.com\/fr\/wp-json\/wp\/v2\/categories?post=436001"},{"taxonomy":"post_tag","embeddable":true,"href":"https:\/\/www.europesays.com\/fr\/wp-json\/wp\/v2\/tags?post=436001"}],"curies":[{"name":"wp","href":"https:\/\/api.w.org\/{rel}","templated":true}]}}