{"id":436024,"date":"2025-10-03T11:13:12","date_gmt":"2025-10-03T11:13:12","guid":{"rendered":"https:\/\/www.europesays.com\/fr\/436024\/"},"modified":"2025-10-03T11:13:12","modified_gmt":"2025-10-03T11:13:12","slug":"france-lecornu-annonce-renoncer-au-49-3-poursuit-ses-consultations-03-10-2025-a-1253","status":"publish","type":"post","link":"https:\/\/www.europesays.com\/fr\/436024\/","title":{"rendered":"France: Lecornu annonce renoncer au 49.3, poursuit ses consultations &#8211; 03\/10\/2025 \u00e0 12:53"},"content":{"rendered":"<p>        <img fetchpriority=\"high\" decoding=\"async\" src=\"https:\/\/www.europesays.com\/fr\/wp-content\/uploads\/2025\/10\/d0e4de1a01f45b2cec55948ff6a79cf8-760x507.jpg\" alt=\"Le Premier ministre fran\u00e7ais S\u00e9bastien Lecornu \u00e0 Matignon\" loading=\"eager\" width=\"760\" height=\"507\" style=\"max-width: 100%!important; height: auto;\"\/><\/p>\n<p class=\"c-image-news__legend\">Le Premier ministre fran\u00e7ais S\u00e9bastien Lecornu \u00e0 Matignon<\/p>\n<p>\n Le gouvernement fran\u00e7ais n&rsquo;aura pas recours \u00e0 l&rsquo;article 49.3 de la Constitution, a d\u00e9clar\u00e9 vendredi le Premier ministre S\u00e9bastien Lecornu, qui poursuit ses consultations politiques et promet une \u00ab\u00a0nouvelle m\u00e9thode de partage du pouvoir\u00a0\u00bb avec l&rsquo;Assembl\u00e9e nationale.\n<\/p>\n<p>\n \u00ab\u00a0J&rsquo;ai d\u00e9cid\u00e9 de renoncer \u00e0 l&rsquo;article 49 alin\u00e9a 3 de la Constitution, puisque cet article au fond permet au gouvernement d&rsquo;interrompre les d\u00e9bats, d&rsquo;engager la responsabilit\u00e9 du gouvernement et au gouvernement d&rsquo;\u00e9crire la copie\u00a0\u00bb, a-t-il d\u00e9clar\u00e9 \u00e0 Matignon.\n<\/p>\n<p>\n \u00ab\u00a0C&rsquo;est un outil utile, mais (&#8230;) dans un Parlement qui fonctionne, dans un Parlement en plus, qui a \u00e9t\u00e9 renouvel\u00e9 il y a plus d&rsquo;un an, qui ressemble aux Fran\u00e7ais avec ses divisions, on ne peut pas passer en force et on ne peut pas contraindre son opposition\u00a0\u00bb, a-t-il expliqu\u00e9.\n<\/p>\n<p>\n Le Premier ministre, qui s&rsquo;est engag\u00e9 \u00e0 pr\u00e9senter un projet de budget \u00ab\u00a0robuste\u00a0\u00bb pour 2026 alors que son pr\u00e9d\u00e9cesseur Fran\u00e7ois Bayrou a \u00e9t\u00e9 renvers\u00e9 \u00e0 l&rsquo;Assembl\u00e9e nationale apr\u00e8s l&rsquo;\u00e9chec d&rsquo;un vote de confiance, a affich\u00e9 son volontarisme.\n<\/p>\n<p>\n \u00ab\u00a0Renoncer \u00e0 l&rsquo;article 49.3 ne doit pas nous faire renoncer \u00e0 ce que la France ait un budget\u00a0\u00bb, a-t-il dit, avant des rencontres \u00e0 Matignon avec les dirigeants du Rassemblement National (RN), du Parti socialiste (PS), des \u00c9cologistes et du Parti communiste fran\u00e7ais (PCF).\n<\/p>\n<p>\n L&rsquo;article 49.3 donne la possibilit\u00e9 au Premier ministre de faire adopter un projet de loi sans un vote de l&rsquo;Assembl\u00e9e nationale.\n<\/p>\n<p>\n Une partie de l&rsquo;opposition, tout en affichant sa m\u00e9fiance, a salu\u00e9 la d\u00e9cision de S\u00e9bastien Lecornu.\n<\/p>\n<p>\n Ne pas utiliser le 49.3 \u00ab\u00a0m&rsquo;appara\u00eet plus respectueux de la d\u00e9mocratie que ce qui a pu \u00eatre fait dans les ann\u00e9es pr\u00e9c\u00e9dentes\u00a0\u00bb, a d\u00e9clar\u00e9 Marine Le Pen, pr\u00e9sidente du groupe RN \u00e0 l&rsquo;Assembl\u00e9e nationale, apr\u00e8s s&rsquo;\u00eatre entretenue avec S\u00e9bastien Lecornu.\n<\/p>\n<p>\n \u00ab\u00a0IL NE FAUT PAS QU&rsquo;IL Y AIT D&rsquo;ARNAQUES DERRI\u00c8RE\u00a0\u00bb\n<\/p>\n<p>\n \u00ab\u00a0Je ne vois pas bien la rupture avec le macronisme, mais (&#8230;) j&rsquo;attends le d\u00e9but de la semaine prochaine o\u00f9, semble-t-il, se d\u00e9roulera le discours de politique g\u00e9n\u00e9rale, car c&rsquo;est celui en r\u00e9alit\u00e9 qui est attendu\u00a0\u00bb, a-t-elle ajout\u00e9, pr\u00e9cisant que son parti \u00e9valuerait lundi la prise en compte de ses demandes par le Premier ministre.\n<\/p>\n<p>\n Olivier Faure, premier secr\u00e9taire du PS, a pour sa part d\u00e9clar\u00e9 avant de s&rsquo;entretenir avec S\u00e9bastien Lecornu que \u00ab\u00a0renoncer au 49.3, c&rsquo;est accepter l&rsquo;id\u00e9e que d\u00e9sormais, c&rsquo;est le Parlement et lui seul qui aura le dernier mot\u00a0\u00bb.\n<\/p>\n<p>\n \u00ab\u00a0Simplement, nous savons aussi que derri\u00e8re cette proposition se cachent des d\u00e9tails qui permettent au gouvernement de continuer \u00e0 cornaquer, \u00e0 caporaliser le d\u00e9bat parlementaire\u00a0\u00bb, a-t-il toutefois ajout\u00e9. \u00ab\u00a0Donc nous allons v\u00e9rifier tous ces \u00e9l\u00e9ments. Nous allons aussi poser des questions tr\u00e8s concr\u00e8tes. Nous ne sommes pas uniquement \u00e0 la recherche d&rsquo;\u00e9l\u00e9ments de proc\u00e9dure.\u00a0\u00bb\n<\/p>\n<p>\n Fabien Roussel, secr\u00e9taire national du PCF, a estim\u00e9 que de nombreuses questions sur la mise en oeuvre de ce que propose le Premier ministre restaient en suspens. \u00ab\u00a0Il ne faut pas qu&rsquo;il y ait d&rsquo;arnaques derri\u00e8re\u00a0\u00bb, a-t-il pr\u00e9venu au micro de BFMTV.\n<\/p>\n<p>\n La France Insoumise (LFI) de son c\u00f4t\u00e9 a de nouveau appel\u00e9 \u00e0 un renversement du futur gouvernement qui devrait \u00eatre form\u00e9 la semaine prochaine.\n<\/p>\n<p>\n \u00ab\u00a0D\u00e8s la nomination de ce gouvernement ill\u00e9gitime, nous d\u00e9poserons une motion de censure pour nous opposer \u00e0 ce naufrage et prot\u00e9ger le pays des cons\u00e9quences graves du sauve qui peut macroniste\u00a0\u00bb, a d\u00e9clar\u00e9 Manuel Bompard, coordinateur de LFI, sur X.\n<\/p>\n<p>\n Dans le camp pr\u00e9sidentiel, sans surprise, la d\u00e9cision de S\u00e9bastien Lecornu a \u00e9t\u00e9 applaudie.\n<\/p>\n<p>\n LECORNU PROMET DES COMPROMIS\n<\/p>\n<p>\n \u00ab\u00a0C&rsquo;est le choix courageux de la confiance dans la d\u00e9mocratie parlementaire et le compromis\u00a0\u00bb, a d\u00e9clar\u00e9 Benjamin Haddad, ministre d\u00e9missionnaire d\u00e9l\u00e9gu\u00e9 charg\u00e9 de l&rsquo;Europe, sur le X, en r\u00e9f\u00e9rence \u00e0 l&rsquo;abandon du recours du 49.3.\n<\/p>\n<p>\n \u00ab\u00a0La d\u00e9cision courageuse du Premier ministre place chacun devant ses responsabilit\u00e9s\u00a0\u00bb, a \u00e9crit sur X Gabriel Attal, le pr\u00e9sident du groupe Ensemble pour la R\u00e9publique (EPR).\n<\/p>\n<p>\n S\u00e9bastien Lecornu a \u00e9galement estim\u00e9 avoir \u00ab\u00a0commenc\u00e9 \u00e0 tracer des chemins qui vont (&#8230;) permettre de trouver des compromis \u00e0 l&rsquo;Assembl\u00e9e nationale\u00a0\u00bb.\n<\/p>\n<p>\n \u00ab\u00a0Le gouvernement va devoir aussi lui changer de m\u00e9thode. Des compromis avant la s\u00e9ance, pendant la s\u00e9ance, parfois aussi apr\u00e8s les s\u00e9ances\u00a0\u00bb, a-t-il ajout\u00e9, pr\u00e9cisant qu&rsquo;il proposerait dans les prochains jours \u00e0 Emmanuel Macron une liste de membres du gouvernement \u00ab\u00a0qui devront accepter de rentrer aussi dans une nouvelle m\u00e9thode de partage du pouvoir avec l&rsquo;Assembl\u00e9e nationale.\u00a0\u00bb\n<\/p>\n<p>\n Abordant les revendications des oppositions sur une plus grande justice fiscale et la suspension de la r\u00e9forme des retraites, S\u00e9bastien Lecornu a aussi promis des am\u00e9liorations.\n<\/p>\n<p>\n \u00ab\u00a0C&rsquo;est ce que je proposerai d&rsquo;ailleurs aujourd&rsquo;hui: c&rsquo;est une am\u00e9lioration de notre r\u00e9gime de retraite, notamment sur les questions de p\u00e9nibilit\u00e9 pour les femmes, c&rsquo;est pas uniquement la taxe Zucman\u00a0\u00bb, a-t-il dit.\n<\/p>\n<p>\n Les syndicats ont organis\u00e9 jeudi une journ\u00e9e de mobilisation en France pour tenter de peser sur les choix budg\u00e9taires du gouvernement que s&rsquo;appr\u00eate \u00e0 former S\u00e9bastien Lecornu et contester par avance toute continuit\u00e9 dans la politique \u00e9conomique et fiscale appliqu\u00e9e sous Emmanuel Macron.\n<\/p>\n<p>\n (R\u00e9dig\u00e9 par Claude Chendjou et Nicolas Delame, \u00e9dit\u00e9 par Benjamin Mallet)<\/p>\n","protected":false},"excerpt":{"rendered":"Le Premier ministre fran\u00e7ais S\u00e9bastien Lecornu \u00e0 Matignon Le gouvernement fran\u00e7ais n&rsquo;aura pas recours \u00e0 l&rsquo;article 49.3 de&hellip;\n","protected":false},"author":2,"featured_media":436025,"comment_status":"","ping_status":"","sticky":false,"template":"","format":"standard","meta":{"footnotes":""},"categories":[4],"tags":[400,11,398,408,405,1011,27,403,402,399,404,12,25,401,406,407],"class_list":{"0":"post-436024","1":"post","2":"type-post","3":"status-publish","4":"format-standard","5":"has-post-thumbnail","7":"category-france","8":"tag-action-cac-40","9":"tag-actualites","10":"tag-bourse-de-paris","11":"tag-boursorama","12":"tag-cotations","13":"tag-fr","14":"tag-france","15":"tag-indices-devises","16":"tag-investir","17":"tag-investissement","18":"tag-marche-boursier","19":"tag-news","20":"tag-republique-francaise","21":"tag-sicav","22":"tag-trackers","23":"tag-warrants"},"share_on_mastodon":{"url":"https:\/\/pubeurope.com\/@fr\/115309943398364354","error":""},"_links":{"self":[{"href":"https:\/\/www.europesays.com\/fr\/wp-json\/wp\/v2\/posts\/436024","targetHints":{"allow":["GET"]}}],"collection":[{"href":"https:\/\/www.europesays.com\/fr\/wp-json\/wp\/v2\/posts"}],"about":[{"href":"https:\/\/www.europesays.com\/fr\/wp-json\/wp\/v2\/types\/post"}],"author":[{"embeddable":true,"href":"https:\/\/www.europesays.com\/fr\/wp-json\/wp\/v2\/users\/2"}],"replies":[{"embeddable":true,"href":"https:\/\/www.europesays.com\/fr\/wp-json\/wp\/v2\/comments?post=436024"}],"version-history":[{"count":0,"href":"https:\/\/www.europesays.com\/fr\/wp-json\/wp\/v2\/posts\/436024\/revisions"}],"wp:featuredmedia":[{"embeddable":true,"href":"https:\/\/www.europesays.com\/fr\/wp-json\/wp\/v2\/media\/436025"}],"wp:attachment":[{"href":"https:\/\/www.europesays.com\/fr\/wp-json\/wp\/v2\/media?parent=436024"}],"wp:term":[{"taxonomy":"category","embeddable":true,"href":"https:\/\/www.europesays.com\/fr\/wp-json\/wp\/v2\/categories?post=436024"},{"taxonomy":"post_tag","embeddable":true,"href":"https:\/\/www.europesays.com\/fr\/wp-json\/wp\/v2\/tags?post=436024"}],"curies":[{"name":"wp","href":"https:\/\/api.w.org\/{rel}","templated":true}]}}