{"id":436028,"date":"2025-10-03T11:17:10","date_gmt":"2025-10-03T11:17:10","guid":{"rendered":"https:\/\/www.europesays.com\/fr\/436028\/"},"modified":"2025-10-03T11:17:10","modified_gmt":"2025-10-03T11:17:10","slug":"resultat-eva-lys-coco-gauff-wta-1000-pekin-quarts-de-finale-jeudi-02-octobre-2025-lequipe","status":"publish","type":"post","link":"https:\/\/www.europesays.com\/fr\/436028\/","title":{"rendered":"R\u00e9sultat : Eva Lys &#8211; Coco Gauff, WTA 1000, P\u00e9kin, Quarts de finale, Jeudi 02 octobre 2025 &#8211; L&#039;\u00c9quipe"},"content":{"rendered":"<ol>\n<li><a href=\"https:\/\/news.google.com\/rss\/articles\/CBMisAFBVV95cUxONFgwWlRKdXpoS3MxaU5XQnMtc1lTTHlGdzAtZzI1OEh0d0p3LXZJQmp1UXo0Znk3Y2x2NkZSMGFTbjBCNHBZMUVLTzBkLUt6SERzemVGWXRWWkVoVWRNUzA3RGw2clFxMFZwU083aDRabVE4Z3BfdkVEYnJRUGR1UlhUdnllUU1ZSzY1ODkyc0RTWmxGaHd1RXVqYkY2M21PS2pxa0diOVd5MUQxZW5VNA?oc=5\" target=\"_blank\" rel=\"nofollow noopener\">R\u00e9sultat : Eva Lys &#8211; Coco Gauff, WTA 1000, P\u00e9kin, Quarts de finale, Jeudi 02 octobre 2025<\/a>&nbsp;&nbsp;L&rsquo;\u00c9quipe<\/li>\n<li><a href=\"https:\/\/news.google.com\/rss\/articles\/CBMikgFBVV95cUxOQTE2LTRBeENXT0xrQ0dlMlRob004amRVMUFxenVQTUVZMUZtY1Btdm9lNXlwMzUzeTJXRnVQVWMyVHBoODRiNk9IMjF5TzhqMGQyRkYtWGcwa3N3czNGLUNoQ1k2RFIxRHAzbXVnbXJWMHhFTEFrUVpKTi0teng5aDN5NVpIbWJwM1BaTDg5bms5QQ?oc=5\" target=\"_blank\" rel=\"nofollow noopener\">Eva Lys &#8211; Coco Gauff en direct &#8211; WTA P\u00e9kin : Tennis Scores &amp; R\u00e9sultats &#8211; 02\/10\/2025<\/a>&nbsp;&nbsp;Eurosport<\/li>\n<li><a href=\"https:\/\/news.google.com\/rss\/articles\/CBMiwgFBVV95cUxOaTlYZUFTdDItcFh1R21IVnlydXNJTUlaXzAzWmpBVmp1bGJkcmFLQ09mRHB2aUV5NmdxZ3pGd1lHckdJWjhoZXhaUWQyOUcyYlJhQk5Kcm51M3JUN2I2VVhnNE9UTUZEajM5WnhudGZTdnBtYjdCYzBsTWZaZ0VsdHBURWxfUE8yR0ZtTDRreGlfaWtPUTFnVXk5T0Q4NGpmMGQ2SkdFWFVZY0Zuc2ZqdzZYY0JpR3hBRWZDZmtVN001QQ?oc=5\" target=\"_blank\" rel=\"nofollow noopener\">Tennis. P\u00e9kin : les Am\u00e9ricaines Gauff et Anisimova s&rsquo;affronteront pour une place en finale<\/a>&nbsp;&nbsp;Le Dauphin\u00e9 Lib\u00e9r\u00e9<\/li>\n<li><a href=\"https:\/\/news.google.com\/rss\/articles\/CBMiqAFBVV95cUxPVlhDOVhlaWdtbER1cnFoTmZkZjhpcFdyWGZaNVB1WmZMWlNfa0VuNWpEZjdYLWFhaTRXWG1CUXprWHc1ZVlfVTNiOG5ZNW1IdWw3SGhHLXRySmYwUU5odlgxcGxIOTFzamptOTN5dE1pTEFQTGgtREhHR0hjNldrZUt5T0pZclRBbExUa1J6LXZ3eEN1dlpTeGR0SU9zUWZGTmJuUzFDbDc?oc=5\" target=\"_blank\" rel=\"nofollow noopener\">Tennis : Coco Gauff se qualifie facilement en demi-finale \u00e0 P\u00e9kin<\/a>&nbsp;&nbsp;Le Figaro<\/li>\n<li><a href=\"https:\/\/news.google.com\/rss\/articles\/CBMiqwFBVV95cUxQdVhFM21CWUxLRzVYT3cxNE94ZENnZ2RoMXNxbUpQQXFtbF96MkE0YmxRZ1ZmNF9ReGduTkd5QThpWjZCbTd4SHNxeDZrNnREbG9BTkxweENDTHdaWlpiazVMR29RSHhGY0dWRXRsQllESEQyNW1Na0N3SmhzRlFfLWNld09pYmQ0MzhJRGZ0NFIxdG9SQ2prdjRISEdzZTl0elFxWTV4UDFpWTjSAaoBQVVfeXFMTVNJVG1iWG9tbkJzVmNOc0tVSFFob1hISTR6U0JwVDc2bG82cWpxRTZIcHlMeUs1SWFGZUxmV2J2OTFnaDBHM0RvVkloRnlIZ0wzZ1VZVG92NFpVUWZ3MWVXRXRSY3lKeU9QdThqaWlxTUgtRjZ6ZGtDSTRhSDNzVGt4ZUxYWWpvWmhXRmt2YnEzUzAwVFBFeDAwcEhJc2JsSGlhNUNxQ2xGS2c?oc=5\" target=\"_blank\" rel=\"nofollow noopener\">WTA &#8211; P\u00e9kin : Une premi\u00e8re demie 100% am\u00e9ricaine<\/a>&nbsp;&nbsp;Orange Actualit\u00e9s | Sports<\/li>\n<\/ol>\n","protected":false},"excerpt":{"rendered":"R\u00e9sultat : Eva Lys &#8211; Coco Gauff, WTA 1000, P\u00e9kin, Quarts de finale, Jeudi 02 octobre 2025&nbsp;&nbsp;L&rsquo;\u00c9quipe Eva&hellip;\n","protected":false},"author":2,"featured_media":1983,"comment_status":"","ping_status":"","sticky":false,"template":"","format":"standard","meta":{"footnotes":""},"categories":[1415],"tags":[1011,27,60,1467],"class_list":{"0":"post-436028","1":"post","2":"type-post","3":"status-publish","4":"format-standard","5":"has-post-thumbnail","7":"category-tennis","8":"tag-fr","9":"tag-france","10":"tag-sports","11":"tag-tennis"},"share_on_mastodon":{"url":"https:\/\/pubeurope.com\/@fr\/115309959090074162","error":""},"_links":{"self":[{"href":"https:\/\/www.europesays.com\/fr\/wp-json\/wp\/v2\/posts\/436028","targetHints":{"allow":["GET"]}}],"collection":[{"href":"https:\/\/www.europesays.com\/fr\/wp-json\/wp\/v2\/posts"}],"about":[{"href":"https:\/\/www.europesays.com\/fr\/wp-json\/wp\/v2\/types\/post"}],"author":[{"embeddable":true,"href":"https:\/\/www.europesays.com\/fr\/wp-json\/wp\/v2\/users\/2"}],"replies":[{"embeddable":true,"href":"https:\/\/www.europesays.com\/fr\/wp-json\/wp\/v2\/comments?post=436028"}],"version-history":[{"count":0,"href":"https:\/\/www.europesays.com\/fr\/wp-json\/wp\/v2\/posts\/436028\/revisions"}],"wp:featuredmedia":[{"embeddable":true,"href":"https:\/\/www.europesays.com\/fr\/wp-json\/wp\/v2\/media\/1983"}],"wp:attachment":[{"href":"https:\/\/www.europesays.com\/fr\/wp-json\/wp\/v2\/media?parent=436028"}],"wp:term":[{"taxonomy":"category","embeddable":true,"href":"https:\/\/www.europesays.com\/fr\/wp-json\/wp\/v2\/categories?post=436028"},{"taxonomy":"post_tag","embeddable":true,"href":"https:\/\/www.europesays.com\/fr\/wp-json\/wp\/v2\/tags?post=436028"}],"curies":[{"name":"wp","href":"https:\/\/api.w.org\/{rel}","templated":true}]}}