{"id":436029,"date":"2025-10-03T11:19:10","date_gmt":"2025-10-03T11:19:10","guid":{"rendered":"https:\/\/www.europesays.com\/fr\/436029\/"},"modified":"2025-10-03T11:19:10","modified_gmt":"2025-10-03T11:19:10","slug":"motogp-jorge-martin-fallt-beim-gp-von-australien-aus","status":"publish","type":"post","link":"https:\/\/www.europesays.com\/fr\/436029\/","title":{"rendered":"MotoGP: Jorge Mart\u00edn f\u00e4llt beim GP von Australien aus"},"content":{"rendered":"<p class=\"gt-block\">Nach einer Schl\u00fcsselbeinoperation in Spanien musste Jorge Mart\u00edn seine Teilnahme am Gro\u00dfen Preis von Indonesien, der dieses Wochenende auf der Mandalika-Rennstrecke stattfindet, absagen. Bei den Tests am Freitag gab es jedoch noch weniger ermutigende Neuigkeiten. Pablo Bonora, Teammanager von Aprilia Racing, sagte: <a href=\"https:\/\/www.motogp.com\/en\" rel=\"nofollow noopener\" target=\"_blank\">MotoGP.com<\/a> dass das Fehlen der Nummer 1 auch f\u00fcr den Gro\u00dfen Preis von Australien ein Faktor sein w\u00fcrde.<\/p>\n<p>Trotz der zwei zus\u00e4tzlichen Ruhewochen, die er vor dem Wettkampfwochenende auf Phillip Island vom 17. bis 19. Oktober erh\u00e4lt, muss der amtierende Weltmeister seine Teilnahme zur\u00fcckziehen. Er bittet um mehr Erholungszeit.<\/p>\n<p>Zieltermin ist daher der Gro\u00dfe Preis von Malaysia, der eine Woche sp\u00e4ter auf der Rennstrecke von Sepang ausgetragen wird. Ab diesem Datum verbleiben im Jahr 2025 noch drei Rennen. Es folgen der Gro\u00dfe Preis von Portugal (9. November) und der Gro\u00dfe Preis von Valencia (16. November).<\/p>\n<p>Jorge Martins j\u00fcngste Abwesenheit ist bereits sein zw\u00f6lfter Grand Prix-Einsatz in dieser Saison. Zwischen Thailand und Katar verpasste er drei Rennen, um sich von Verletzungen zu erholen, die er sich bei Wintertests und einem Sturz im Saisonvorbereitungstraining zugezogen hatte. Sein Sturz in Losail zwang ihn dann zur Absage von sieben weiteren Rennen. Beim Gro\u00dfen Preis von Tschechien feierte er dann ein Comeback und nahm bis zu seiner Verletzung in Japan an f\u00fcnf Rennen teil.<\/p>\n<p>Zur Erinnerung: Sein bestes Ergebnis in dieser Saison ist nach wie vor der 4. Platz, den er beim Gro\u00dfen Preis von Ungarn im Balaton Park erreichte.<\/p>\n<p class=\"gt-block\"><strong>LESEN SIE AUCH &gt;\u00a0<a href=\"https:\/\/www.autohebdo.de\/Nachrichten\/MotoGP\/Jorge-Martin-erfolgreich-am-Schl%C3%BCsselbein-operiert.html\" rel=\"nofollow noopener\" target=\"_blank\">Jorge Mart\u00edn wurde erfolgreich am Schl\u00fcsselbein operiert<\/a><\/strong><\/p>\n","protected":false},"excerpt":{"rendered":"Nach einer Schl\u00fcsselbeinoperation in Spanien musste Jorge Mart\u00edn seine Teilnahme am Gro\u00dfen Preis von Indonesien, der dieses Wochenende&hellip;\n","protected":false},"author":2,"featured_media":436030,"comment_status":"","ping_status":"","sticky":false,"template":"","format":"standard","meta":{"footnotes":""},"categories":[1413],"tags":[1011,27,1457,1456,60],"class_list":{"0":"post-436029","1":"post","2":"type-post","3":"status-publish","4":"format-standard","5":"has-post-thumbnail","7":"category-moto","8":"tag-fr","9":"tag-france","10":"tag-moto","11":"tag-motocycle","12":"tag-sports"},"share_on_mastodon":{"url":"https:\/\/pubeurope.com\/@fr\/115309967101541256","error":""},"_links":{"self":[{"href":"https:\/\/www.europesays.com\/fr\/wp-json\/wp\/v2\/posts\/436029","targetHints":{"allow":["GET"]}}],"collection":[{"href":"https:\/\/www.europesays.com\/fr\/wp-json\/wp\/v2\/posts"}],"about":[{"href":"https:\/\/www.europesays.com\/fr\/wp-json\/wp\/v2\/types\/post"}],"author":[{"embeddable":true,"href":"https:\/\/www.europesays.com\/fr\/wp-json\/wp\/v2\/users\/2"}],"replies":[{"embeddable":true,"href":"https:\/\/www.europesays.com\/fr\/wp-json\/wp\/v2\/comments?post=436029"}],"version-history":[{"count":0,"href":"https:\/\/www.europesays.com\/fr\/wp-json\/wp\/v2\/posts\/436029\/revisions"}],"wp:featuredmedia":[{"embeddable":true,"href":"https:\/\/www.europesays.com\/fr\/wp-json\/wp\/v2\/media\/436030"}],"wp:attachment":[{"href":"https:\/\/www.europesays.com\/fr\/wp-json\/wp\/v2\/media?parent=436029"}],"wp:term":[{"taxonomy":"category","embeddable":true,"href":"https:\/\/www.europesays.com\/fr\/wp-json\/wp\/v2\/categories?post=436029"},{"taxonomy":"post_tag","embeddable":true,"href":"https:\/\/www.europesays.com\/fr\/wp-json\/wp\/v2\/tags?post=436029"}],"curies":[{"name":"wp","href":"https:\/\/api.w.org\/{rel}","templated":true}]}}