{"id":436033,"date":"2025-10-03T11:21:13","date_gmt":"2025-10-03T11:21:13","guid":{"rendered":"https:\/\/www.europesays.com\/fr\/436033\/"},"modified":"2025-10-03T11:21:13","modified_gmt":"2025-10-03T11:21:13","slug":"cyclisme-championnats-deurope-filippo-ganna-cest-sur-que-le-vent-ne-ma-pas-aide","status":"publish","type":"post","link":"https:\/\/www.europesays.com\/fr\/436033\/","title":{"rendered":"Cyclisme. Championnats d&rsquo;Europe &#8211; Filippo Ganna : \u00abC&rsquo;est s\u00fbr que le vent ne m&rsquo;a pas aid\u00e9\u00bb"},"content":{"rendered":"<p>Toujours pas de titre de champion d&rsquo;Europe pour <strong>Filippo Ganna<\/strong> ! Le double champion du monde (2020, 2021) \u00e9choue comme il y a quatre ans \u00e0 une marche du sacre europ\u00e9en, la faute \u00e0 un <strong><a href=\"https:\/\/www.cyclismactu.net\/..\/news-cyclisme-route-championnats-d-europe-remco-evenepoel-ce-quadruple-c-est-pas-mal-90397.html\" target=\"_blank\" rel=\"noopener\">Remco Evenepoel<\/a><\/strong> encore une fois intouchable ce mercredi sur les\u00a024 km du parcours entre Loriol-sur-Dr\u00f4me et \u00c9toile-sur-Rh\u00f4ne, en France. Au contraire du Belge, l&rsquo;Italien avait fait l&rsquo;impasse sur le chrono des <strong>Mondiaux<\/strong> \u00e0 Kigali pour se pr\u00e9server sp\u00e9cifiquement pour ces <strong><a href=\"https:\/\/www.cyclismactu.net\/..\/news-cyclisme-route-championnats-d-europe-remco-evenepoel-ecrase-ganna-et-sacre-champion-d-europe-90396.html\" target=\"_blank\" rel=\"noopener\">Championnats d&rsquo;Europe<\/a><\/strong>, apr\u00e8s avoir conclu <strong>La Vuelta<\/strong> mi septembre&#8230; mais cet avantage de fra\u00eecheur est loin d&rsquo;avoir suffi, l&rsquo;\u00e9cart entre les deux hommes atteignant 43 secondes sur la ligne d&rsquo;arriv\u00e9e. Un gouffre que le m\u00e9daill\u00e9 d&rsquo;argent de cette \u00e9dition 2025 a expliqu\u00e9 en partie par le fort vent qui a secou\u00e9 les coureurs sur le parcours ce mercredi.<\/p>\n<p>Vid\u00e9o &#8211; Filippo Ganna n&rsquo;a rien pu faire face au champion du monde Lire la suite de l&rsquo;article&#13;<\/p>\n<p>\u00a0<\/p>\n<p>&#13;<br \/>\n\u00ab\u00a0Remco Evenepoel a bien r\u00e9cup\u00e9r\u00e9 de Kigali, bravo \u00e0 lui\u00a0\u00bb&#13;<\/p>\n<p>\u00ab\u00a0C&rsquo;est s\u00fbr que le vent ne m&rsquo;a pas aid\u00e9\u00a0\u00bb, a-t-il expliqu\u00e9 apr\u00e8s la remise des m\u00e9dailles. \u00ab\u00a0Si on regarde les costauds, j&rsquo;\u00e9tais le seul devant. Les autres n&rsquo;\u00e9taient pas vraiment dans la meilleure position. Je pense que Remco (Evenepoel) pesait entre 60 et 70 kilos, donc aujourd&rsquo;hui (mercredi), l&rsquo;a\u00e9rodynamisme \u00e9tait plus importante que d&rsquo;habitude. J&rsquo;ai bien r\u00e9cup\u00e9r\u00e9 apr\u00e8s la Vuelta, certes, mais lui aussi. Apr\u00e8s six heures et demie et 6 000 m\u00e8tres de d\u00e9nivel\u00e9 positif, il a bien r\u00e9cup\u00e9r\u00e9. Bravo \u00e0 lui. C&rsquo;est le champion du monde qui remporte le maillot, et maintenant aussi le titre europ\u00e9en. Rien \u00e0 ajouter. On verra demain au relais mixte\u00a0\u00bb, a conclu celui qui tentera de mener l&rsquo;Italie vers son 3e titre europ\u00e9en du relais mixte jeudi.<\/p>\n<p>Championnats d&rsquo;Europe &#8211; CLM Elite Hommes &#8211; Classement g\u00e9n\u00e9ral<\/p>\n","protected":false},"excerpt":{"rendered":"Toujours pas de titre de champion d&rsquo;Europe pour Filippo Ganna ! Le double champion du monde (2020, 2021)&hellip;\n","protected":false},"author":2,"featured_media":436034,"comment_status":"","ping_status":"","sticky":false,"template":"","format":"standard","meta":{"footnotes":""},"categories":[1411],"tags":[34841,1154,207,1011,27,209,60,208],"class_list":{"0":"post-436033","1":"post","2":"type-post","3":"status-publish","4":"format-standard","5":"has-post-thumbnail","7":"category-cyclisme","8":"tag-championnats-d","9":"tag-cycling","10":"tag-cyclisme","11":"tag-fr","12":"tag-france","13":"tag-route","14":"tag-sports","15":"tag-velo"},"share_on_mastodon":{"url":"https:\/\/pubeurope.com\/@fr\/115309975320336243","error":""},"_links":{"self":[{"href":"https:\/\/www.europesays.com\/fr\/wp-json\/wp\/v2\/posts\/436033","targetHints":{"allow":["GET"]}}],"collection":[{"href":"https:\/\/www.europesays.com\/fr\/wp-json\/wp\/v2\/posts"}],"about":[{"href":"https:\/\/www.europesays.com\/fr\/wp-json\/wp\/v2\/types\/post"}],"author":[{"embeddable":true,"href":"https:\/\/www.europesays.com\/fr\/wp-json\/wp\/v2\/users\/2"}],"replies":[{"embeddable":true,"href":"https:\/\/www.europesays.com\/fr\/wp-json\/wp\/v2\/comments?post=436033"}],"version-history":[{"count":0,"href":"https:\/\/www.europesays.com\/fr\/wp-json\/wp\/v2\/posts\/436033\/revisions"}],"wp:featuredmedia":[{"embeddable":true,"href":"https:\/\/www.europesays.com\/fr\/wp-json\/wp\/v2\/media\/436034"}],"wp:attachment":[{"href":"https:\/\/www.europesays.com\/fr\/wp-json\/wp\/v2\/media?parent=436033"}],"wp:term":[{"taxonomy":"category","embeddable":true,"href":"https:\/\/www.europesays.com\/fr\/wp-json\/wp\/v2\/categories?post=436033"},{"taxonomy":"post_tag","embeddable":true,"href":"https:\/\/www.europesays.com\/fr\/wp-json\/wp\/v2\/tags?post=436033"}],"curies":[{"name":"wp","href":"https:\/\/api.w.org\/{rel}","templated":true}]}}