{"id":436039,"date":"2025-10-03T11:24:20","date_gmt":"2025-10-03T11:24:20","guid":{"rendered":"https:\/\/www.europesays.com\/fr\/436039\/"},"modified":"2025-10-03T11:24:20","modified_gmt":"2025-10-03T11:24:20","slug":"orients-perdus-le-destin-etonnant-de-theodore-lascaris-peintre-architecte-et-espion-de-napoleon-bonaparte","status":"publish","type":"post","link":"https:\/\/www.europesays.com\/fr\/436039\/","title":{"rendered":"&lsquo;Orients perdus&rsquo;\u00a0: le destin \u00e9tonnant de Th\u00e9odore Lascaris, peintre, architecte et espion de Napol\u00e9on Bonaparte"},"content":{"rendered":"<p>Le mus\u00e9e de la ville, le Palais Lascaris, abritait autrefois une famille aux branches multiples, dont l\u2019origine remonte au 13e si\u00e8cle et \u00e0 l\u2019empereur de Byzance. Voil\u00e0 l\u2019origine de Th\u00e9odore Lascaris, aristocrate d\u00e9s\u0153uvr\u00e9 et insouciant, form\u00e9 comme peintre et architecte, qui, au 18e si\u00e8cle, se verra rattrap\u00e9 par l\u2019Histoire.<\/p>\n<p>Nice, \u00e0 l\u2019\u00e9poque, un comt\u00e9 d\u00e9pendant du Pi\u00e9mont-Sardaigne et de la Savoie, est envahie par la France r\u00e9volutionnaire. Craignant pour son avenir, Lascaris s\u2019enfuit \u00e0 Malte, o\u00f9 l\u2019un de ses grands-oncles est grand ma\u00eetre de l\u2019Ordre \u00e0 La Valette. Mais Malte est une \u00e9tape pour <a href=\"https:\/\/www.rtbf.be\/article\/bicentenaire-de-la-mort-de-napoleon-entre-ombre-et-lumiere-les-multiples-visages-de-bonaparte-10754980\" target=\"_blank\" rel=\"nofollow noopener\"><strong>Bonaparte<\/strong><\/a>, alors en route pour sa conqu\u00eate de l\u2019\u00c9gypte. Th\u00e9odore embarque sur l&rsquo;un des 300 navires en direction du pays des pharaons comme architecte, affect\u00e9 \u00e0 un poste administratif. Au personnage inconnu, Napol\u00e9on r\u00e9serve en r\u00e9alit\u00e9 un destin hors du commun\u2026<\/p>\n","protected":false},"excerpt":{"rendered":"Le mus\u00e9e de la ville, le Palais Lascaris, abritait autrefois une famille aux branches multiples, dont l\u2019origine remonte&hellip;\n","protected":false},"author":2,"featured_media":436040,"comment_status":"","ping_status":"","sticky":false,"template":"","format":"standard","meta":{"footnotes":""},"categories":[1358],"tags":[1348,1384,1385,1386,58,59,1011,27],"class_list":{"0":"post-436039","1":"post","2":"type-post","3":"status-publish","4":"format-standard","5":"has-post-thumbnail","7":"category-arts-et-design","8":"tag-arts","9":"tag-arts-and-design","10":"tag-arts-et-design","11":"tag-design","12":"tag-divertissement","13":"tag-entertainment","14":"tag-fr","15":"tag-france"},"share_on_mastodon":{"url":"https:\/\/pubeurope.com\/@fr\/115309986765429588","error":""},"_links":{"self":[{"href":"https:\/\/www.europesays.com\/fr\/wp-json\/wp\/v2\/posts\/436039","targetHints":{"allow":["GET"]}}],"collection":[{"href":"https:\/\/www.europesays.com\/fr\/wp-json\/wp\/v2\/posts"}],"about":[{"href":"https:\/\/www.europesays.com\/fr\/wp-json\/wp\/v2\/types\/post"}],"author":[{"embeddable":true,"href":"https:\/\/www.europesays.com\/fr\/wp-json\/wp\/v2\/users\/2"}],"replies":[{"embeddable":true,"href":"https:\/\/www.europesays.com\/fr\/wp-json\/wp\/v2\/comments?post=436039"}],"version-history":[{"count":0,"href":"https:\/\/www.europesays.com\/fr\/wp-json\/wp\/v2\/posts\/436039\/revisions"}],"wp:featuredmedia":[{"embeddable":true,"href":"https:\/\/www.europesays.com\/fr\/wp-json\/wp\/v2\/media\/436040"}],"wp:attachment":[{"href":"https:\/\/www.europesays.com\/fr\/wp-json\/wp\/v2\/media?parent=436039"}],"wp:term":[{"taxonomy":"category","embeddable":true,"href":"https:\/\/www.europesays.com\/fr\/wp-json\/wp\/v2\/categories?post=436039"},{"taxonomy":"post_tag","embeddable":true,"href":"https:\/\/www.europesays.com\/fr\/wp-json\/wp\/v2\/tags?post=436039"}],"curies":[{"name":"wp","href":"https:\/\/api.w.org\/{rel}","templated":true}]}}