{"id":436048,"date":"2025-10-03T11:29:10","date_gmt":"2025-10-03T11:29:10","guid":{"rendered":"https:\/\/www.europesays.com\/fr\/436048\/"},"modified":"2025-10-03T11:29:10","modified_gmt":"2025-10-03T11:29:10","slug":"moins-de-viande-et-legumes-a-volonte-la-revue-the-lancet-devoile-un-regime-pour-aller-mieux-et-sauver-la-planete-liberation","status":"publish","type":"post","link":"https:\/\/www.europesays.com\/fr\/436048\/","title":{"rendered":"Moins de viande et l\u00e9gumes \u00e0 volont\u00e9 : la revue \u00abThe Lancet\u00bb d\u00e9voile un r\u00e9gime pour aller mieux et sauver la plan\u00e8te &#8211; Lib\u00e9ration"},"content":{"rendered":"<ol>\n<li><a href=\"https:\/\/news.google.com\/rss\/articles\/CBMi5wFBVV95cUxORXpsMW5UejJNeUd1bmd6bjVHYWNnbUp5dm53UUxfNVgtbVlyM1hmYnpHVGx5TVpyT290VGxMT1BRN3d0Zy1MTFltNDVkejFGcGEydElrd0dTb1BFVHAwcTNPWlU3Ujk2SnlsR01NN2Y3T1IwOHBBZ092YjZtZktOWWJZRzZLV1cwV3ZYLXJpYTJkYUZuRW1MVGFKZm1BSzhoRXpCZmhjNGhSQWZ6dGlRUDF2Vi05NkFWejVFMnNKUmI4RklrTVRqOTlKTzdETkY4RG1qRmRWWEc3a1NRZi1zZm92WENLcUU?oc=5\" target=\"_blank\" rel=\"nofollow noopener\">Moins de viande et l\u00e9gumes \u00e0 volont\u00e9 : la revue \u00abThe Lancet\u00bb d\u00e9voile un r\u00e9gime pour aller mieux et sauver la plan\u00e8te<\/a>&nbsp;&nbsp;Lib\u00e9ration<\/li>\n<li><a href=\"https:\/\/news.google.com\/rss\/articles\/CBMiogJBVV95cUxNXzhzYmZpSE5TUXJkWURzc2l6WnhfOTRJMWtzcHRwdjRDYnpzZ0FSdlloaDdJanNiM2I3U0JaeDZDTEpJOHJGM1Bqa0F1ZzY4RV9PQ2dGZHZVaHJpYi02TlNsZ3R0SVg2WUZRc1F2SE9xV29HR3E1Z0o1dmpWSWVlWkFvRWp5QVhsNWpSanREYWFsbUR6eXUxX2d2LV9uTmlKUHlVaWVPMG8yR3FzbWoyTXJzR2J2X0o1UjRqSldOeWowaDIxSHgwV0p0R0tWRF9qbkNGM0RVTHZsU040WXdUaFRTTENWR3JEN0FBUkozbzFQRjBhaVhWVERRRjk3Mnk5OGlibTFGc3o3Sk5wWFlDckVIcVUzaWZmTVFzVWRrQW8zUQ?oc=5\" target=\"_blank\" rel=\"nofollow noopener\">Nourrir la plan\u00e8te sans la d\u00e9truire : les pr\u00e9conisations de la commission scientifique EAT-\u00ab Lancet \u00bb pour une alimentation plus juste<\/a>&nbsp;&nbsp;Le Monde.fr<\/li>\n<li><a href=\"https:\/\/news.google.com\/rss\/articles\/CBMiywFBVV95cUxQbnBJa3JnVEZfemFzNzhGME9POV83NE9zSWQwVDdYWDR3RlpUNGxkYmQ2T1ZaN0hiWi0xd0llWXVMQUJkMXhJdXMwZ3N2WFRRLWhsdHh0ekRnUHFERlRQRVZDb2tnZTN5QmhJUnJHZE9JM3V0ODdKOEprY0VMT3Blb2FmWDh3LXRmeWdScV9HeFRWYkg5RXMxUHNZNzd2X3pwSXpmYzRrR25HWnl2WURORHN2RmE3c1pab0hYbXMySS1mdXU1RGsxWEdfNA?oc=5\" target=\"_blank\" rel=\"nofollow noopener\">R\u00e9former l&rsquo;alimentation au nom du climat et de la pr\u00e9vention des d\u00e9c\u00e8s<\/a>&nbsp;&nbsp;Euronews.com<\/li>\n<li><a href=\"https:\/\/news.google.com\/rss\/articles\/CBMixgFBVV95cUxOeVhZaVpIYmo5bmRpMFJHTm9ZTmpzbmxZXzdTV2Rfd0ctLWtFWGxBLWd3OEtTY2lHSkt1VF9LMThrNlpyekFMMTd4OWtnN0tIdDhfNklLeF9Gcjl5S0NUNlJadlk1UXdxWmVNeFA3LTRaLXZrTzl5SndjZnliVUQwRUpucHFBbzlQS0tpaUxVR0FJXzkxR0t5UUVLTVg3V2dSV3pyV25rdHMtYWFhdFpmOFM4Ulc4WF9Dd3VxY0w2WTNkLW1Lanc?oc=5\" target=\"_blank\" rel=\"nofollow noopener\">Le lobby de la viande s\u2019en prend \u00e0 une \u00e9tude proposant de manger moins d\u2019animaux<\/a>&nbsp;&nbsp;Mediapart<\/li>\n<li><a href=\"https:\/\/news.google.com\/rss\/articles\/CBMi6AFBVV95cUxNYV8wa0FFYTUxWUs5VFAzQi04TUpyN3R5MlFWckYyWFVEWXNXYjBxSmJYSmFnS2R5SXFSREFNQlluT1Zob0NQMlVrRGJKV01iSkhzZHFVZGxzUnB0R3FueXlkZ1JaSEdxOEhCaktfVmFSOWlkd2pCc1R4S3ViR3J4b3JTQ3RvU2huUUZ0cGU3THp5Y1pQZVBJMV9IcmpaM3hpTXFKeTNTcmNtVzZnRTZYZGhnX21KUkxpNndvX0x2dVBXeU4teXIzVmF1cUpkMGRUTU14N3NwT19RV3lCMFhWRlNqT0JnTFBD?oc=5\" target=\"_blank\" rel=\"nofollow noopener\">Sant\u00e9: les syst\u00e8mes alimentaires mondiaux conduisent \u00e0 notre perte, r\u00e9v\u00e8le un rapport<\/a>&nbsp;&nbsp;RFI<\/li>\n<\/ol>\n","protected":false},"excerpt":{"rendered":"Moins de viande et l\u00e9gumes \u00e0 volont\u00e9 : la revue \u00abThe Lancet\u00bb d\u00e9voile un r\u00e9gime pour aller mieux&hellip;\n","protected":false},"author":2,"featured_media":436049,"comment_status":"","ping_status":"","sticky":false,"template":"","format":"standard","meta":{"footnotes":""},"categories":[10],"tags":[10161,413,1011,27,72,5140,71,11994],"class_list":{"0":"post-436048","1":"post","2":"type-post","3":"status-publish","4":"format-standard","5":"has-post-thumbnail","7":"category-sante","8":"tag-agriculture-biologique","9":"tag-ca-va-mieux-lisant","10":"tag-fr","11":"tag-france","12":"tag-health","13":"tag-rechauffement-climatique","14":"tag-sante","15":"tag-viande"},"share_on_mastodon":{"url":"https:\/\/pubeurope.com\/@fr\/115310006603697637","error":""},"_links":{"self":[{"href":"https:\/\/www.europesays.com\/fr\/wp-json\/wp\/v2\/posts\/436048","targetHints":{"allow":["GET"]}}],"collection":[{"href":"https:\/\/www.europesays.com\/fr\/wp-json\/wp\/v2\/posts"}],"about":[{"href":"https:\/\/www.europesays.com\/fr\/wp-json\/wp\/v2\/types\/post"}],"author":[{"embeddable":true,"href":"https:\/\/www.europesays.com\/fr\/wp-json\/wp\/v2\/users\/2"}],"replies":[{"embeddable":true,"href":"https:\/\/www.europesays.com\/fr\/wp-json\/wp\/v2\/comments?post=436048"}],"version-history":[{"count":0,"href":"https:\/\/www.europesays.com\/fr\/wp-json\/wp\/v2\/posts\/436048\/revisions"}],"wp:featuredmedia":[{"embeddable":true,"href":"https:\/\/www.europesays.com\/fr\/wp-json\/wp\/v2\/media\/436049"}],"wp:attachment":[{"href":"https:\/\/www.europesays.com\/fr\/wp-json\/wp\/v2\/media?parent=436048"}],"wp:term":[{"taxonomy":"category","embeddable":true,"href":"https:\/\/www.europesays.com\/fr\/wp-json\/wp\/v2\/categories?post=436048"},{"taxonomy":"post_tag","embeddable":true,"href":"https:\/\/www.europesays.com\/fr\/wp-json\/wp\/v2\/tags?post=436048"}],"curies":[{"name":"wp","href":"https:\/\/api.w.org\/{rel}","templated":true}]}}