{"id":436050,"date":"2025-10-03T11:30:18","date_gmt":"2025-10-03T11:30:18","guid":{"rendered":"https:\/\/www.europesays.com\/fr\/436050\/"},"modified":"2025-10-03T11:30:18","modified_gmt":"2025-10-03T11:30:18","slug":"mondial-u20-les-bleuets-corriges-par-les-etats-unis-mondial-u20-j2-etats-unis-france-0-3","status":"publish","type":"post","link":"https:\/\/www.europesays.com\/fr\/436050\/","title":{"rendered":"Mondial U20 : Les Bleuets corrig\u00e9s par les \u00c9tats-Unis &#8211; Mondial U20 &#8211; J2 &#8211; \u00c9tats-Unis-France (0-3)"},"content":{"rendered":"<p>Dur.<\/p>\n<p>Apr\u00e8s leur <a target=\"_blank\" href=\"https:\/\/www.sofoot.com\/breves\/la-france-u20-demarre-par-un-succes-face-a-lafrique-du-sud-en-coupe-du-monde\" rel=\"nofollow noopener\">entr\u00e9e en lice r\u00e9ussie face \u00e0 l\u2019Afrique du Sud<\/a> mardi dans cette Coupe du monde U20 (2-1), <strong>les Bleuets se sont lourdement inclin\u00e9s face aux \u00c9tats-Unis ce jeudi (3-0)<\/strong>. Malmen\u00e9s durant une grande partie de la rencontre par leurs adversaires, les Tricolores, sauv\u00e9s \u00e0 de nombreuses reprises par leur portier Lisandru Olmeta, ont c\u00e9d\u00e9 une premi\u00e8re fois \u00e0 la 82e minute \u00e0 la suite d\u2019un coup de casque de Gozo, id\u00e9alement trouv\u00e9 par un centre de Breenan (82e).<\/p>\n<p>La d\u00e9bandade en fin de rencontre<\/p>\n<p>Totalement abattus par ce pion, les hommes de Bernard Diom\u00e8de, qui n\u2019ont cadr\u00e9 que deux frappes dans la rencontre, vont craquer une seconde fois : apr\u00e8s une perte de balle de Benama, le buteur Gozo lance <a target=\"_blank\" href=\"https:\/\/twitter.com\/lachainelequipe\/status\/1973868251852476851\" rel=\"nofollow noopener\">Raines, qui n\u2019a plus qu\u2019\u00e0 tromper Olmeta (89e)<\/a>. Enfin, Zambrano met le coup de gr\u00e2ce aux Bleuets, pour rendre cette victoire encore plus \u00e9crasante (90e). <strong>Prochain objectif pour les Bleuets : tenter de battre largement la Nouvelle-Cal\u00e9donie dimanche pour esp\u00e9rer finir dans les meilleurs troisi\u00e8mes<\/strong> et se qualifier pour les huiti\u00e8mes de finale de la comp\u00e9tition.<\/p>\n<p>Un match \u00e0 vite oublier.<\/p>\n<p>\t\t\t\t\t\t\t\t\t\t<a class=\"lien-connexe\" href=\"https:\/\/www.sofoot.com\/breves\/quatre-joueurs-de-ligue-1-dans-la-liste-des-etats-unis\" rel=\"nofollow noopener\" target=\"_blank\">Quatre joueurs de Ligue 1 dans la liste des \u00c9tats-Unis<\/a>\t\t\t\t\t<script async src=\"https:\/\/platform.twitter.com\/widgets.js\" charset=\"utf-8\"><\/script><\/p>\n","protected":false},"excerpt":{"rendered":"Dur. Apr\u00e8s leur entr\u00e9e en lice r\u00e9ussie face \u00e0 l\u2019Afrique du Sud mardi dans cette Coupe du monde&hellip;\n","protected":false},"author":2,"featured_media":436051,"comment_status":"","ping_status":"","sticky":false,"template":"","format":"standard","meta":{"footnotes":""},"categories":[9],"tags":[47,61,69,65,64,63,1011,27,68,66,62,70,67,60],"class_list":{"0":"post-436050","1":"post","2":"type-post","3":"status-publish","4":"format-standard","5":"has-post-thumbnail","7":"category-sports","8":"tag-actualite","9":"tag-actus-football","10":"tag-bundesliga","11":"tag-championnats-europeens","12":"tag-equipe-de-france","13":"tag-football","14":"tag-fr","15":"tag-france","16":"tag-ligua","17":"tag-ligue-1","18":"tag-news-foot","19":"tag-premier-league","20":"tag-serie-a","21":"tag-sports"},"share_on_mastodon":{"url":"https:\/\/pubeurope.com\/@fr\/115310010434751532","error":""},"_links":{"self":[{"href":"https:\/\/www.europesays.com\/fr\/wp-json\/wp\/v2\/posts\/436050","targetHints":{"allow":["GET"]}}],"collection":[{"href":"https:\/\/www.europesays.com\/fr\/wp-json\/wp\/v2\/posts"}],"about":[{"href":"https:\/\/www.europesays.com\/fr\/wp-json\/wp\/v2\/types\/post"}],"author":[{"embeddable":true,"href":"https:\/\/www.europesays.com\/fr\/wp-json\/wp\/v2\/users\/2"}],"replies":[{"embeddable":true,"href":"https:\/\/www.europesays.com\/fr\/wp-json\/wp\/v2\/comments?post=436050"}],"version-history":[{"count":0,"href":"https:\/\/www.europesays.com\/fr\/wp-json\/wp\/v2\/posts\/436050\/revisions"}],"wp:featuredmedia":[{"embeddable":true,"href":"https:\/\/www.europesays.com\/fr\/wp-json\/wp\/v2\/media\/436051"}],"wp:attachment":[{"href":"https:\/\/www.europesays.com\/fr\/wp-json\/wp\/v2\/media?parent=436050"}],"wp:term":[{"taxonomy":"category","embeddable":true,"href":"https:\/\/www.europesays.com\/fr\/wp-json\/wp\/v2\/categories?post=436050"},{"taxonomy":"post_tag","embeddable":true,"href":"https:\/\/www.europesays.com\/fr\/wp-json\/wp\/v2\/tags?post=436050"}],"curies":[{"name":"wp","href":"https:\/\/api.w.org\/{rel}","templated":true}]}}