{"id":436052,"date":"2025-10-03T11:31:13","date_gmt":"2025-10-03T11:31:13","guid":{"rendered":"https:\/\/www.europesays.com\/fr\/436052\/"},"modified":"2025-10-03T11:31:13","modified_gmt":"2025-10-03T11:31:13","slug":"bourde-de-lea-salame-claire-chazal-sen-mele-et-ca-fait-mal","status":"publish","type":"post","link":"https:\/\/www.europesays.com\/fr\/436052\/","title":{"rendered":"Bourde de L\u00e9a Salam\u00e9 : Claire Chazal s&rsquo;en m\u00eale et \u00e7a fait mal"},"content":{"rendered":"<p>      R\u00e9sum\u00e9<\/p>\n<p>L\u00e9a Salam\u00e9, r\u00e9cemment nomm\u00e9e au JT de France 2, fait face \u00e0 des critiques suite \u00e0 des erreurs \u00e0 l&rsquo;antenne, tandis que Claire Chazal d\u00e9fend son parcours et relativise la controverse.<\/p>\n<p>        Sommaire<\/p>\n<p>Apr\u00e8s de longues ann\u00e9es pass\u00e9es aux commandes du 20 heures de France 2, <a href=\"https:\/\/www.public.fr\/tag\/anne-sophie-lapix\" target=\"_blank\" rel=\"noopener\">Anne-Sophie Lapix<\/a> a \u00e9t\u00e9 \u00e9cart\u00e9e de la pr\u00e9sentation du JT. Cet \u00e9t\u00e9, c&rsquo;est <strong><a href=\"https:\/\/www.public.fr\/tag\/lea-salame\" target=\"_blank\" rel=\"noopener\">L\u00e9a Salam\u00e9<\/a> qui a h\u00e9rit\u00e9 de ce poste prestigieux<\/strong>. <\/p>\n<p>Depuis, <strong>la journaliste rythme chaque soir l&rsquo;actualit\u00e9<\/strong>\u2026 mais son arriv\u00e9e ne fait pas l&rsquo;unanimit\u00e9. En cause : ses <strong>nombreuses bourdes \u00e0 l&rsquo;antenne<\/strong>. <\/p>\n<p>Le 17 septembre dernier, c&rsquo;est <a href=\"https:\/\/www.public.fr\/est-ce-que-vous-allez-bien-enorme-malaise-entre-lea-salame-et-marion-cotillard-dans-le-jt-de-france-2-a-cause-de-guillaume-canet\" target=\"_blank\" rel=\"noopener\">son entretien avec <strong>Marion Cotillard<\/strong><\/a> qui a particuli\u00e8rement agac\u00e9 les t\u00e9l\u00e9spectateurs. <\/p>\n<p>Apr\u00e8s s&rsquo;\u00eatre tromp\u00e9e en beaut\u00e9 sur la date de sortie du prochain film de Guillaume Canet, l&rsquo;animatrice n&rsquo;a pas h\u00e9sit\u00e9 une seule seconde \u00e0 <strong>\u00e9voquer la r\u00e9cente rupture entre l&rsquo;actrice et le r\u00e9alisateur<\/strong>. Un moment particuli\u00e8rement g\u00eanant, largement comment\u00e9 sur les r\u00e9seaux sociaux&#8230; mais pas que ! <\/p>\n<blockquote class=\"twitter-tweet\">\n<p>Moment de g\u00eane et silence pesant hier dans le JT de France 2 quand L\u00e9a Salam\u00e9 demande \u00e0 l&rsquo;actrice Marion Cotillard, son \u00e9tat depuis sa rupture avec Guillaume Canet. <a href=\"https:\/\/t.co\/Y4NRGK921p\">pic.twitter.com\/Y4NRGK921p<\/a><\/p>\n<p>\u2014 NEWS TV R\u00c9AL (@NewsTVReal) <a href=\"https:\/\/twitter.com\/NewsTVReal\/status\/1968013011160805414?ref_src=twsrc%5Etfw\" target=\"_blank\" rel=\"noopener\">September 16, 2025<\/a><\/p><\/blockquote>\n<p>Claire Chazal : \u00ab\u00a0Je n\u2019aurais pas pos\u00e9 cette question\u00a0\u00bb<\/p>\n<p>Invit\u00e9e de <a href=\"https:\/\/x.com\/TVMAG\" target=\"_blank\" rel=\"noreferrer noopener\">TV Magazine<\/a> ce jeudi 2 octobre 2025, <a href=\"https:\/\/www.public.fr\/tag\/claire-chazal\" target=\"_blank\" rel=\"noopener\">Claire Chazal<\/a> est revenue sur la fameuse question intime que L\u00e9a Salam\u00e9 a pos\u00e9e \u00e0 la com\u00e9dienne quelques semaines plus t\u00f4t<\/p>\n<p>\u00ab\u00a0<strong>\u00c0 titre personnel, je n\u2019aurais pas pos\u00e9 cette question. Une question personnelle et priv\u00e9e, on peut toujours ne pas la poser<\/strong>\u00ab\u00a0, a confi\u00e9 la journaliste.<\/p>\n<p>Pour autant, celle qui a longtemps brill\u00e9 \u00e0 la pr\u00e9sentation du journal t\u00e9l\u00e9vis\u00e9 du week-end sur TF1 condamne les critiques que sa cons\u0153ur ne cesse d&rsquo;essuyer. Pour elle, celles-ci sont en effet \u00ab\u00a0absurdes et disproportionn\u00e9es\u00a0\u00bb.<\/p>\n<p>La journaliste star donne son avis sur sa cons\u0153ur<\/p>\n<p>Au cours de cet entretien, Claire Chazal a \u00e9galement \u00e9voqu\u00e9 les d\u00e9buts de L\u00e9a Salam\u00e9 au JT de France 2. <\/p>\n<p>\u00ab\u00a0<strong>Je trouve qu\u2019elle est tr\u00e8s correcte, que \u00e7a se passe bien<\/strong>. Elle n\u2019a pas les choses faciles. On lui a impos\u00e9 un journal tr\u00e8s long. On ne peut pas faire l\u2019impossible dans cette configuration. Je parle d\u2019exp\u00e9rience\u00a0\u00bb, a-t-elle lanc\u00e9.<\/p>\n<p>Et de conclure : \u00ab\u00a0L\u00e9a, elle a son pass\u00e9, ses matinales si importantes. On la conna\u00eet d\u00e9j\u00e0. Elle a d\u00e9j\u00e0 un public qui a un avis sur elle. \u00c7a rend les choses difficiles.\u00a0\u00bb Un avis pour le moins tranch\u00e9 ! <\/p>\n<p>      Mentionn\u00e9s dans cet article<\/p>\n<p>      Sur le m\u00eame sujet<\/p>\n<p>  <script async src=\"https:\/\/platform.twitter.com\/widgets.js\" charset=\"utf-8\"><\/script><\/p>\n","protected":false},"excerpt":{"rendered":"R\u00e9sum\u00e9 L\u00e9a Salam\u00e9, r\u00e9cemment nomm\u00e9e au JT de France 2, fait face \u00e0 des critiques suite \u00e0 des&hellip;\n","protected":false},"author":2,"featured_media":436053,"comment_status":"","ping_status":"","sticky":false,"template":"","format":"standard","meta":{"footnotes":""},"categories":[8],"tags":[15123,58,59,1011,27,26420,3806],"class_list":{"0":"post-436052","1":"post","2":"type-post","3":"status-publish","4":"format-standard","5":"has-post-thumbnail","7":"category-divertissement","8":"tag-claire-chazal","9":"tag-divertissement","10":"tag-entertainment","11":"tag-fr","12":"tag-france","13":"tag-journal-de-20-heures-de-france-2","14":"tag-lea-salame"},"share_on_mastodon":{"url":"https:\/\/pubeurope.com\/@fr\/115310014483063797","error":""},"_links":{"self":[{"href":"https:\/\/www.europesays.com\/fr\/wp-json\/wp\/v2\/posts\/436052","targetHints":{"allow":["GET"]}}],"collection":[{"href":"https:\/\/www.europesays.com\/fr\/wp-json\/wp\/v2\/posts"}],"about":[{"href":"https:\/\/www.europesays.com\/fr\/wp-json\/wp\/v2\/types\/post"}],"author":[{"embeddable":true,"href":"https:\/\/www.europesays.com\/fr\/wp-json\/wp\/v2\/users\/2"}],"replies":[{"embeddable":true,"href":"https:\/\/www.europesays.com\/fr\/wp-json\/wp\/v2\/comments?post=436052"}],"version-history":[{"count":0,"href":"https:\/\/www.europesays.com\/fr\/wp-json\/wp\/v2\/posts\/436052\/revisions"}],"wp:featuredmedia":[{"embeddable":true,"href":"https:\/\/www.europesays.com\/fr\/wp-json\/wp\/v2\/media\/436053"}],"wp:attachment":[{"href":"https:\/\/www.europesays.com\/fr\/wp-json\/wp\/v2\/media?parent=436052"}],"wp:term":[{"taxonomy":"category","embeddable":true,"href":"https:\/\/www.europesays.com\/fr\/wp-json\/wp\/v2\/categories?post=436052"},{"taxonomy":"post_tag","embeddable":true,"href":"https:\/\/www.europesays.com\/fr\/wp-json\/wp\/v2\/tags?post=436052"}],"curies":[{"name":"wp","href":"https:\/\/api.w.org\/{rel}","templated":true}]}}