{"id":436064,"date":"2025-10-03T11:37:15","date_gmt":"2025-10-03T11:37:15","guid":{"rendered":"https:\/\/www.europesays.com\/fr\/436064\/"},"modified":"2025-10-03T11:37:15","modified_gmt":"2025-10-03T11:37:15","slug":"lagence-webqam-fete-ses-20-ans","status":"publish","type":"post","link":"https:\/\/www.europesays.com\/fr\/436064\/","title":{"rendered":"l&rsquo;agence Webqam f\u00eate ses 20 ans"},"content":{"rendered":"<p>Oui, au si\u00e8ge de l\u2019agence de communication st\u00e9phanoise Webqam, juste en face du Z\u00e9nith, il y a un toboggan, une salle de musique, un spa, un filet de d\u00e9tente, de la musique dans des WC th\u00e9matis\u00e9s (Pacman par exemple), des consoles de jeu, un babyfoot,\u00a0etc.<\/p>\n<p>Mais on bosse aussi. \u00ab Et beaucoup\u00a0!\u00a0\u00bb, r\u00e9pondent de concert Vincent Gallot, le fondateur du groupe, et Baptiste Cacheleux, son directeur g\u00e9n\u00e9ral depuis 2017, \u00e0 notre remarque sur le fait qu\u2019ils avaient beaucoup <a href=\"https:\/\/www.leprogres.fr\/economie\/2021\/01\/30\/toboggan-consoles-de-jeu-spa-a-saint-etienne-webqam-fait-rever-ses-salaries\" target=\"_blank\" rel=\"nofollow noopener\">plus fait parler d\u2019eux pour leur nouveau si\u00e8ge social<\/a> (inaugur\u00e9 en 2021 et effectivement unique en son genre dans la Loire) que pour leurs prestations d\u2019agence de communication digitale.<\/p>\n<p>De l\u2019\u00e9dition de logiciels pour les cours de squash \u00e0 une agence de communication digitale<\/p>\n<p>Et pourtant, de fait, dans un contexte \u00e9conomique d\u00e9favorable au secteur de la&#8230;<\/p>\n","protected":false},"excerpt":{"rendered":"Oui, au si\u00e8ge de l\u2019agence de communication st\u00e9phanoise Webqam, juste en face du Z\u00e9nith, il y a un&hellip;\n","protected":false},"author":2,"featured_media":436065,"comment_status":"","ping_status":"","sticky":false,"template":"","format":"standard","meta":{"footnotes":""},"categories":[9653],"tags":[1111,11,2430,33,7539,1777,674,107,1011,27,3367,12,25,4001,7538],"class_list":{"0":"post-436064","1":"post","2":"type-post","3":"status-publish","4":"format-standard","5":"has-post-thumbnail","7":"category-saint-etienne","8":"tag-actu","9":"tag-actualites","10":"tag-auvergne-rhone-alpes","11":"tag-economie","12":"tag-edition-loire-sud","13":"tag-eu","14":"tag-europe","15":"tag-fil-info","16":"tag-fr","17":"tag-france","18":"tag-loire","19":"tag-news","20":"tag-republique-francaise","21":"tag-saint-etienne","22":"tag-saint-etienne-ville"},"share_on_mastodon":{"url":"https:\/\/pubeurope.com\/@fr\/115310038036765371","error":""},"_links":{"self":[{"href":"https:\/\/www.europesays.com\/fr\/wp-json\/wp\/v2\/posts\/436064","targetHints":{"allow":["GET"]}}],"collection":[{"href":"https:\/\/www.europesays.com\/fr\/wp-json\/wp\/v2\/posts"}],"about":[{"href":"https:\/\/www.europesays.com\/fr\/wp-json\/wp\/v2\/types\/post"}],"author":[{"embeddable":true,"href":"https:\/\/www.europesays.com\/fr\/wp-json\/wp\/v2\/users\/2"}],"replies":[{"embeddable":true,"href":"https:\/\/www.europesays.com\/fr\/wp-json\/wp\/v2\/comments?post=436064"}],"version-history":[{"count":0,"href":"https:\/\/www.europesays.com\/fr\/wp-json\/wp\/v2\/posts\/436064\/revisions"}],"wp:featuredmedia":[{"embeddable":true,"href":"https:\/\/www.europesays.com\/fr\/wp-json\/wp\/v2\/media\/436065"}],"wp:attachment":[{"href":"https:\/\/www.europesays.com\/fr\/wp-json\/wp\/v2\/media?parent=436064"}],"wp:term":[{"taxonomy":"category","embeddable":true,"href":"https:\/\/www.europesays.com\/fr\/wp-json\/wp\/v2\/categories?post=436064"},{"taxonomy":"post_tag","embeddable":true,"href":"https:\/\/www.europesays.com\/fr\/wp-json\/wp\/v2\/tags?post=436064"}],"curies":[{"name":"wp","href":"https:\/\/api.w.org\/{rel}","templated":true}]}}