{"id":436066,"date":"2025-10-03T11:38:15","date_gmt":"2025-10-03T11:38:15","guid":{"rendered":"https:\/\/www.europesays.com\/fr\/436066\/"},"modified":"2025-10-03T11:38:15","modified_gmt":"2025-10-03T11:38:15","slug":"scabb-valley-saint-etienne-metropole-prepare-le-terrain","status":"publish","type":"post","link":"https:\/\/www.europesays.com\/fr\/436066\/","title":{"rendered":"\u00ab\u00a0SCABB Valley\u00a0\u00bb\u00a0: Saint-Etienne M\u00e9tropole pr\u00e9pare le terrain"},"content":{"rendered":"<p class=\"is-style-chapo\">Depuis la fin du printemps, un collectif militant a initi\u00e9 une opposition \u00e0 l\u2019ambitieux projet de d\u00e9veloppement immobilier du Saint-Chamond Andr\u00e9zieux-Bouth\u00e9on Basket (SCABB) jouxtant l\u2019Arena. Il \u00e9tait \u2013 \u00e0 nouveau \u2013 au conseil municipal de Saint-Chamond mardi ainsi qu\u2019au conseil de Saint-Etienne M\u00e9tropole hier. Il revenait en effet \u00e0 l\u2019intercommunalit\u00e9, au titre de la mise en \u0153uvre du Plan local d\u2019urbanisme intercommunal (PLUI) s\u2019imposant \u00e0 ses communes membres, de donner le feu vert pour faire passer les 3 ha vis\u00e9s en constructibles. Le collectif mart\u00e8le, lui, que le caract\u00e8re \u00ab\u00a0social\u00a0\u00bb des lieux, 8 ha au total consacr\u00e9s \u00e0 un centre de loisirs a\u00e9r\u00e9, est verrouill\u00e9 par une d\u00e9lib\u00e9ration de 2008. A ses yeux, elle est pi\u00e9tin\u00e9e par la d\u00e9cision. La Ville ne partage pas la m\u00eame analyse\u2026<\/p>\n<p><img loading=\"lazy\" decoding=\"async\" width=\"1024\" height=\"576\" src=\"https:\/\/www.europesays.com\/fr\/wp-content\/uploads\/2025\/10\/SCABB-ValleyCDF-R1-1024x576.jpg\" alt=\"\" class=\"wp-image-78412\"  \/>C\u00f4t\u00e9 ouest de l\u2019Arena, projection architecturale du futur SCABB Valley. \u00a9SCABB<\/p>\n<p>L\u2019annonce d\u2019une mont\u00e9e en puissance sportive du SCABB \u00e9tait attendue. Le second point \u2013 construire 20 000 m2 dans le voisinage imm\u00e9diat de l\u2019Arena \u2013 infiniment moins. Pas du tout m\u00eame\u00a0: en avril dernier, David Despinasse, de la famille lig\u00e9rienne d\u00e9tenant \u2013 entre autres \u2013 la cha\u00eene de boucherie, et qui avait rachet\u00e9 le Saint-Chamond Basket un an plus t\u00f4t pour le <a href=\"https:\/\/www.if-saint-etienne.fr\/sports\/basket-exit-le-scbvg-et-labls-bienvenue-au-scabb\" target=\"_blank\" rel=\"noreferrer noopener\">fusionner<\/a> (sections jeunes et associatives except\u00e9es) avec le club d\u2019Andr\u00e9zieux (ABLS) d\u00e9j\u00e0 en sa possession afin de former le \u00ab\u00a0SCABB\u00a0\u00bb, pr\u00e9sentait le projet 2025-30 \u00ab L\u2019Union sacr\u00e9e \u00bb. En amont d\u2019une c\u00e9r\u00e9monie festive, Fabrice Flotte, son directeur g\u00e9n\u00e9ral et Cyrille Chapot, son directeur sportif avaient rencontr\u00e9 la presse et brusquement sorti du <a href=\"https:\/\/www.if-saint-etienne.fr\/sports\/saint-chamond-la-scabb-valley-sort-du-panier\" target=\"_blank\" rel=\"noopener\">panier<\/a> ce vaste projet immobilier assur\u00e9 par la SCI de David Despinasse, pr\u00e9sent\u00e9 comme le futur socle financier \u00e0 ses ambitions sportives.<\/p>\n<p>Entre 15 et 20 M\u20ac d\u2019investissement alors annonc\u00e9s, 100 % priv\u00e9s donc, dans de futurs b\u00e2timents autour de la salle cr\u00e9\u00e9e par Saint-Etienne M\u00e9tropole et ses partenaires publics (R\u00e9gion, D\u00e9partement, Etat et Ville de Saint-Chamond) il y a 4 ans afin de donner un \u00e9crin haut de gamme \u00e0 l\u2019\u00e9quipe professionnelle couramiaude. Au programme du nouveau projet\u00a0: un h\u00f4tel \u00e0 l\u2019est de l\u2019Arena et, c\u00f4t\u00e9 ouest, un centre de formation dont ses h\u00e9bergements propres, mais aussi \u00ab\u00a0un p\u00f4le loisirs et commercial\u00a0\u00bb. Vis-\u00e0-vis des m\u00e9dias et du grand public, le SCABB avait donc bien cach\u00e9 son jeu. D\u2019autant plus que l\u2019affaire \u00e9tait d\u00e9j\u00e0 discut\u00e9e depuis des mois avec la Ville de Saint-Chamond, l\u2019Etat et m\u00eame Saint-Etienne M\u00e9tropole. Les terrains vis\u00e9s pour accueillir cet ensemble sont certes municipaux et donc \u00e0 racheter \u00e0 la premi\u00e8re\u00a0: 3 ha (ou au moins 2 ha, \u00e9l\u00e9ment variable d\u2019une discussion \u00e0 l\u2019autre) sur les 8 accueillant les activit\u00e9s et b\u00e2timent d\u2019un centre de loisirs sans h\u00e9bergement dit du \u00ab\u00a0Bujarret\u00a0\u00bb. Terrains\u2026 non constructibles.<\/p>\n<p>Quid de la \u00ab\u00a0vocation sociale\u00a0\u00bb pour 30 ans\u00a0?<\/p>\n<p>Mais le projet arrive dans un contexte o\u00f9 la M\u00e9tropole comme n\u2019importe quelle intercommunalit\u00e9 doit appliquer et faire appliquer \u00e0 ses communes membres un plan local d\u2019urbanisme intercommunal (<a href=\"https:\/\/www.if-saint-etienne.fr\/politique-societe\/saint-etienne-metropole-lurbanisation-a-lheure-de-la-nouvelle-donne\" target=\"_blank\" rel=\"noreferrer noopener\">Plui<\/a> et derri\u00e8re chaque Plu communal) adapt\u00e9 aux <a href=\"https:\/\/www.if-saint-etienne.fr\/breves\/sobriete-fonciere-la-revision-du-scot-sud-loire-a-ete-adoptee\" target=\"_blank\" rel=\"noreferrer noopener\">exigences<\/a> l\u00e9gislatives nouvelles et restrictives du z\u00e9ro artificialisation nette\u2026 Plui en cours d\u2019\u00e9laboration esp\u00e9r\u00e9 conclu en 2027 qui s\u2019imposera aux communes, devant en r\u00e9f\u00e9rer \u00e0 l\u2019intercommunalit\u00e9 pour modifier en cours de route leurs Plu. C\u2019est donc une partie \u00e0 quatre \u2013 club, Ville, Sem et Etat \u2013 qui se jouait pour le passage en constructibles de ces terrains. Jusqu\u2019\u00e0 la fin du printemps dernier. Un 5e acteur est en effet entr\u00e9 en jeu\u00a0\u00e0 cette \u00e9poque : le \u00ab\u00a0Collectif pour la Sauvegarde de la Vocation Sociale de l\u2019ensemble du Centre A\u00e9r\u00e9 de Bujarret\u00a0\u00bb. Pas une association, pas encore du moins, mais quelques personnes \u00ab\u00a0ayant exerc\u00e9 des responsabilit\u00e9s dans le Comit\u00e9 interentreprises ex Creusot Loire (CIE)\u00a0\u00bb.<\/p>\n<p><img loading=\"lazy\" decoding=\"async\" width=\"1024\" height=\"576\" src=\"https:\/\/www.europesays.com\/fr\/wp-content\/uploads\/2025\/10\/Capturdddde-1024x576.jpg\" alt=\"\" class=\"wp-image-80680\"  \/>Les b\u00e2timents du projet SCABB Valley, sont projet\u00e9s \u00e0 l\u2019ouest de la d\u00e9j\u00e0 existante Arena. A droite sur cette projection architecturale a\u00e9rienne transmise par le SCABB<\/p>\n<p>A l\u2019apog\u00e9e industrielle de Saint-Chamond, ce CIE en question \u00e9tait costaud, couvrant donc plusieurs entreprises majeures avec un centre social li\u00e9 et d\u2019ampleur du c\u00f4t\u00e9 du Bujarret comptant ses salari\u00e9s propres. Le d\u00e9clin puis la disparition plus au moins totale de ces entreprises ont abouti \u00e0 la reprise des derniers employ\u00e9s et des lieux par la Ville de Saint-Chamond pour un euro symbolique en juillet 2008 (\u00ab\u00a0valeur du centre a\u00e9r\u00e9 \u00e0 l\u2019\u00e9poque : 550 000 \u20ac\u00a0\u00bb, selon le collectif). En \u00ab\u00a0\u00e9change\u00a0\u00bb, \u00ab\u00a0la municipalit\u00e9 de Saint-Chamond s\u2019engageait \u00e0 pr\u00e9server la vocation sociale de ce patrimoine pour une dur\u00e9e minimale de 30 ans\u00a0\u00bb. Ce qu\u2019indique effectivement une d\u00e9lib\u00e9ration du conseil municipal couramiaud datant du 7 juillet 2008. C\u2019est ce que le collectif veut faire respecter, arguant aussi d\u2019une fr\u00e9quentation encore effective du centre (confi\u00e9 \u00e0 <a href=\"https:\/\/www.alfa3a.org\/missions-prestations\/accueil-de-loisirs-bujarret\" target=\"_blank\" rel=\"noreferrer noopener\">alpha3a<\/a>) par, en moyenne \u00ab\u00a080 enfants\u00a0\u00bb, durant les vacances scolaires. Venu manifester et tenter de prendre la parole au conseil municipal de Saint-Chamond cet \u00e9t\u00e9 \u2013 non sans quelques heurts \u2013 et \u00e0 nouveau mardi, le collectif \u00e9tait \u00e0 M\u00e9trotech hier pour interpeller les \u00e9lus m\u00e9tropolitains r\u00e9unis en <a href=\"https:\/\/www.saint-etienne-metropole.fr\/actualites\/vie-de-la-metropole\/institution\/prochain-conseil-metropolitain\" target=\"_blank\" rel=\"noreferrer noopener\">assembl\u00e9e<\/a>.<\/p>\n<p>Feu vert \u00e0\u2026 un long chemin administratif<\/p>\n<p>Il s\u2019agissait de distribuer un tact de sensibilisation et d\u2019argumentation que Saint-Etienne M\u00e9tropole (SEM) avait, dit-il refus\u00e9 d\u2019envoyer \u00e0 ses \u00e9lus. Au menu, entre autres, de la s\u00e9ance\u00a0effectivement\u00a0: une d\u00e9lib\u00e9ration consistant, pour r\u00e9sumer, \u00e0 donner le feu vert \u00e0 la Ville de Saint-Chamond via une \u00ab\u00a0proc\u00e9dure de\u00a0r\u00e9vision all\u00e9g\u00e9e\u2026\u00a0\u00bb permettant, nous pr\u00e9cise le maire Axel Dugua une modification du Plu communal sur ces 2 ou 3 hectares vis\u00e9s donc, sans avoir \u00e0 ensuite effectuer un vote municipal. De quoi, non pas ouvrir imm\u00e9diatement la voie aux pelleteuses, mais \u00e0 un long, tr\u00e8s long, processus administratif \u2013 enqu\u00eate publique, consultation, aspects environnementaux, \u00e9ventuelles contestations, etc. \u2013 co\u00fbtant 18 mois minimum perpendiculairement \u00e0 l\u2019accord m\u00eame du permis de construire. Les travaux en eux-m\u00eames devraient durer un an minimum. Si le SCABB, ou plut\u00f4t la SCI de David Despinasse et la majorit\u00e9 municipale \u2013 du moins celle actuelle\u00a0: il y a des \u00e9lections en mars prochain, et soulignons que la liste d\u2019union de la gauche n\u2019est pas favorable \u00e0 l\u2019id\u00e9e\u2026 \u2013 parviennent \u00e0 faire sortir de terre le projet, ce ne sera sans doute pas avant 3 ans.<\/p>\n<blockquote>\n<p>La partie que nous souhaitons faire passer de zone \u00ab\u00a0N\u00a0\u00bb (naturelle et foresti\u00e8re) \u00e0 constructible, est occup\u00e9e par des tennis et un terrain de football qui ne sont plus utilis\u00e9s. C\u2019est donc d\u00e9j\u00e0 artificialis\u00e9\u00a0!<\/p>\n<p>Axel Dugua, maire de Saint-Chamond<\/p><\/blockquote>\n<p>Pour le camp du favorable, il n\u2019y a pas \u00e0 tergiverser\u00a0: l\u2019attractivit\u00e9 de Saint-Chamond, les emplois cr\u00e9\u00e9s, les revenus g\u00e9n\u00e9r\u00e9s promis alors \u00e0 rien d\u2019autres que le seul d\u00e9veloppement du SCABB, l\u2019implantation d\u2019un h\u00f4tel (\u00e9l\u00e9ment hors des fameux 8 ha) manquant de ce c\u00f4t\u00e9-l\u00e0 \u00e0 la ville tout comme d\u2019une offre cons\u00e9quente de loisirs (qui reste d\u2019ailleurs \u00e0 d\u00e9finir), le tout port\u00e9 par des deniers priv\u00e9s\u2026\u00a0: tout va dans le bon sens, jusqu\u2019\u00e0 inclure cet aspect social puisque profitant \u00e0 la jeunesse. \u00ab\u00a0La partie que nous souhaitons faire passer de zone \u00ab\u00a0N\u00a0\u00bb (naturelle et foresti\u00e8re) \u00e0 constructible, ces 2 ha donc, est occup\u00e9e par des tennis et un terrain de football qui ne sont plus utilis\u00e9s. C\u2019est donc d\u00e9j\u00e0 artificialis\u00e9\u00a0!\u00a0Quant au 6 ha restant, ils passeront de zone UE (activit\u00e9s, Ndlr) \u00e0 \u00ab\u00a0naturel\u00a0\u00bb donc, garantissant une non construction \u00bb, remarque Axel Dugua, sollicit\u00e9 par If en amont de la s\u00e9ance de M\u00e9tropole. Gilles Thizy, vice-pr\u00e9sident de M\u00e9tropole \u00e0 la strat\u00e9gie fonci\u00e8re pr\u00e9cisera d\u2019ailleurs lors de cette derni\u00e8re que la Ville de Saint-Chamond, \u00e0 ce titre, avait commis une erreur de classement \u00e0 l\u2019\u00e9poque sur les hectares vis\u00e9s par le projet de nos jours. Celui-ci pr\u00e9sent\u00e9 en bureau m\u00e9tropolitain (maires, vice-pr\u00e9sidents et quelques autres conseillers st\u00e9phanois et saint-chamonais) il y a peu, ce dernier a d\u00e9j\u00e0 donn\u00e9 son accord \u00e0 l\u2019unanimit\u00e9.<\/p>\n<p>Pas d\u2019impact sur l\u2019objectif ZAIN de M\u00e9tropole<\/p>\n<p>Pr\u00e9cision importante\u00a0: les 3 ha \u2013 puisque la d\u00e9lib\u00e9ration m\u00e9tropolitaine d\u2019accord de proc\u00e9dure acc\u00e9l\u00e9r\u00e9e modificative parle de 3 et non 2 ha sur les 8 actuellement affect\u00e9s au centre a\u00e9r\u00e9 du Bujarret \u2013 pass\u00e9s donc hier au statut \u00ab\u00a0d\u2019artificialisables\u00a0\u00bb sont compens\u00e9s au m\u00e8tre carr\u00e9 pr\u00e8s par le passage de 3 ha saint-chamonais de terrains constructibles en terrains agricoles et donc d\u00e9sormais verrouill\u00e9s pour ce seul usage. Pas de quoi donc, si nous avons bien saisi, impacter l\u2019ardent sujet de la r\u00e9partition des peu d\u2019hectares constructibles restant \u00e0 repartir entre les communes de la m\u00e9tropole dans le cadre de l\u2019objectif z\u00e9ro artificialisation nette en 2050. Reste que d\u00e9bat sur la vocation sociale et les possibles recours sur le projet seront d\u00e9sormais l\u2019affaire de Saint-Chamond. Hier, quelle que soit leur couleur politique, quand ils en ont une, les maires ayant intervenu ont justifi\u00e9 leur non-opposition par principe de \u00ab\u00a0non-interventionnisme\u00a0\u00bb dans les affaires d\u2019ordre purement communal.<\/p>\n<p><img loading=\"lazy\" decoding=\"async\" width=\"714\" height=\"526\" src=\"https:\/\/www.europesays.com\/fr\/wp-content\/uploads\/2025\/10\/Cadddpture.jpg\" alt=\"\" class=\"wp-image-78419\" style=\"width:858px;height:auto\"  \/>Les diff\u00e9rentes occupations du futur b\u00e2timent. Projection transmise par le SCABB<\/p>\n<p>Celui de Saint-Jean-Bonnefonds, Marc Chavanne, s\u2019interrogeant cependant sur les crit\u00e8res permettant d\u2019obtenir ou non une modification acc\u00e9l\u00e9r\u00e9e des Plu, lui-m\u00eame \u00e9tant bloqu\u00e9 par le contexte du Plui, dans le flou plut\u00f4t, sur sa capacit\u00e9 \u00e0 dire \u00ab\u00a0oui\u00a0\u00bb \u00e0 un projet commercial plus modeste\u00a0\u2013 400 m2 \u2013 mais capital \u00e0 son \u00e9chelle\u2026 La d\u00e9lib\u00e9ration m\u00e9tropolitaine a en tout cas \u00e9t\u00e9 vot\u00e9e par l\u2019assembl\u00e9e, moins 24 abstentions. Le collectif, lui, n\u2019en d\u00e9mord pas et d\u00e9ploie ses arguments, estimant que la vocation sociale est pi\u00e9tin\u00e9e. \u00ab\u00a0On parle de projet en faveur de la jeunesse mais c\u2019est un centre de formation pour quelques possibles futurs joueurs donc un projet \u00e9litiste \u00e0 ce niveau. Des parcelles d\u00e9j\u00e0 artificialis\u00e9es\u00a0? Non, ils sont en friche\u00a0: ce n\u2019est pas un \u00ab\u00a0stade\u00a0\u00bb qu\u2019on transforme\u00a0\u00bb, tient \u00e0 nous pr\u00e9ciser un de ses membres. \u00ab\u00a0La municipalit\u00e9 ne peut pas vendre, m\u00eame partiellement, le centre a\u00e9r\u00e9 municipal pour une op\u00e9ration immobili\u00e8re qui n\u2019a en r\u00e9alit\u00e9 rien de sociale. D\u2019ailleurs, cela ne sera pas le club de basket SCABB qui construira les \u00e9quipements mais une soci\u00e9t\u00e9 immobili\u00e8re du groupe Despinasse, donc des int\u00e9r\u00eats priv\u00e9s\u00a0\u00bb, argue le tract distribu\u00e9 aux \u00e9lus m\u00e9tropolitains.<\/p>\n<p>Un recours juridique\u00a0? \u00ab\u00a0On n\u2019en est pas encore l\u00e0\u2026\u00a0\u00bb\u00a0<\/p>\n<p>Plus loin\u00a0: \u00ab\u00a0Le secteur de la Chabure (quartier r\u00e9sidentiel et agricole \u00e0 l\u2019entr\u00e9e ouest de Saint-Chamond, NDLR) est d\u00e9j\u00e0 bien urbanis\u00e9 et le Centre a\u00e9r\u00e9 reste (et doit rester) une zone verte au milieu des multiples maisons qui ont \u00ab\u00a0pouss\u00e9e\u00a0\u00bb. Classer le centre a\u00e9r\u00e9, m\u00eame partiellement en constructible, cr\u00e9erait un pr\u00e9c\u00e9dent o\u00f9 ne manqueraient pas de s\u2019engouffrer des propri\u00e9taires de terrains proches dont la modification du Plu a \u00e9t\u00e9 refus\u00e9 jusqu\u2019\u00e0 pr\u00e9sent. Aujourd\u2019hui, pour minimiser, il est dit que l\u2019extension immobili\u00e8re sur le centre a\u00e9r\u00e9 ne serait que de \u00ab\u00a0seulement\u00a0\u00bb 2 ha (ou plut\u00f4t 3 donc, Ndlr), mais cela serait la porte ouverte \u00e0 d\u2019autres op\u00e9rations et extensions immobili\u00e8res pouvant s\u2019accomplir sur la totalit\u00e9 de l\u2019espace couvert par le centre a\u00e9r\u00e9 municipal. Les enfants, les familles, les diverses associations de notre ville ont besoin de cet \u00e9quipement et leurs int\u00e9r\u00eats \u00e9l\u00e9mentaires et vitaux doivent primer sur les app\u00e9tits de promoteurs quels qu\u2019ils soient, m\u00eame quand ils veulent se donner le qualificatif de social.\u00a0Au lieu de r\u00e9duire les possibilit\u00e9s du Centre a\u00e9r\u00e9 municipal, au contraire, il faudrait le d\u00e9velopper, le redynamiser, donc garder toute sa surface actuelle. Il y a de la demande non satisfaite sur notre commune.\u00a0\u00bb<\/p>\n<p><img loading=\"lazy\" decoding=\"async\" width=\"1024\" height=\"576\" src=\"https:\/\/www.europesays.com\/fr\/wp-content\/uploads\/2025\/10\/moulin-1024x576.jpg\" alt=\"\" class=\"wp-image-80681\"  \/>Des membres du collectif hier, \u00e0 M\u00e9trotech, venus tenter de convaincre, sinon informer, les \u00e9lus m\u00e9tropolitains de leur position. \u00a9If Saint-Etienne \/XA<\/p>\n<p>Rencontr\u00e9 en amont du conseil, le coordonnateur du collectif, l\u2019inoxydable Andr\u00e9 Moulin, par ailleurs militant et r\u00e9guli\u00e8rement candidat de LO, ex adjoint du maire PS Philippe Kizirian de 2008 \u00e0 2014, ne croit pas \u00e0 la plus-value d\u2019attractivit\u00e9 pour Saint-Chamond et \u00e0 l\u2019apport r\u00e9el \u00e9conomique du projet\u00a0: \u00ab On pourrait remarquer que David Despinasse ferait mieux de payer plus d\u00e9cemment ses employ\u00e9s mais il a \u00e9videmment le droit de faire ce qu\u2019il veut de son fric. En revanche, la collectivit\u00e9, elle n\u2019a pas le droit de revenir sur ce caract\u00e8re social.\u00a0\u00bb \u00ab\u00a0Retour\u00a0\u00bb r\u00e9el ou non sur cet aspect, les avocats de la Ville ne partagent pas la m\u00eame analyse, nous indique Axel Dugua, en cas d\u2019attaque au Tribunal administratif. Le collectif y songe-t-il\u00a0? Ce n\u2019est bien s\u00fbr pas \u00e0 exclure mais \u00ab\u00a0on n\u2019en est pas encore l\u00e0\u2026\u00a0\u00bb Pr\u00e9cisons qu\u2019il n\u2019y a pas besoin d\u2019adopter un statut associatif pour cela.<\/p>\n<p>\u00ab\u00a0Laissons les \u00e9lus traiter les dossiers\u00a0\u00bb<\/p>\n<p>Nous avons, de notre c\u00f4t\u00e9, pos\u00e9 la question \u00e0 un avocat sp\u00e9cialis\u00e9 en droit public dont nous conservons l\u2019anonymat \u00e0 propos de la valeur opposable que pourrait repr\u00e9senter la fameuse d\u00e9lib\u00e9ration de 2008. \u00ab\u00a0Pour en arriver \u00e0 une analyse exhaustive, il manque encore l\u2019acte de vente \u00e0 la commune\u00a0; l\u2019\u00e9ventuel acte de vente \/ promesse de vente \/ compris vers la SCI de Monsieur Despinasse.\u00a0\u00bb Mais l\u00e0 aussi, nous n\u2019en sommes pas \u00e0 ce \u00ab\u00a0stade\u00a0\u00bb, pas m\u00eame \u00e0 celui de la promesse de vente. Toutefois, ajoute cet avocat, \u00ab\u00a0par ailleurs, il appara\u00eet \u00e0 mon sens \u00e9vident que, m\u00eame en pr\u00e9sence d\u2019une servitude opposable, cela ne poserait pas de difficult\u00e9 sur le plan de l\u2019urbanisme, tout permis \u00e9tant d\u00e9livr\u00e9 sous r\u00e9serve des droits des tiers. Ce ne serait donc pas sur le terrain de l\u2019urbanisme que les opposants pourraient aller avec cet argumentaire (\u00e0 condition bien s\u00fbr que le terrain passe constructible). Le recours envisageable serait une action devant le juge civil (Tribunal judiciaire de Saint Etienne) pour faire respecter la servitude tendant au maintien d\u2019une activit\u00e9 sociale sur le terrain.\u00a0\u00bb<\/p>\n<p>Et la pr\u00e9sidence du SCABB, qu\u2019a-t-elle \u00e0 dire de tout ce fatras, potentiellement futur panier de crabes ? Contact\u00e9, son service presse nous indique qu\u2019elle ne souhaite pas r\u00e9pondre \u00e0 notre sollicitation\u00a0: \u00ab\u00a0Laissons les \u00e9lus traiter les dossiers.\u00a0\u00bb C\u2019est fait. \u00a0<\/p>\n","protected":false},"excerpt":{"rendered":"Depuis la fin du printemps, un collectif militant a initi\u00e9 une opposition \u00e0 l\u2019ambitieux projet de d\u00e9veloppement immobilier&hellip;\n","protected":false},"author":2,"featured_media":436067,"comment_status":"","ping_status":"","sticky":false,"template":"","format":"standard","meta":{"footnotes":""},"categories":[9653],"tags":[1111,11,2430,20798,1465,56347,56348,56349,16350,56350,56351,1777,674,1011,27,1393,12,25,4001,56352,56353,20803],"class_list":{"0":"post-436066","1":"post","2":"type-post","3":"status-publish","4":"format-standard","5":"has-post-thumbnail","7":"category-saint-etienne","8":"tag-actu","9":"tag-actualites","10":"tag-auvergne-rhone-alpes","11":"tag-axel-dugua","12":"tag-basket","13":"tag-basket-loire","14":"tag-basket-prob-saint-chamond","15":"tag-basket-saint-chamond","16":"tag-constructif","17":"tag-david-despinasse","18":"tag-equipements-sportifs-loire","19":"tag-eu","20":"tag-europe","21":"tag-fr","22":"tag-france","23":"tag-loisirs","24":"tag-news","25":"tag-republique-francaise","26":"tag-saint-etienne","27":"tag-scabb","28":"tag-scabb-valley","29":"tag-ville-de-saint-chamond"},"share_on_mastodon":{"url":"https:\/\/pubeurope.com\/@fr\/115310042173765337","error":""},"_links":{"self":[{"href":"https:\/\/www.europesays.com\/fr\/wp-json\/wp\/v2\/posts\/436066","targetHints":{"allow":["GET"]}}],"collection":[{"href":"https:\/\/www.europesays.com\/fr\/wp-json\/wp\/v2\/posts"}],"about":[{"href":"https:\/\/www.europesays.com\/fr\/wp-json\/wp\/v2\/types\/post"}],"author":[{"embeddable":true,"href":"https:\/\/www.europesays.com\/fr\/wp-json\/wp\/v2\/users\/2"}],"replies":[{"embeddable":true,"href":"https:\/\/www.europesays.com\/fr\/wp-json\/wp\/v2\/comments?post=436066"}],"version-history":[{"count":0,"href":"https:\/\/www.europesays.com\/fr\/wp-json\/wp\/v2\/posts\/436066\/revisions"}],"wp:featuredmedia":[{"embeddable":true,"href":"https:\/\/www.europesays.com\/fr\/wp-json\/wp\/v2\/media\/436067"}],"wp:attachment":[{"href":"https:\/\/www.europesays.com\/fr\/wp-json\/wp\/v2\/media?parent=436066"}],"wp:term":[{"taxonomy":"category","embeddable":true,"href":"https:\/\/www.europesays.com\/fr\/wp-json\/wp\/v2\/categories?post=436066"},{"taxonomy":"post_tag","embeddable":true,"href":"https:\/\/www.europesays.com\/fr\/wp-json\/wp\/v2\/tags?post=436066"}],"curies":[{"name":"wp","href":"https:\/\/api.w.org\/{rel}","templated":true}]}}