{"id":436070,"date":"2025-10-03T11:40:25","date_gmt":"2025-10-03T11:40:25","guid":{"rendered":"https:\/\/www.europesays.com\/fr\/436070\/"},"modified":"2025-10-03T11:40:25","modified_gmt":"2025-10-03T11:40:25","slug":"suivez-le-deplacement-de-las-nancy-lorraine-a-guingamp-avec-nous","status":"publish","type":"post","link":"https:\/\/www.europesays.com\/fr\/436070\/","title":{"rendered":"suivez le d\u00e9placement de l&rsquo;AS Nancy-Lorraine \u00e0 Guingamp avec nous"},"content":{"rendered":"<p>Nouveau test de solidit\u00e9 pour l&rsquo;ASNL ce vendredi soir \u00a0: les Nanc\u00e9iens (8e) vont d\u00e9fier l&rsquo;En Avant Guingamp, une formation habitu\u00e9e de la Ligue 2, qui vise le haut du tableau et qui reste sur quatre succ\u00e8s en cinq matchs, dont un de prestige \u00e0 Saint-Etienne la semaine derni\u00e8re (2-3). Coup d&rsquo;envoi \u00e0 20 h \u00a0!<\/p>\n<p>&#13;<br \/>\n              L&rsquo;Est R\u00e9publicain  &#8211; &#13;<br \/>\n        &#13;<br \/>\n          Aujourd&rsquo;hui \u00e0 11:37&#13;<br \/>\n    &#13;<br \/>\n                  | mis \u00e0 jour aujourd&rsquo;hui \u00e0 12:13&#13;<br \/>\n              &#8211; Temps de lecture : &#13;<br \/>\n  &#13;<\/p>\n","protected":false},"excerpt":{"rendered":"Nouveau test de solidit\u00e9 pour l&rsquo;ASNL ce vendredi soir \u00a0: les Nanc\u00e9iens (8e) vont d\u00e9fier l&rsquo;En Avant Guingamp,&hellip;\n","protected":false},"author":2,"featured_media":436071,"comment_status":"","ping_status":"","sticky":false,"template":"","format":"standard","meta":{"footnotes":""},"categories":[9635],"tags":[1111,11,3703,3545,3602,1707,1704,1706,1705,10174,1777,674,1701,63,1011,27,775,1702,12,25,517,1700],"class_list":{"0":"post-436070","1":"post","2":"type-post","3":"status-publish","4":"format-standard","5":"has-post-thumbnail","7":"category-nancy","8":"tag-actu","9":"tag-actualites","10":"tag-asnl","11":"tag-direct-sport","12":"tag-edition-bar-le-duc","13":"tag-edition-luneville","14":"tag-edition-nancy-et-agglomeration","15":"tag-edition-pont-a-mousson","16":"tag-edition-toul","17":"tag-edition-verdun","18":"tag-eu","19":"tag-europe","20":"tag-fil-info-sport","21":"tag-football","22":"tag-fr","23":"tag-france","24":"tag-grand-est","25":"tag-nancy","26":"tag-news","27":"tag-republique-francaise","28":"tag-sport","29":"tag-sport-lorrain"},"share_on_mastodon":{"url":"https:\/\/pubeurope.com\/@fr\/115310049519151564","error":""},"_links":{"self":[{"href":"https:\/\/www.europesays.com\/fr\/wp-json\/wp\/v2\/posts\/436070","targetHints":{"allow":["GET"]}}],"collection":[{"href":"https:\/\/www.europesays.com\/fr\/wp-json\/wp\/v2\/posts"}],"about":[{"href":"https:\/\/www.europesays.com\/fr\/wp-json\/wp\/v2\/types\/post"}],"author":[{"embeddable":true,"href":"https:\/\/www.europesays.com\/fr\/wp-json\/wp\/v2\/users\/2"}],"replies":[{"embeddable":true,"href":"https:\/\/www.europesays.com\/fr\/wp-json\/wp\/v2\/comments?post=436070"}],"version-history":[{"count":0,"href":"https:\/\/www.europesays.com\/fr\/wp-json\/wp\/v2\/posts\/436070\/revisions"}],"wp:featuredmedia":[{"embeddable":true,"href":"https:\/\/www.europesays.com\/fr\/wp-json\/wp\/v2\/media\/436071"}],"wp:attachment":[{"href":"https:\/\/www.europesays.com\/fr\/wp-json\/wp\/v2\/media?parent=436070"}],"wp:term":[{"taxonomy":"category","embeddable":true,"href":"https:\/\/www.europesays.com\/fr\/wp-json\/wp\/v2\/categories?post=436070"},{"taxonomy":"post_tag","embeddable":true,"href":"https:\/\/www.europesays.com\/fr\/wp-json\/wp\/v2\/tags?post=436070"}],"curies":[{"name":"wp","href":"https:\/\/api.w.org\/{rel}","templated":true}]}}