{"id":436074,"date":"2025-10-03T11:43:09","date_gmt":"2025-10-03T11:43:09","guid":{"rendered":"https:\/\/www.europesays.com\/fr\/436074\/"},"modified":"2025-10-03T11:43:09","modified_gmt":"2025-10-03T11:43:09","slug":"un-pecheur-meurt-noye-un-autre-recherche-ils-seraient-de-palavas-les-flots","status":"publish","type":"post","link":"https:\/\/www.europesays.com\/fr\/436074\/","title":{"rendered":"un p\u00eacheur meurt noy\u00e9, un autre recherch\u00e9, ils seraient de Palavas-les-Flots"},"content":{"rendered":"<p>            Par<br \/>\n        <strong><br \/>\n            <a href=\"https:\/\/actu.fr\/auteur\/jm-aubert\" title=\"Consulter tous les articles de Jean-Marc Aubert\" target=\"_blank\" rel=\"noopener\">Jean-Marc Aubert<\/a><br \/>\n        <\/strong><\/p>\n<p>        Publi\u00e9 le<\/p>\n<p>            3 oct. 2025 \u00e0 13h23        <\/p>\n<p>Drame en mer : ce mercredi 1er octobre 2025, en fin de journ\u00e9e, le <strong>Centre r\u00e9gional op\u00e9rationnel de surveillance et de sauvetage de M\u00e9diterran\u00e9e<\/strong> -CrossMed- bas\u00e9 \u00e0 La Garde -Var- a \u00e9t\u00e9 alert\u00e9 par la capitaine de Port Camargue de la disparition de deux p\u00eacheurs plaisanciers, non rentr\u00e9s au port du <strong>Grau-du-Roi<\/strong>, dans le Gard. Imm\u00e9diatement, de nombreux moyens a\u00e9romaritimes ont \u00e9t\u00e9 engag\u00e9s pour rechercher les personnes disparues.<\/p>\n<p>    <a href=\"https:\/\/www.google.com\/maps\/embed?pb=!1m18!1m12!1m3!1d100027.05537455517!2d4.148735575852319!3d43.487765980833935!2m3!1f0!2f0!3f0!3m2!1i1024!2i768!4f13.1!3m3!1m2!1s0x12b696983a125421%3A0x30a1c1deefcf0d44!2sEspiguette%2C%2030240%20Le%20Grau-du-Roi!5e0!3m2!1sfr!2sfr!4v1759489247776!5m2!1sfr!2sfr\" title=\"Ouvrie le lien\" target=\"_blank\" rel=\"noopener\">Cliquez ici pour visualiser le contenu<\/a><\/p>\n<p class=\" wall-content\">L\u2019important dispositif a\u00e9romaritime d\u00e9ploy\u00e9 depuis mercredi soir, reconduit jeudi 2 et ce vendredi 3 octobre avec quatre moyens nautiques de la<strong>\u00a0Soci\u00e9t\u00e9 nationale des\u00a0sauveteurs en mer, SNSM,\u00a0<\/strong>un h\u00e9licopt\u00e8re et un avion de la Marine nationale, ainsi que deux h\u00e9licopt\u00e8res de la S\u00e9curit\u00e9 civile -Dragon 34 et Dragon 13- a permis de quadriller les nombreuses zones de recherches d\u00e9finies par le CrossMed sur un vaste secteur au large des plages de l\u2019Espiguette.<\/p>\n<p class=\" wall-content\">Les deux hommes \u00e2g\u00e9s de 34 et 38 ans avaient pr\u00e9vu de rentrer entre 16 et 18h.\u00a0Rapidement, le CrossMed a diffus\u00e9 des messages \u00e0 la VHF pour alerter les usagers du secteur et a engag\u00e9 un important dispositif de recherche et de sauvetage a\u00e9romaritime comprenant l\u2019h\u00e9licopt\u00e8re H160 Belligou de la Marine nationale bas\u00e9 \u00e0 Hy\u00e8res,\u00a0la vedette de premi\u00e8re classe SNS 141 Sainte Sarah deux et le semi-rigide SNS 7-014, l\u2019embarcation pr\u00e9sident Andr\u00e9 Canet de la station SNSM de Port Camargue,\u00a0le canot tout-temps SNS 003 Amiral Leenhardt de la station SNSM de S\u00e8te,\u00a0la vedette de 2\u00e8me classe SNS 214 Jacob Salom\u00e9 de la station SNSM des Saintes-Maries-de-la-Mer.\u00a0En parall\u00e8le, le CrossMed et le s\u00e9maphore de l\u2019Espiguette ont poursuivi l\u2019interrogation des navires \u00e0 proximit\u00e9 de la zone.<\/p>\n<p>Un corps rep\u00each\u00e9<\/p>\n<p class=\" wall-content\">Alors que les recherches se sont poursuivies toute la nuit, le dispositif a \u00e9t\u00e9 renforc\u00e9 un peu avant le lever du jour par un avion de surveillance maritime Falcon 50 de la Marine Nationale.\u00a0Ce matin ont \u00e9galement \u00e9t\u00e9 engag\u00e9s l\u2019h\u00e9licopt\u00e8re <strong>Dragon 34<\/strong> de la S\u00e9curit\u00e9 civile bas\u00e9 \u00e0 Montpellier et la vedette de 2\u00e8me classe SNS 223 patron Alfred Molle de la station SNSM de Palavas-les-Flots.<\/p>\n<p>Vid\u00e9os : en ce moment sur Actu<\/p>\n<p class=\" wall-content\">Jeudi vers 19h30, un corps sans vie pouvant correspondre \u00e0 l\u2019une des personnes disparues a \u00e9t\u00e9 localis\u00e9 flottant est d\u00e9rivant, puis rep\u00each\u00e9 \u00e0 l\u2019est du secteur de recherches.\u00a0<\/p>\n<p>Votre r\u00e9gion, votre actu !<\/p>\n<p>Recevez chaque jour les infos qui comptent pour vous.<\/p>\n<p>\t<a href=\"https:\/\/actu.fr\/newsletter\" class=\"ac-btn ac-btn--corner ac-btn--medium ac-btn--blue800\" target=\"_blank\" rel=\"noopener\">S&rsquo;incrire<\/a><\/p>\n<p class=\" wall-content\">Interrompues cette nuit, les recherches ont repris ce matin avec l\u2019appui d\u2019un h\u00e9licopt\u00e8re de la section a\u00e9rienne de la gendarmerie bas\u00e9 \u00e0 <strong>Montpellier<\/strong> et de la vedette SNSM de Port Camargue. En compl\u00e9ment, les messages de veille attentive continuent d\u2019\u00eatre diffus\u00e9s par le CrossMed vers les usagers de la mer.<\/p>\n<p>Autopsie et enqu\u00eate<\/p>\n<p class=\" wall-content\">Selon une source maritime, les deux p\u00eacheurs trentenaires aguerris, originaires de Saint-Jean-le-Serre dans le Gard, des p\u00e8res de famille, seraient domicili\u00e9s \u00e0 <strong>Palavas-les-Flots<\/strong>. Aucune information n\u2019est communiqu\u00e9e pour savoir si le bateau a \u00e9t\u00e9 retrouv\u00e9.<\/p>\n<p class=\" wall-content\">Une enqu\u00eate a \u00e9t\u00e9 ouverte par la parquet de N\u00eemes qui a notamment ordonn\u00e9 l\u2019autopsie du corps retrouv\u00e9 et confi\u00e9e \u00e0 la compagnie de <strong>gendarmerie de Vauvert,<\/strong> notamment pour \u00e9tablir les circonstances de ces noyades en mer.<\/p>\n<p class=\" wall-content\">Personnalisez votre actualit\u00e9 en ajoutant vos villes et m\u00e9dias en favori avec <a href=\"https:\/\/moncompte.actu.fr\" title=\"D\u00e9couvez Mon Actu\" rel=\"nofollow noopener\" data-trk=\"{&quot;cta&quot;:{&quot;action&quot;:&quot;https:\\\/\\\/moncompte.actu.fr&quot;,&quot;category&quot;:&quot;mon compte&quot;,&quot;from&quot;:&quot;article footer&quot;,&quot;name&quot;:&quot;Mon actu&quot;,&quot;type&quot;:&quot;cta&quot;}}\" target=\"_blank\">Mon Actu<\/a>.<\/p>\n","protected":false},"excerpt":{"rendered":"Par Jean-Marc Aubert Publi\u00e9 le 3 oct. 2025 \u00e0 13h23 Drame en mer : ce mercredi 1er octobre&hellip;\n","protected":false},"author":2,"featured_media":436075,"comment_status":"","ping_status":"","sticky":false,"template":"","format":"standard","meta":{"footnotes":""},"categories":[9599],"tags":[1111,11,1777,674,118,1011,27,3381,6127,2208,12,2680,4838,25],"class_list":{"0":"post-436074","1":"post","2":"type-post","3":"status-publish","4":"format-standard","5":"has-post-thumbnail","7":"category-montpellier","8":"tag-actu","9":"tag-actualites","10":"tag-eu","11":"tag-europe","12":"tag-faits-divers","13":"tag-fr","14":"tag-france","15":"tag-gendarmerie","16":"tag-mer","17":"tag-montpellier","18":"tag-news","19":"tag-occitanie","20":"tag-peche","21":"tag-republique-francaise"},"share_on_mastodon":{"url":"https:\/\/pubeurope.com\/@fr\/115310061446588484","error":""},"_links":{"self":[{"href":"https:\/\/www.europesays.com\/fr\/wp-json\/wp\/v2\/posts\/436074","targetHints":{"allow":["GET"]}}],"collection":[{"href":"https:\/\/www.europesays.com\/fr\/wp-json\/wp\/v2\/posts"}],"about":[{"href":"https:\/\/www.europesays.com\/fr\/wp-json\/wp\/v2\/types\/post"}],"author":[{"embeddable":true,"href":"https:\/\/www.europesays.com\/fr\/wp-json\/wp\/v2\/users\/2"}],"replies":[{"embeddable":true,"href":"https:\/\/www.europesays.com\/fr\/wp-json\/wp\/v2\/comments?post=436074"}],"version-history":[{"count":0,"href":"https:\/\/www.europesays.com\/fr\/wp-json\/wp\/v2\/posts\/436074\/revisions"}],"wp:featuredmedia":[{"embeddable":true,"href":"https:\/\/www.europesays.com\/fr\/wp-json\/wp\/v2\/media\/436075"}],"wp:attachment":[{"href":"https:\/\/www.europesays.com\/fr\/wp-json\/wp\/v2\/media?parent=436074"}],"wp:term":[{"taxonomy":"category","embeddable":true,"href":"https:\/\/www.europesays.com\/fr\/wp-json\/wp\/v2\/categories?post=436074"},{"taxonomy":"post_tag","embeddable":true,"href":"https:\/\/www.europesays.com\/fr\/wp-json\/wp\/v2\/tags?post=436074"}],"curies":[{"name":"wp","href":"https:\/\/api.w.org\/{rel}","templated":true}]}}