{"id":43608,"date":"2025-04-22T09:25:11","date_gmt":"2025-04-22T09:25:11","guid":{"rendered":"https:\/\/www.europesays.com\/fr\/43608\/"},"modified":"2025-04-22T09:25:11","modified_gmt":"2025-04-22T09:25:11","slug":"lyon-8e-une-centaine-de-foyers-experimente-la-caisse-de-lalimentation","status":"publish","type":"post","link":"https:\/\/www.europesays.com\/fr\/43608\/","title":{"rendered":"Lyon 8e. Une centaine de foyers exp\u00e9rimente la caisse de l&rsquo;alimentation"},"content":{"rendered":"<p><img loading=\"lazy\" decoding=\"async\" alt=\"\u00a9 Territoires \u00e0 vivres et Grand Lyon - Les porteurs, financeurs et partenaires de la caisse d'alimentation ont fait un point d\u2019\u00e9tape \u00e0 six mois de l'exp\u00e9rimentation en faveur d'une alimentation saine, choisie et de qualit\u00e9.\" data-zoom-src=\"https:\/\/www.europesays.com\/fr\/wp-content\/uploads\/2025\/04\/initial-caisse-de-l-alimentation-credit-territoires-a-vivres-et-grand-lyon.jpg\" data-zoomable=\"\" height=\"702\" src=\"https:\/\/www.europesays.com\/fr\/wp-content\/uploads\/2025\/04\/initial-caisse-de-l-alimentation-credit-territoires-a-vivres-et-grand-lyon.jpg\" width=\"1248\"\/>  <\/p>\n<p class=\"article-desc\">\u00a9 Territoires \u00e0 vivres et Grand Lyon &#8211; Les porteurs, financeurs et partenaires de la caisse d&rsquo;alimentation ont fait un point d\u2019\u00e9tape \u00e0 six mois de l&rsquo;exp\u00e9rimentation en faveur d&rsquo;une alimentation saine, choisie et de qualit\u00e9. <\/p>\n<p>En septembre 2024, l&rsquo;association <strong>Territoires \u00e0 vivres Grand Lyon<\/strong>, en co-construction avec le comit\u00e9 d&rsquo;habitants Calim 8, lan\u00e7ait dans le<strong> 8e arrondissement de Lyon<\/strong> une <strong>caisse de l&rsquo;alimentation<\/strong> afin de lutter contre l&rsquo;in\u00e9galit\u00e9 d&rsquo;acc\u00e8s \u00e0 une alimentation de qualit\u00e9. <\/p>\n<p>Inspir\u00e9e de l&rsquo;id\u00e9e d&rsquo;une s\u00e9curit\u00e9 sociale de l&rsquo;alimentation, cette caisse permet \u00e0 ses membres, en contrepartie d&rsquo;une cotisation, autod\u00e9termin\u00e9e selon leur revenu mais d&rsquo;au moins un euro par personne et par mois, de recevoir sous forme d&rsquo;un<strong> cr\u00e9dit num\u00e9rique un versement mensuel de base de 150 euros<\/strong> \u00e0 d\u00e9penser aupr\u00e8s de commer\u00e7ants et producteurs locaux conventionn\u00e9s. <\/p>\n<p>Caisse de l&rsquo;alimentation \u00e0 Lyon : des enjeux de sant\u00e9 et d&rsquo;inclusion <\/p>\n<p>Aujourd&rsquo;hui, <strong>110 foyers<\/strong>, repr\u00e9sentant environ <strong>270 personnes<\/strong>, exp\u00e9rimentent le fonctionnement et constatent d\u00e9j\u00e0 des <strong>effets positifs sur leurs pratiques alimentaires <\/strong>et leur <strong>sant\u00e9<\/strong>. \u00ab\u00a0Faire partie de cette exp\u00e9rience, \u00e7a m&rsquo;a vraiment permis de faire autrement et \u00e7a m&rsquo;a redonn\u00e9 envie de cuisiner. Avant, je n&rsquo;achetais jamais bio, je me disais que c&rsquo;\u00e9tait trop cher et que c&rsquo;\u00e9tait pas pour moi alors que je savais que c&rsquo;\u00e9tait meilleur pour ma sant\u00e9\u00a0\u00bb, t\u00e9moigne Isabelle.<\/p>\n<p>A sa cr\u00e9ation, cette caisse a \u00e9t\u00e9 accompagn\u00e9e par l&rsquo;Etat via le fonds \u00ab\u00a0Mieux manger pour tous\u00a0\u00bb, \u00e0 hauteur de 180 000 euros, et par la M\u00e9tropole de Lyon \u00e0 hauteur de 300 000 euros. <\/p>\n<p>\u00ab\u00a0La caisse alimentaire r\u00e9pond \u00e0 des enjeux qui vont au-del\u00e0 du mieux manger. Elle participe \u00e0 l&rsquo;am\u00e9lioration de la sant\u00e9 des b\u00e9n\u00e9ficiaires, gr\u00e2ce \u00e0 la plus-value du mieux manger \u00e0 travers une alimentation compos\u00e9e de produits frais et de qualit\u00e9 r\u00e9duisant les facteurs de risque \u00e0 certaines maladies. Elle int\u00e8gre \u00e9galement une logique d&rsquo;inclusion \u00e0 travers les diff\u00e9rents lieux conventionn\u00e9s pour l&rsquo;achat de produits alimentaires, de participation et de pouvoir d&rsquo;agir des habitants dans leur choix \u00e0 une alimentation de qualit\u00e9 et dans les d\u00e9cisions au sein des instances de l&rsquo;association\u00a0\u00bb, commente Fabienne Buccio, pr\u00e9f\u00e8te de la r\u00e9gion Auvergne-Rh\u00f4ne-Alpes et du Rh\u00f4ne.<\/p>\n<p> Dix-huit commerces et producteurs conventionn\u00e9s dans la m\u00e9tropole lyonnaise <\/p>\n<p>Le projet donne acc\u00e8s \u00e0 une alimentation saine, locale, de qualit\u00e9 et choisie collectivement, mais soutient \u00e9galement le <strong>d\u00e9veloppement des circuits courts<\/strong>. <\/p>\n<p> \u00ab\u00a0Cette exp\u00e9rimentation doit permettre, de par ses enseignements, de contribuer \u00e0 faire \u00e9merger de nouveaux syst\u00e8mes alimentaires plus durables, plus justes et plus sains\u00a0\u00bb, estime Bruno Bernard, pr\u00e9sident de la M\u00e9tropole de Lyon. <\/p>\n<p><strong>Dix-huit commerces et producteurs<\/strong> sont \u00e0 ce jour conventionn\u00e9s et le comit\u00e9 habitant poursuit ses travaux pour \u00e9toffer progressivement ce r\u00e9seau. Pour permettre la poursuite de l&rsquo;exp\u00e9rimentation, de<strong> nouveaux financeurs<\/strong> ont rejoint le projet : la Ville de Lyon, le fonds de dotation La Poule rousse, le r\u00e9seau et fonds de dotation Biocoop, et la Banque des territoires. <\/p>\n<p>La caisse de l&rsquo;alimentation est ainsi dot\u00e9e d&rsquo;un <strong>budget de 755 000 euros<\/strong> sur trois ans jusqu&rsquo;en 2026.<\/p>\n","protected":false},"excerpt":{"rendered":"\u00a9 Territoires \u00e0 vivres et Grand Lyon &#8211; Les porteurs, financeurs et partenaires de la caisse d&rsquo;alimentation ont&hellip;\n","protected":false},"author":2,"featured_media":43609,"comment_status":"","ping_status":"","sticky":false,"template":"","format":"standard","meta":{"footnotes":""},"categories":[1889],"tags":[1111,11,258,2430,8961,1777,674,1011,27,2428,13099,12,25,3291],"class_list":{"0":"post-43608","1":"post","2":"type-post","3":"status-publish","4":"format-standard","5":"has-post-thumbnail","7":"category-lyon","8":"tag-actu","9":"tag-actualites","10":"tag-alimentation","11":"tag-auvergne-rhone-alpes","12":"tag-banque-des-territoires","13":"tag-eu","14":"tag-europe","15":"tag-fr","16":"tag-france","17":"tag-lyon","18":"tag-mu00e9tropole-de-lyon","19":"tag-news","20":"tag-republique-francaise","21":"tag-ville-de-lyon"},"share_on_mastodon":{"url":"https:\/\/pubeurope.com\/@fr\/114380899959929373","error":""},"_links":{"self":[{"href":"https:\/\/www.europesays.com\/fr\/wp-json\/wp\/v2\/posts\/43608","targetHints":{"allow":["GET"]}}],"collection":[{"href":"https:\/\/www.europesays.com\/fr\/wp-json\/wp\/v2\/posts"}],"about":[{"href":"https:\/\/www.europesays.com\/fr\/wp-json\/wp\/v2\/types\/post"}],"author":[{"embeddable":true,"href":"https:\/\/www.europesays.com\/fr\/wp-json\/wp\/v2\/users\/2"}],"replies":[{"embeddable":true,"href":"https:\/\/www.europesays.com\/fr\/wp-json\/wp\/v2\/comments?post=43608"}],"version-history":[{"count":0,"href":"https:\/\/www.europesays.com\/fr\/wp-json\/wp\/v2\/posts\/43608\/revisions"}],"wp:featuredmedia":[{"embeddable":true,"href":"https:\/\/www.europesays.com\/fr\/wp-json\/wp\/v2\/media\/43609"}],"wp:attachment":[{"href":"https:\/\/www.europesays.com\/fr\/wp-json\/wp\/v2\/media?parent=43608"}],"wp:term":[{"taxonomy":"category","embeddable":true,"href":"https:\/\/www.europesays.com\/fr\/wp-json\/wp\/v2\/categories?post=43608"},{"taxonomy":"post_tag","embeddable":true,"href":"https:\/\/www.europesays.com\/fr\/wp-json\/wp\/v2\/tags?post=43608"}],"curies":[{"name":"wp","href":"https:\/\/api.w.org\/{rel}","templated":true}]}}