{"id":436080,"date":"2025-10-03T11:46:33","date_gmt":"2025-10-03T11:46:33","guid":{"rendered":"https:\/\/www.europesays.com\/fr\/436080\/"},"modified":"2025-10-03T11:46:33","modified_gmt":"2025-10-03T11:46:33","slug":"pris-en-flagrant-delit-de-consommation-de-cannabis-un-conducteur-dambulance-laisse-le-volant-a-son-patient","status":"publish","type":"post","link":"https:\/\/www.europesays.com\/fr\/436080\/","title":{"rendered":"Pris en flagrant d\u00e9lit de consommation de cannabis, un conducteur d&rsquo;ambulance laisse le volant&#8230; \u00e0 son patient"},"content":{"rendered":"<p class=\"article__intro\">Les faits se sont d\u00e9roul\u00e9s ce jeudi 2 octobre au matin, boulevard d&rsquo;Orl\u00e9ans \u00e0 Rouen. Le conducteur d&rsquo;une ambulance a \u00e9t\u00e9 surpris par les forces de l&rsquo;ordre en pleine consommation de produits stup\u00e9fiants. C&rsquo;est le patient qu&rsquo;il s&rsquo;appr\u00eatait \u00e0 transporter qui a d\u00fb reprendre le volant.<\/p>\n<p>\n      La Quotidienne Soci\u00e9t\u00e9\n    <\/p>\n<p>\n      De la vie quotidienne aux grands enjeux, recevez tous les jours les sujets qui font la soci\u00e9t\u00e9 locale, comme la justice, l\u2019\u00e9ducation, la sant\u00e9 et la famille.\n    <\/p>\n<p>    France T\u00e9l\u00e9visions utilise votre adresse e-mail afin de vous envoyer la newsletter \u00ab\u00a0La Quotidienne Soci\u00e9t\u00e9\u00a0\u00bb. Vous pouvez vous d\u00e9sinscrire \u00e0 tout moment via le lien en bas de cette newsletter. <a target=\"_blank\" href=\"https:\/\/www.francetelevisions.fr\/groupe\/confidentialite\/politique-de-confidentialite\/politique-de-confidentialite-de-france-televisions-6503\" rel=\"nofollow noopener\">Notre politique de confidentialit\u00e9<\/a><\/p>\n<p>Ce jeudi 2 octobre au matin, sur le boulevard d&rsquo;Orl\u00e9ans, rive gauche, \u00e0 Rouen, une patrouille de policiers en service dans le secteur se retrouve face \u00e0 une ambulance stationn\u00e9e sur le boulevard indique une source polici\u00e8re.<\/p>\n<\/p>\n<p>Son conducteur, un homme dont l&rsquo;\u00e2ge n&rsquo;a pas \u00e9t\u00e9 communiqu\u00e9, attend visiblement un patient avant son transport vers un rendez-vous m\u00e9dical.\u00a0Mais les policiers s&rsquo;\u00e9tonnent surtout du joint que le conducteur est en train de fumer.<\/p>\n<p>Interpell\u00e9 et contr\u00f4l\u00e9 par la patrouille, l&rsquo;homme a du s&rsquo;acquitter d&rsquo;une amende forfaitaire d\u00e9lictuelle (AFD) pour consommation de stup\u00e9fiants (200 euros). La Police Nationale 76 pr\u00e9cise qu&rsquo;il s&rsquo;agissait d&rsquo;une ambulance priv\u00e9e.\u00a0<\/p>\n<p>Impossible cependant pour l&rsquo;ambulancier de reprendre la route sous l&#8217;emprise de la drogue. C&rsquo;est donc son passager, visiblement press\u00e9 d&rsquo;honorer son rendez-vous m\u00e9dical, qui a d\u00fb reprendre le volant pour finir le trajet&#8230; Comme quoi, on est jamais si bien servi que par soi-m\u00eame.<\/p>\n","protected":false},"excerpt":{"rendered":"Les faits se sont d\u00e9roul\u00e9s ce jeudi 2 octobre au matin, boulevard d&rsquo;Orl\u00e9ans \u00e0 Rouen. Le conducteur d&rsquo;une&hellip;\n","protected":false},"author":2,"featured_media":436081,"comment_status":"","ping_status":"","sticky":false,"template":"","format":"standard","meta":{"footnotes":""},"categories":[9587],"tags":[1111,11,1777,674,1011,27,12,5161,25,9590],"class_list":{"0":"post-436080","1":"post","2":"type-post","3":"status-publish","4":"format-standard","5":"has-post-thumbnail","7":"category-rouen","8":"tag-actu","9":"tag-actualites","10":"tag-eu","11":"tag-europe","12":"tag-fr","13":"tag-france","14":"tag-news","15":"tag-normandie","16":"tag-republique-francaise","17":"tag-rouen"},"share_on_mastodon":{"url":"https:\/\/pubeurope.com\/@fr\/115310073182180962","error":""},"_links":{"self":[{"href":"https:\/\/www.europesays.com\/fr\/wp-json\/wp\/v2\/posts\/436080","targetHints":{"allow":["GET"]}}],"collection":[{"href":"https:\/\/www.europesays.com\/fr\/wp-json\/wp\/v2\/posts"}],"about":[{"href":"https:\/\/www.europesays.com\/fr\/wp-json\/wp\/v2\/types\/post"}],"author":[{"embeddable":true,"href":"https:\/\/www.europesays.com\/fr\/wp-json\/wp\/v2\/users\/2"}],"replies":[{"embeddable":true,"href":"https:\/\/www.europesays.com\/fr\/wp-json\/wp\/v2\/comments?post=436080"}],"version-history":[{"count":0,"href":"https:\/\/www.europesays.com\/fr\/wp-json\/wp\/v2\/posts\/436080\/revisions"}],"wp:featuredmedia":[{"embeddable":true,"href":"https:\/\/www.europesays.com\/fr\/wp-json\/wp\/v2\/media\/436081"}],"wp:attachment":[{"href":"https:\/\/www.europesays.com\/fr\/wp-json\/wp\/v2\/media?parent=436080"}],"wp:term":[{"taxonomy":"category","embeddable":true,"href":"https:\/\/www.europesays.com\/fr\/wp-json\/wp\/v2\/categories?post=436080"},{"taxonomy":"post_tag","embeddable":true,"href":"https:\/\/www.europesays.com\/fr\/wp-json\/wp\/v2\/tags?post=436080"}],"curies":[{"name":"wp","href":"https:\/\/api.w.org\/{rel}","templated":true}]}}