{"id":436084,"date":"2025-10-03T11:48:13","date_gmt":"2025-10-03T11:48:13","guid":{"rendered":"https:\/\/www.europesays.com\/fr\/436084\/"},"modified":"2025-10-03T11:48:13","modified_gmt":"2025-10-03T11:48:13","slug":"sondage-elections-municipales-a-grenoble-intentions-de-vote-et-propositions-programmatiques","status":"publish","type":"post","link":"https:\/\/www.europesays.com\/fr\/436084\/","title":{"rendered":"Sondage \u00e9lections municipales \u00e0 Grenoble : intentions de vote et propositions programmatiques"},"content":{"rendered":"<p>A quelques mois des prochaines \u00e9lections municipales et alors que l\u2019actuel maire de Grenoble, Eric Piolle, a d\u00e9cid\u00e9 de ne pas se pr\u00e9senter cette fois-ci, <strong>notre sondage<\/strong> r\u00e9alis\u00e9 pour le compte de l\u2019Association A.D.E.S aupr\u00e8s d\u2019un \u00e9chantillon de <strong>618 Grenoblois et Grenobloises<\/strong> offre une photographie du <strong>climat politique et des rapports de force dans la ville<\/strong>.<\/p>\n<p>Candidate r\u00e9cemment d\u00e9sign\u00e9e par le parti des Ecologistes, <strong>Laurence Ruffin arrive en t\u00eate avec 45% d\u2019intentions de vote au premier tour en cas de liste d\u2019union de la gauche. Elle en obtient 31% en cas de division et de candidatures de La France Insoumise<\/strong> et de <strong>Place Publique<\/strong>, qui obtiennent respectivement <strong>12% et 9%<\/strong> d\u2019intentions de vote. <\/p>\n<p><strong>L\u2019ancien maire de Grenoble, Alain Carignon<\/strong>, qui conduira la liste soutenue par Les R\u00e9publicains, semble en bonne posture pour atteindre le second tour. <strong>Deuxi\u00e8me dans les deux hypoth\u00e8ses test\u00e9es<\/strong>, il obtient dans notre \u00e9tude <strong>24% d\u2019intentions de vote dans la premi\u00e8re configuration et 22% dans la seconde<\/strong>.<\/p>\n<p><strong>Certains projets<\/strong> sont particuli\u00e8rement <strong>pl\u00e9biscit\u00e9s <\/strong>par les citoyens grenoblois. Ainsi, <strong>81% se d\u00e9clarent favorables \u00e0 la mise en place de r\u00e9f\u00e9rendums sur des questions municipales, 69% \u00e0 la pi\u00e9tonnisation des rues devant toutes les \u00e9coles, et 66% \u00e0 l\u2019introduction de la gratuit\u00e9 des transports en commun pour les habitants de la m\u00e9tropole. <\/strong><\/p>\n<p><strong>L\u2019ensemble des r\u00e9sultats<\/strong> est disponible dans le document ci-dessous. <\/p>\n","protected":false},"excerpt":{"rendered":"A quelques mois des prochaines \u00e9lections municipales et alors que l\u2019actuel maire de Grenoble, Eric Piolle, a d\u00e9cid\u00e9&hellip;\n","protected":false},"author":2,"featured_media":436085,"comment_status":"","ping_status":"","sticky":false,"template":"","format":"standard","meta":{"footnotes":""},"categories":[9566],"tags":[1111,11,2430,56354,11035,1777,674,1011,27,2731,3554,12,316,25,53974,13947],"class_list":{"0":"post-436084","1":"post","2":"type-post","3":"status-publish","4":"format-standard","5":"has-post-thumbnail","7":"category-grenoble","8":"tag-actu","9":"tag-actualites","10":"tag-auvergne-rhone-alpes","11":"tag-carignon","12":"tag-election","13":"tag-eu","14":"tag-europe","15":"tag-fr","16":"tag-france","17":"tag-grenoble","18":"tag-municipales","19":"tag-news","20":"tag-politique","21":"tag-republique-francaise","22":"tag-ruffin","23":"tag-sondage"},"share_on_mastodon":{"url":"https:\/\/pubeurope.com\/@fr\/115310081042803187","error":""},"_links":{"self":[{"href":"https:\/\/www.europesays.com\/fr\/wp-json\/wp\/v2\/posts\/436084","targetHints":{"allow":["GET"]}}],"collection":[{"href":"https:\/\/www.europesays.com\/fr\/wp-json\/wp\/v2\/posts"}],"about":[{"href":"https:\/\/www.europesays.com\/fr\/wp-json\/wp\/v2\/types\/post"}],"author":[{"embeddable":true,"href":"https:\/\/www.europesays.com\/fr\/wp-json\/wp\/v2\/users\/2"}],"replies":[{"embeddable":true,"href":"https:\/\/www.europesays.com\/fr\/wp-json\/wp\/v2\/comments?post=436084"}],"version-history":[{"count":0,"href":"https:\/\/www.europesays.com\/fr\/wp-json\/wp\/v2\/posts\/436084\/revisions"}],"wp:featuredmedia":[{"embeddable":true,"href":"https:\/\/www.europesays.com\/fr\/wp-json\/wp\/v2\/media\/436085"}],"wp:attachment":[{"href":"https:\/\/www.europesays.com\/fr\/wp-json\/wp\/v2\/media?parent=436084"}],"wp:term":[{"taxonomy":"category","embeddable":true,"href":"https:\/\/www.europesays.com\/fr\/wp-json\/wp\/v2\/categories?post=436084"},{"taxonomy":"post_tag","embeddable":true,"href":"https:\/\/www.europesays.com\/fr\/wp-json\/wp\/v2\/tags?post=436084"}],"curies":[{"name":"wp","href":"https:\/\/api.w.org\/{rel}","templated":true}]}}