{"id":436088,"date":"2025-10-03T11:50:10","date_gmt":"2025-10-03T11:50:10","guid":{"rendered":"https:\/\/www.europesays.com\/fr\/436088\/"},"modified":"2025-10-03T11:50:10","modified_gmt":"2025-10-03T11:50:10","slug":"flottille-pour-gaza-interceptee-avec-la-deputee-marie-mesmeur-des-centaines-de-personnes-manifestent-a-rennes","status":"publish","type":"post","link":"https:\/\/www.europesays.com\/fr\/436088\/","title":{"rendered":"Flottille pour Gaza intercept\u00e9e avec la d\u00e9put\u00e9e Marie Mesmeur. Des centaines de personnes manifestent \u00e0 Rennes"},"content":{"rendered":"<p>            Par<br \/>\n        <strong><br \/>\n            <a href=\"https:\/\/actu.fr\/auteur\/brian-legoff\" title=\"Consulter tous les articles de Brian Le Goff\" rel=\"nofollow noopener\" target=\"_blank\">Brian Le Goff<\/a><br \/>\n        <\/strong><\/p>\n<p>        Publi\u00e9 le<\/p>\n<p>            3 oct. 2025 \u00e0 13h00        <\/p>\n<p><strong>\u00ab\u2009Une attaque ill\u00e9gale contre des humanitaires non arm\u00e9s.\u2009\u00bb<\/strong> C\u2019est en ces termes que la flottille Global Sumud (\u00abr\u00e9silience\u2009\u00bb en arabe) qualifie <a href=\"https:\/\/actu.fr\/monde\/la-flottille-pour-gaza-poursuit-sa-route-malgre-l-interception-de-plusieurs-bateaux-par-israel_63242632.html\" rel=\"nofollow noopener\" target=\"_blank\">l\u2019interception\u00a0par l\u2019arm\u00e9e isra\u00e9lienne<\/a><a href=\"https:\/\/actu.fr\/monde\/la-flottille-pour-gaza-poursuit-sa-route-malgre-l-interception-de-plusieurs-bateaux-par-israel_63242632.html\" rel=\"nofollow noopener\" target=\"_blank\"> de la quarantaine de bateaux en direction de Gaza<\/a> dans les eaux internationales de la M\u00e9diterran\u00e9e<strong> entre mercredi 1\u1d49\u02b3 et jeudi 2\u00a0octobre 2025<\/strong>. La <a href=\"https:\/\/actu.fr\/bretagne\/rennes_35238\/je-pars-pour-gaza-la-deputee-lfi-marie-mesmeur-va-rejoindre-une-flottille-humanitaire-des-jeudi_63100306.html\" rel=\"nofollow noopener\" target=\"_blank\">d\u00e9put\u00e9e rennaise Marie Mesmeur fait partie de ceux<\/a> qui ont \u00e9t\u00e9 arr\u00eat\u00e9s par les soldats d\u2019Isra\u00ebl.<\/p>\n<p>\u00ab\u2009La Palestine doit vivre\u2009\u00bb<\/p>\n<p class=\" wall-content\">Comme annonc\u00e9 depuis plusieurs jours, les <strong>citoyens et organisations rennaises<\/strong> qui soutiennent cette flottille et le peuple palestinien se sont donc <strong>rassembl\u00e9s, jeudi 2\u00a0octobre \u00e0 18h, place de la R\u00e9publique,<\/strong> \u00e0 <a href=\"https:\/\/actu.fr\/rennes\/\" rel=\"nofollow noopener\" target=\"_blank\">Rennes<\/a>, apr\u00e8s la <a href=\"https:\/\/actu.fr\/bretagne\/rennes_35238\/direct-greve-du-jeudi-2-octobre-a-rennes-blocages-circulation-manifestation-suivez-la-situation_63240941.html\" rel=\"nofollow noopener\" target=\"_blank\">manifestation intersyndicale de l\u2019apr\u00e8s-midi<\/a>.<\/p>\n<blockquote class=\"ac-article-quote wall-content\">\n<p>Ensemble, nous disons : le blocus doit tomber, la Palestine doit vivre et soutien total aux bateaux de la Global Sumud Flotilla.<\/p>\n<p>    <strong>Rennes Palestine<\/strong><br \/>\n        Compte Instagram    <\/p><\/blockquote>\n<p class=\" wall-content\"><strong>\u00ab\u2009Plusieurs centaines de personnes\u2009\u00bb<\/strong> y ont particip\u00e9, indique la pr\u00e9fecture d\u2019Ille-et-Vilaine. Un <strong>drapeau palestinien g\u00e9ant<\/strong> a \u00e9t\u00e9 <strong>d\u00e9ploy\u00e9<\/strong> sur la <strong>fa\u00e7ade du Palais du Commerce<\/strong>. Puis, un cort\u00e8ge a commenc\u00e9 \u00e0 d\u00e9filer dans les rues du centre-ville. \u00c0 19h, la pr\u00e9fecture notait d\u2019ailleurs qu\u2019il s\u2019agissait d\u2019une <strong>\u00ab\u2009d\u00e9ambulation calme\u2009\u00bb<\/strong>.<\/p>\n<p class=\" wall-content\"><a href=\"https:\/\/www.instagram.com\/p\/DPVqbPsjere\/embed\" title=\"Ouvrir le lien sur Instagram\" rel=\"nofollow noopener\" target=\"_blank\">Visualiser le contenu sur Instagram<\/a><\/p>\n<p>Douze interpellations en marge du rassemblement<\/p>\n<p class=\" wall-content\">Les manifestants se sont rendus dans le quartier du Colombier et ont notamment <strong>d\u00e9nonc\u00e9 la complaisance d\u2019enseignes internationales vis-\u00e0-vis d\u2019Isra\u00ebl, comme McDonald\u2019s<\/strong>.<\/p>\n<p class=\" wall-content\">La pr\u00e9fecture \u00e9voque aux alentours de 19h50 qu\u2019une <strong>\u00ab\u2009minorit\u00e9 d\u2019individus a commis des violences et des d\u00e9gradations\u2009\u00bb<\/strong> dans le quartier \u00ab\u2009en marge du rassemblement\u2009\u00bb et la \u00ab\u2009pr\u00e9sence de centaines de personnes \u00e0 R\u00e9publique.\u2009\u00bb L\u2019autorit\u00e9 d\u00e9nombrait deux interpellations \u00e0 ce moment-l\u00e0 de la soir\u00e9e.<\/p>\n<p class=\" wall-content\"><a href=\"https:\/\/www.instagram.com\/p\/DPVyDx7Dfes\/embed\" title=\"Ouvrir le lien sur Instagram\" rel=\"nofollow noopener\" target=\"_blank\">Visualiser le contenu sur Instagram<\/a><\/p>\n<p class=\" wall-content\">Une demi-heure plus tard, des interpellations \u00e9taient \u00ab\u2009en cours\u2009\u00bb. \u00c0 21h, la pr\u00e9fecture faisait un bilan de <strong>12 interpell\u00e9s<\/strong> en marge du rassemblement.<\/p>\n<p class=\" wall-content\">Personnalisez votre actualit\u00e9 en ajoutant vos villes et m\u00e9dias en favori avec <a href=\"https:\/\/moncompte.actu.fr\" title=\"D\u00e9couvez Mon Actu\" rel=\"nofollow noopener\" data-trk=\"{&quot;cta&quot;:{&quot;action&quot;:&quot;https:\\\/\\\/moncompte.actu.fr&quot;,&quot;category&quot;:&quot;mon compte&quot;,&quot;from&quot;:&quot;article footer&quot;,&quot;name&quot;:&quot;Mon actu&quot;,&quot;type&quot;:&quot;cta&quot;}}\" target=\"_blank\">Mon Actu<\/a>.<\/p>\n<p>                    <script async src=\"\/\/www.instagram.com\/embed.js\"><\/script><\/p>\n","protected":false},"excerpt":{"rendered":"Par Brian Le Goff Publi\u00e9 le 3 oct. 2025 \u00e0 13h00 \u00ab\u2009Une attaque ill\u00e9gale contre des humanitaires non&hellip;\n","protected":false},"author":2,"featured_media":436089,"comment_status":"","ping_status":"","sticky":false,"template":"","format":"standard","meta":{"footnotes":""},"categories":[2821],"tags":[1111,11,829,1777,674,1011,27,665,5643,12,584,25,104],"class_list":{"0":"post-436088","1":"post","2":"type-post","3":"status-publish","4":"format-standard","5":"has-post-thumbnail","7":"category-rennes","8":"tag-actu","9":"tag-actualites","10":"tag-bretagne","11":"tag-eu","12":"tag-europe","13":"tag-fr","14":"tag-france","15":"tag-gaza","16":"tag-guerre-israel-hamas","17":"tag-news","18":"tag-rennes","19":"tag-republique-francaise","20":"tag-societe"},"share_on_mastodon":{"url":"https:\/\/pubeurope.com\/@fr\/115310088987700869","error":""},"_links":{"self":[{"href":"https:\/\/www.europesays.com\/fr\/wp-json\/wp\/v2\/posts\/436088","targetHints":{"allow":["GET"]}}],"collection":[{"href":"https:\/\/www.europesays.com\/fr\/wp-json\/wp\/v2\/posts"}],"about":[{"href":"https:\/\/www.europesays.com\/fr\/wp-json\/wp\/v2\/types\/post"}],"author":[{"embeddable":true,"href":"https:\/\/www.europesays.com\/fr\/wp-json\/wp\/v2\/users\/2"}],"replies":[{"embeddable":true,"href":"https:\/\/www.europesays.com\/fr\/wp-json\/wp\/v2\/comments?post=436088"}],"version-history":[{"count":0,"href":"https:\/\/www.europesays.com\/fr\/wp-json\/wp\/v2\/posts\/436088\/revisions"}],"wp:featuredmedia":[{"embeddable":true,"href":"https:\/\/www.europesays.com\/fr\/wp-json\/wp\/v2\/media\/436089"}],"wp:attachment":[{"href":"https:\/\/www.europesays.com\/fr\/wp-json\/wp\/v2\/media?parent=436088"}],"wp:term":[{"taxonomy":"category","embeddable":true,"href":"https:\/\/www.europesays.com\/fr\/wp-json\/wp\/v2\/categories?post=436088"},{"taxonomy":"post_tag","embeddable":true,"href":"https:\/\/www.europesays.com\/fr\/wp-json\/wp\/v2\/tags?post=436088"}],"curies":[{"name":"wp","href":"https:\/\/api.w.org\/{rel}","templated":true}]}}