{"id":436090,"date":"2025-10-03T11:51:12","date_gmt":"2025-10-03T11:51:12","guid":{"rendered":"https:\/\/www.europesays.com\/fr\/436090\/"},"modified":"2025-10-03T11:51:12","modified_gmt":"2025-10-03T11:51:12","slug":"les-visions-dalexandre-aja-dans-une-amerique-dystopique","status":"publish","type":"post","link":"https:\/\/www.europesays.com\/fr\/436090\/","title":{"rendered":"les visions d\u2019Alexandre Aja dans une Am\u00e9rique \u00ab\u00a0dystopique\u00a0\u00bb"},"content":{"rendered":"<blockquote class=\"question\"><p>\u00c7a vous fait quoi d\u2019\u00eatre \u00e0 Strasbourg, au Feffs\u00a0? Enfin, vu le temps qu\u2019on vous attend\u2026<\/p><\/blockquote>\n<p>\u00ab\u00a0\u00c7a a toujours \u00e9t\u00e9 un rendez-vous manqu\u00e9\u2026 Mais quelque part, je suis content d\u2019avoir attendu autant parce que j\u2019ai droit \u00e0 la totale, une place dans le jury, un hommage, une r\u00e9trospective, une carte blanche. C\u2019est plut\u00f4t tr\u00e8s agr\u00e9able\u00a0! Et je d\u00e9couvre un festival multifacettes, avec <a href=\"https:\/\/www.dna.fr\/culture-loisirs\/2025\/09\/25\/les-rendez-vous-a-ne-pas-manquer-au-festival-du-film-fantastique\" target=\"_blank\" rel=\"nofollow noopener\">diff\u00e9rentes s\u00e9lections qui montrent vraiment la vari\u00e9t\u00e9 qu\u2019on peut trouver dans le cin\u00e9ma de genre<\/a>. C\u2019est rare d\u2019avoir une vraie s\u00e9lection d\u2019animation, une s\u00e9lection europ\u00e9enne, du crossover\u2026 Je trouve \u00e7a plut\u00f4t tr\u00e8s malin et tr\u00e8s int\u00e9ressant.\u00a0\u00bb<\/p>\n<blockquote class=\"question\"><p>La programmation vous inspire\u00a0?<\/p><\/blockquote>\n<p>\u00ab\u00a0Alors j\u2019ai pas le droit d\u2019en parler parce que je suis jury, mais je trouve qu\u2019il y a vraiment une s\u00e9lection tr\u00e8s int\u00e9ressante, avec des propositions vraiment singuli\u00e8res et tr\u00e8s diff\u00e9rentes. C\u2019est riche. Surtout, en g\u00e9n\u00e9ral j\u2019arrive dans ces festivals et j\u2019ai d\u00e9j\u00e0 vu quelques films. Et l\u00e0, il se trouve que je n\u2019ai rien vu. J\u2019ai ador\u00e9 le film <a href=\"https:\/\/www.dna.fr\/culture-loisirs\/2025\/09\/18\/festival-europeen-du-film-fantastique-un-realisateur-rare-et-un-acteur-a-oscar\" target=\"_blank\" rel=\"nofollow noopener\">d\u2019ouve&#8230;<\/a><\/p>\n","protected":false},"excerpt":{"rendered":"\u00c7a vous fait quoi d\u2019\u00eatre \u00e0 Strasbourg, au Feffs\u00a0? Enfin, vu le temps qu\u2019on vous attend\u2026 \u00ab\u00a0\u00c7a a&hellip;\n","protected":false},"author":2,"featured_media":436091,"comment_status":"","ping_status":"","sticky":false,"template":"","format":"standard","meta":{"footnotes":""},"categories":[2820],"tags":[1111,11,2389,2649,650,1687,2880,1777,674,107,1011,27,775,12,316,25,104,640,2879,2205],"class_list":{"0":"post-436090","1":"post","2":"type-post","3":"status-publish","4":"format-standard","5":"has-post-thumbnail","7":"category-strasbourg","8":"tag-actu","9":"tag-actualites","10":"tag-alsace","11":"tag-bas-rhin","12":"tag-cinema","13":"tag-culture-loisirs","14":"tag-edition-strasbourg","15":"tag-eu","16":"tag-europe","17":"tag-fil-info","18":"tag-fr","19":"tag-france","20":"tag-grand-est","21":"tag-news","22":"tag-politique","23":"tag-republique-francaise","24":"tag-societe","25":"tag-strasbourg","26":"tag-strasbourg-ville","27":"tag-television-medias"},"share_on_mastodon":{"url":"https:\/\/pubeurope.com\/@fr\/115310092925779480","error":""},"_links":{"self":[{"href":"https:\/\/www.europesays.com\/fr\/wp-json\/wp\/v2\/posts\/436090","targetHints":{"allow":["GET"]}}],"collection":[{"href":"https:\/\/www.europesays.com\/fr\/wp-json\/wp\/v2\/posts"}],"about":[{"href":"https:\/\/www.europesays.com\/fr\/wp-json\/wp\/v2\/types\/post"}],"author":[{"embeddable":true,"href":"https:\/\/www.europesays.com\/fr\/wp-json\/wp\/v2\/users\/2"}],"replies":[{"embeddable":true,"href":"https:\/\/www.europesays.com\/fr\/wp-json\/wp\/v2\/comments?post=436090"}],"version-history":[{"count":0,"href":"https:\/\/www.europesays.com\/fr\/wp-json\/wp\/v2\/posts\/436090\/revisions"}],"wp:featuredmedia":[{"embeddable":true,"href":"https:\/\/www.europesays.com\/fr\/wp-json\/wp\/v2\/media\/436091"}],"wp:attachment":[{"href":"https:\/\/www.europesays.com\/fr\/wp-json\/wp\/v2\/media?parent=436090"}],"wp:term":[{"taxonomy":"category","embeddable":true,"href":"https:\/\/www.europesays.com\/fr\/wp-json\/wp\/v2\/categories?post=436090"},{"taxonomy":"post_tag","embeddable":true,"href":"https:\/\/www.europesays.com\/fr\/wp-json\/wp\/v2\/tags?post=436090"}],"curies":[{"name":"wp","href":"https:\/\/api.w.org\/{rel}","templated":true}]}}