{"id":436094,"date":"2025-10-03T11:53:09","date_gmt":"2025-10-03T11:53:09","guid":{"rendered":"https:\/\/www.europesays.com\/fr\/436094\/"},"modified":"2025-10-03T11:53:09","modified_gmt":"2025-10-03T11:53:09","slug":"lfi-et-viva-lancent-une-liste-et-scellent-la-division-de-la-gauche","status":"publish","type":"post","link":"https:\/\/www.europesays.com\/fr\/436094\/","title":{"rendered":"LFI et ViVA! lancent une liste et scellent la division de la gauche"},"content":{"rendered":"<p>            Par<br \/>\n        <strong><br \/>\n            <a href=\"https:\/\/actu.fr\/auteur\/ugo-maillard\" title=\"Consulter tous les articles de Ugo Maillard\" rel=\"nofollow noopener\" target=\"_blank\">Ugo Maillard<\/a><br \/>\n        <\/strong><\/p>\n<p>        Publi\u00e9 le<\/p>\n<p>            3 oct. 2025 \u00e0 13h21<br \/>\n        ; mis \u00e0 jour le 3 oct. 2025 \u00e0 13h22    <\/p>\n<p><strong>INFO ACTU NICE<\/strong>. C\u2019\u00e9tait un secret de polichinelle. L\u2019antenne d\u00e9partementale de <a href=\"https:\/\/actu.fr\/tag\/la-france-insoumise-lfi\" rel=\"nofollow noopener\" target=\"_blank\">La France Insoumise<\/a> et le collectif citoyen ViVA\u2009! vont pr\u00e9senter une liste commune pour <strong><a href=\"https:\/\/actu.fr\/tag\/municipales-2026\" rel=\"nofollow noopener\" target=\"_blank\">les \u00e9lections municipales de 2026<\/a><\/strong> \u00e0 Nice (<a href=\"https:\/\/actu.fr\/provence-alpes-cote-d-azur\/alpes-maritimes_06\" rel=\"nofollow noopener\" target=\"_blank\">Alpes-Maritimes<\/a>). Selon les informations de la r\u00e9daction d\u2019<a href=\"https:\/\/actu.fr\/nice\/\" rel=\"nofollow noopener\" target=\"_blank\">actu Nice<\/a>, les deux mouvements politiques \u00e0 gauche sur l\u2019\u00e9chiquier politique pr\u00e9senteront une partie de leur liste et de leur programme<strong> \u00e0 la mi-octobre<\/strong>.<\/p>\n<p class=\" wall-content\">Sollicit\u00e9 par notre r\u00e9daction, Olivier Salerno confirme que les deux partis vont \u00ab\u2009lancer<strong> une dynamique commune\u2009<\/strong>\u00bb, sans commenter davantage. \u00ab\u2009Rendez-vous le 12\u00a0octobre pour avoir plus de d\u00e9tail\u2009\u00bb, ajoute le r\u00e9f\u00e9rent unitaire LFI des Alpes-Maritimes.<\/p>\n<p class=\" wall-content\">Cette nouvelle liste vient donc <strong>enterrer les derniers espoirs d\u2019une gauche unie<\/strong> pour se frayer un chemin et d\u00e9jouer les pronostics du duel annonc\u00e9 entre <a href=\"https:\/\/actu.fr\/tag\/christian-estrosi\" rel=\"nofollow noopener\" target=\"_blank\">Christian Estrosi<\/a> et \u00c9ric Ciotti.<\/p>\n<p>Une gauche divis\u00e9e<\/p>\n<p class=\" wall-content\">Alors qu\u2019une <a href=\"https:\/\/actu.fr\/provence-alpes-cote-d-azur\/nice_06088\/nice-le-candidat-de-la-gauche-pour-les-elections-municipales-2026-est-connu_63115316.html\" rel=\"nofollow noopener\" target=\"_blank\">alliance a \u00e9t\u00e9 scell\u00e9e<\/a> entre les \u00c9cologistes, le Parti Socialiste et le Parti Communiste, une autre liste de gauche sera donc propos\u00e9e aux \u00e9lecteurs ni\u00e7ois. Malgr\u00e9 les appels \u00e0 l\u2019union, de part et d\u2019autre, la<strong> gauche sera divis\u00e9e<\/strong>.<\/p>\n<p class=\" wall-content\">D\u00e8s l\u2019annonce de la liste port\u00e9e par Juliette Chesnel-Le Roux en septembre, <a href=\"https:\/\/actu.fr\/provence-alpes-cote-d-azur\/nice_06088\/municipales-2026-a-nice-lfi-et-viva-fustigent-l-union-la-gauche-se-fracture_63122948.html\" rel=\"nofollow noopener\" target=\"_blank\">LFI et ViVA\u2009! avaient d\u00e9nonc\u00e9<\/a> \u00ab\u2009une liste rabougrie bas\u00e9e sur des forces politiques qui ne repr\u00e9sentent pas un poids \u00e9lectoral suffisant\u2009\u00bb.<\/p>\n<p class=\" wall-content\">\u00c0 noter \u00e9galement, qu\u2019<a href=\"https:\/\/actu.fr\/provence-alpes-cote-d-azur\/nice_06088\/municipales-2026-de-nice-cette-conseillere-ecolo-lance-une-nouvelle-candidature-a-gauche_63188705.html\" rel=\"nofollow noopener\" target=\"_blank\">H\u00e9l\u00e8ne Granouillac<\/a>, \u00e9lue \u00e9cologiste \u00e0 la mairie de Nice, a \u00e9galement pr\u00e9sent\u00e9 une liste pour les municipales.<\/p>\n<p>D\u00e9j\u00e0 une r\u00e9action \u00e0 gauche<\/p>\n<p class=\" wall-content\">Dans un communiqu\u00e9 transmis \u00e0 actu Nice, l\u2019antenne locale du <a href=\"https:\/\/actu.fr\/tag\/parti-communiste-pcf\" rel=\"nofollow noopener\" target=\"_blank\">Parti communiste<\/a> a r\u00e9agi \u00e0 l\u2019annonce de la liste commune entre LFI et ViVA\u2009!<\/p>\n<p>Votre r\u00e9gion, votre actu !<\/p>\n<p>Recevez chaque jour les infos qui comptent pour vous.<\/p>\n<p>\t<a href=\"https:\/\/actu.fr\/newsletter\" class=\"ac-btn ac-btn--corner ac-btn--medium ac-btn--blue800\" rel=\"nofollow noopener\" target=\"_blank\">S&rsquo;incrire<\/a><\/p>\n<p class=\" wall-content\">\u00ab\u2009Le Parti Communiste <strong>regrette profond\u00e9ment<\/strong> cette entreprise de division, inspir\u00e9e davantage par des consignes nationales ou des logiques individuelles que par la volont\u00e9 sinc\u00e8re de d\u00e9fendre les int\u00e9r\u00eats des habitants de notre ville\u2009\u00bb, d\u00e9nonce Julien Picot, secr\u00e9taire d\u00e9partemental du parti et deuxi\u00e8me sur la liste de Juliette Chesnel-Le Roux.<\/p>\n<p class=\" wall-content\">Personnalisez votre actualit\u00e9 en ajoutant vos villes et m\u00e9dias en favori avec <a href=\"https:\/\/moncompte.actu.fr\" title=\"D\u00e9couvez Mon Actu\" rel=\"nofollow noopener\" data-trk=\"{&quot;cta&quot;:{&quot;action&quot;:&quot;https:\\\/\\\/moncompte.actu.fr&quot;,&quot;category&quot;:&quot;mon compte&quot;,&quot;from&quot;:&quot;article footer&quot;,&quot;name&quot;:&quot;Mon actu&quot;,&quot;type&quot;:&quot;cta&quot;}}\" target=\"_blank\">Mon Actu<\/a>.<\/p>\n","protected":false},"excerpt":{"rendered":"Par Ugo Maillard Publi\u00e9 le 3 oct. 2025 \u00e0 13h21 ; mis \u00e0 jour le 3 oct. 2025&hellip;\n","protected":false},"author":2,"featured_media":391783,"comment_status":"","ping_status":"","sticky":false,"template":"","format":"standard","meta":{"footnotes":""},"categories":[2819],"tags":[1111,11,1777,674,1011,27,1023,3434,12,2401,316,882,25],"class_list":{"0":"post-436094","1":"post","2":"type-post","3":"status-publish","4":"format-standard","5":"has-post-thumbnail","7":"category-nice","8":"tag-actu","9":"tag-actualites","10":"tag-eu","11":"tag-europe","12":"tag-fr","13":"tag-france","14":"tag-la-france-insoumise-lfi","15":"tag-municipales-2026","16":"tag-news","17":"tag-nice","18":"tag-politique","19":"tag-provence-alpes-cote-dazur","20":"tag-republique-francaise"},"share_on_mastodon":{"url":"https:\/\/pubeurope.com\/@fr\/115310100825449252","error":""},"_links":{"self":[{"href":"https:\/\/www.europesays.com\/fr\/wp-json\/wp\/v2\/posts\/436094","targetHints":{"allow":["GET"]}}],"collection":[{"href":"https:\/\/www.europesays.com\/fr\/wp-json\/wp\/v2\/posts"}],"about":[{"href":"https:\/\/www.europesays.com\/fr\/wp-json\/wp\/v2\/types\/post"}],"author":[{"embeddable":true,"href":"https:\/\/www.europesays.com\/fr\/wp-json\/wp\/v2\/users\/2"}],"replies":[{"embeddable":true,"href":"https:\/\/www.europesays.com\/fr\/wp-json\/wp\/v2\/comments?post=436094"}],"version-history":[{"count":0,"href":"https:\/\/www.europesays.com\/fr\/wp-json\/wp\/v2\/posts\/436094\/revisions"}],"wp:featuredmedia":[{"embeddable":true,"href":"https:\/\/www.europesays.com\/fr\/wp-json\/wp\/v2\/media\/391783"}],"wp:attachment":[{"href":"https:\/\/www.europesays.com\/fr\/wp-json\/wp\/v2\/media?parent=436094"}],"wp:term":[{"taxonomy":"category","embeddable":true,"href":"https:\/\/www.europesays.com\/fr\/wp-json\/wp\/v2\/categories?post=436094"},{"taxonomy":"post_tag","embeddable":true,"href":"https:\/\/www.europesays.com\/fr\/wp-json\/wp\/v2\/tags?post=436094"}],"curies":[{"name":"wp","href":"https:\/\/api.w.org\/{rel}","templated":true}]}}