{"id":436097,"date":"2025-10-03T11:57:46","date_gmt":"2025-10-03T11:57:46","guid":{"rendered":"https:\/\/www.europesays.com\/fr\/436097\/"},"modified":"2025-10-03T11:57:46","modified_gmt":"2025-10-03T11:57:46","slug":"ce-jardin-des-plantes-quon-connait-si-mal-thomas-rault-la-filme","status":"publish","type":"post","link":"https:\/\/www.europesays.com\/fr\/436097\/","title":{"rendered":"Ce jardin des plantes qu\u2019on conna\u00eet si mal, Thomas Rault l\u2019a film\u00e9"},"content":{"rendered":"<p>Il ne le savait pas avant de r\u00e9aliser son film, Thomas Rault le mesure aujourd\u2019hui, il ne connaissait pas bien <a href=\"https:\/\/nantes.maville.com\/actu\/actudet_-arbres-majestueux-sculptures...-un-musee-a-ciel-ouvert-au-jardin-des-plantes-a-nantes-_52716-6766592_actu.Htm\" target=\"_self\" rel=\"noopener\">le Jardin des plantes<\/a>, ce parc qui s\u2019offre \u00e0 nous quand on sort de la gare de Nantes, c\u00f4t\u00e9 nord. Ou plut\u00f4t si, il le connaissait, mais de fa\u00e7on lointaine, comme l\u2019on croit conna\u00eetre son voisin de palier ou sa rue de toujours, sans jamais avoir pris le temps de les d\u00e9couvrir vraiment. Mal, donc. Et avec quelques id\u00e9es pr\u00e9con\u00e7ues.<\/p>\n<p><strong>\u00ab\u00a0Ce jardin, j\u2019ai une relation intime avec lui, j\u2019y suis all\u00e9 lors de mes premiers flirts, manger un casse-cro\u00fbte \u00e0 la pause d\u00e9jeuner ou me ressourcer lors du confinement, mais je n\u2019ai plus du tout le m\u00eame regard aujourd\u2019hui.\u00a0\u00bb <\/strong>Depuis qu\u2019il a plant\u00e9 sa cam\u00e9ra dans le c\u0153ur du Jardin des plantes, le r\u00e9alisateur le d\u00e9couvre, et se l\u2019approprie autrement, de fa\u00e7on plus profonde peut-\u00eatre.<\/p>\n<p>\u00ab\u00a0Des anges gardiens\u00a0\u00bb<\/p>\n<p>Pendant un peu plus d\u2019un an, en 2024, il s\u2019est immerg\u00e9 dans le quotidien de ce jardin, avec ceux qu\u2019il appelle <strong>\u00ab\u00a0les travailleurs de l\u2019ombre\u00a0\u00bb.<\/strong> Des jardiniers, des \u00e9lagueurs, des botanistes. <strong>\u00ab\u00a0Des anges gardiens, qui ont une haute id\u00e9e de la notion de service public\u00a0\u00bb,<\/strong> r\u00e9sume-t-il. Des hommes et des femmes aux premi\u00e8res loges pour observer les effets du changement climatique sur la faune et la flore et qui accompagnent le jardin dans ce combat et cette adaptation. Qui mesure, compare, \u00e9value et dresse des inventaires.<\/p>\n<p>Ils le voient vivre. Souffrir aussi. R\u00e9sister aux ravages du temps et aux agressions du climat. Ils le voient aussi dans ses plus belles robes et teintes, au gr\u00e9 des saisons. Pendant un an, il les a suivis dans leur travail, par tous les temps. <strong>\u00ab\u00a0Je n\u2019avais pas conscience de la passion et de l\u2019expertise de ceux et celles qui sont chaque jour au jardin.\u00a0\u00bb<\/strong><\/p>\n<p>Sa cam\u00e9ra fouille la vie dans ce jardin qui fait la fiert\u00e9 \u2013 d\u2019autres aussi, comme le parc de Proc\u00e9, des Oblates, de la Chantrerie\u2026 \u2013 de Nantes. Il croise les habitu\u00e9s (plus de 2,5\u00a0millions de visiteurs par an) du jardin, <strong>\u00ab\u00a0qui le fr\u00e9quentent depuis des dizaines d\u2019ann\u00e9es et s\u2019aper\u00e7oivent qu\u2019ils ne le connaissent peut-\u00eatre pas si bien que \u00e7a\u00a0\u00bb.<\/strong><\/p>\n<p>Thomas Rault r\u00e9v\u00e8le un monde inconnu, cach\u00e9 ou discret, <strong>\u00ab\u00a0la lutte contre une foug\u00e8re invasive\u00a0\u00bb<\/strong> ou la recherche de plantes vivaces, <strong>\u00ab\u00a0moins gourmandes en eau\u00a0\u00bb.<\/strong>\u00a0Ou encore <a href=\"https:\/\/nantes.maville.com\/actu\/actudet_--70-especes-pour-la-ville-c-est-enorme-dans-les-jardins-de-nantes-ils-comptent-les-abeilles-_52716-6903387_actu.Htm\" target=\"_self\" rel=\"noopener\">un inventaire d\u2019abeilles sauvages.<\/a> En huit \u00e9pisodes, il donne surtout une furieuse envie d\u2019aller red\u00e9couvrir, \u00ab\u00a0en vrai\u00a0\u00bb, ce tr\u00e9sor v\u00e9g\u00e9tal.<\/p>\n<p>Le documentaire est diffus\u00e9 \u00e0 partir du <strong>dimanche 5\u00a0octobre<\/strong>, \u00e0 12\u00a0h\u00a055, sur France 3, durant huit semaines. Il est disponible en int\u00e9gralit\u00e9, depuis le 28\u00a0septembre, sur la plateforme France.tv.<\/p>\n<p>\u00a0<\/p>\n","protected":false},"excerpt":{"rendered":"Il ne le savait pas avant de r\u00e9aliser son film, Thomas Rault le mesure aujourd\u2019hui, il ne connaissait&hellip;\n","protected":false},"author":2,"featured_media":436098,"comment_status":"","ping_status":"","sticky":false,"template":"","format":"standard","meta":{"footnotes":""},"categories":[2818],"tags":[1111,11,39876,1777,674,12322,1011,27,3354,26830,766,12,2636,4896,9576,55424,25,6689,9134,9693],"class_list":{"0":"post-436097","1":"post","2":"type-post","3":"status-publish","4":"format-standard","5":"has-post-thumbnail","7":"category-nantes","8":"tag-actu","9":"tag-actualites","10":"tag-connait","11":"tag-eu","12":"tag-europe","13":"tag-filme","14":"tag-fr","15":"tag-france","16":"tag-jardin","17":"tag-mal","18":"tag-nantes","19":"tag-news","20":"tag-pays-de-la-loire","21":"tag-plantes","22":"tag-qu","23":"tag-rault","24":"tag-republique-francaise","25":"tag-roche","26":"tag-thomas","27":"tag-yon"},"share_on_mastodon":{"url":"https:\/\/pubeurope.com\/@fr\/115310116453111119","error":""},"_links":{"self":[{"href":"https:\/\/www.europesays.com\/fr\/wp-json\/wp\/v2\/posts\/436097","targetHints":{"allow":["GET"]}}],"collection":[{"href":"https:\/\/www.europesays.com\/fr\/wp-json\/wp\/v2\/posts"}],"about":[{"href":"https:\/\/www.europesays.com\/fr\/wp-json\/wp\/v2\/types\/post"}],"author":[{"embeddable":true,"href":"https:\/\/www.europesays.com\/fr\/wp-json\/wp\/v2\/users\/2"}],"replies":[{"embeddable":true,"href":"https:\/\/www.europesays.com\/fr\/wp-json\/wp\/v2\/comments?post=436097"}],"version-history":[{"count":0,"href":"https:\/\/www.europesays.com\/fr\/wp-json\/wp\/v2\/posts\/436097\/revisions"}],"wp:featuredmedia":[{"embeddable":true,"href":"https:\/\/www.europesays.com\/fr\/wp-json\/wp\/v2\/media\/436098"}],"wp:attachment":[{"href":"https:\/\/www.europesays.com\/fr\/wp-json\/wp\/v2\/media?parent=436097"}],"wp:term":[{"taxonomy":"category","embeddable":true,"href":"https:\/\/www.europesays.com\/fr\/wp-json\/wp\/v2\/categories?post=436097"},{"taxonomy":"post_tag","embeddable":true,"href":"https:\/\/www.europesays.com\/fr\/wp-json\/wp\/v2\/tags?post=436097"}],"curies":[{"name":"wp","href":"https:\/\/api.w.org\/{rel}","templated":true}]}}